{"id":147078,"date":"2025-11-10T20:32:08","date_gmt":"2025-11-10T20:32:08","guid":{"rendered":"https:\/\/www.europesays.com\/pt\/147078\/"},"modified":"2025-11-10T20:32:08","modified_gmt":"2025-11-10T20:32:08","slug":"conheca-os-vencedores-do-11o-concurso-fotografico","status":"publish","type":"post","link":"https:\/\/www.europesays.com\/pt\/147078\/","title":{"rendered":"Conhe\u00e7a os vencedores do 11\u00ba Concurso Fotogr\u00e1fico"},"content":{"rendered":"<p>Conhe\u00e7a os vencedores do 11\u00ba Concurso Fotogr\u00e1fico<\/p>\n<p>Don`t copy text!<\/p>\n<p>Usamos cookies para melhorar sua experi\u00eancia e personalizar conte\u00fado. Ao continuar, voc\u00ea concorda com nossa<br \/>\n<a href=\"https:\/\/pocosja.com.br\/politica-de-privacidade\/\" target=\"_blank\" rel=\"noopener noreferrer nofollow\">Pol\u00edtica de Privacidade<\/a>.<\/p>\n<p>Aceitar<br \/>\nFechar<\/p>\n","protected":false},"excerpt":{"rendered":"Conhe\u00e7a os vencedores do 11\u00ba Concurso Fotogr\u00e1fico Don`t copy text! Usamos cookies para melhorar sua experi\u00eancia e personalizar&hellip;\n","protected":false},"author":2,"featured_media":147079,"comment_status":"","ping_status":"","sticky":false,"template":"","format":"standard","meta":{"footnotes":""},"categories":[144],"tags":[207,205,206,203,201,202,13825,204,114,115,698,15242,209,32130,32,33],"class_list":{"0":"post-147078","1":"post","2":"type-post","3":"status-publish","4":"format-standard","5":"has-post-thumbnail","7":"category-arte-e-design","8":"tag-arte","9":"tag-arte-e-design","10":"tag-artedesign","11":"tag-arts","12":"tag-arts-and-design","13":"tag-artsanddesign","14":"tag-concurso","15":"tag-design","16":"tag-entertainment","17":"tag-entretenimento","18":"tag-exposicao","19":"tag-fotografias","20":"tag-museu","21":"tag-pocos-como-te-vejo","22":"tag-portugal","23":"tag-pt"},"share_on_mastodon":{"url":"https:\/\/pubeurope.com\/@pt\/115527309334575478","error":""},"_links":{"self":[{"href":"https:\/\/www.europesays.com\/pt\/wp-json\/wp\/v2\/posts\/147078","targetHints":{"allow":["GET"]}}],"collection":[{"href":"https:\/\/www.europesays.com\/pt\/wp-json\/wp\/v2\/posts"}],"about":[{"href":"https:\/\/www.europesays.com\/pt\/wp-json\/wp\/v2\/types\/post"}],"author":[{"embeddable":true,"href":"https:\/\/www.europesays.com\/pt\/wp-json\/wp\/v2\/users\/2"}],"replies":[{"embeddable":true,"href":"https:\/\/www.europesays.com\/pt\/wp-json\/wp\/v2\/comments?post=147078"}],"version-history":[{"count":0,"href":"https:\/\/www.europesays.com\/pt\/wp-json\/wp\/v2\/posts\/147078\/revisions"}],"wp:featuredmedia":[{"embeddable":true,"href":"https:\/\/www.europesays.com\/pt\/wp-json\/wp\/v2\/media\/147079"}],"wp:attachment":[{"href":"https:\/\/www.europesays.com\/pt\/wp-json\/wp\/v2\/media?parent=147078"}],"wp:term":[{"taxonomy":"category","embeddable":true,"href":"https:\/\/www.europesays.com\/pt\/wp-json\/wp\/v2\/categories?post=147078"},{"taxonomy":"post_tag","embeddable":true,"href":"https:\/\/www.europesays.com\/pt\/wp-json\/wp\/v2\/tags?post=147078"}],"curies":[{"name":"wp","href":"https:\/\/api.w.org\/{rel}","templated":true}]}}