{"id":147082,"date":"2025-11-10T20:35:15","date_gmt":"2025-11-10T20:35:15","guid":{"rendered":"https:\/\/www.europesays.com\/pt\/147082\/"},"modified":"2025-11-10T20:35:15","modified_gmt":"2025-11-10T20:35:15","slug":"quem-e-quem-no-saja-boys-grupo-de-guerreiras-do-k-pop","status":"publish","type":"post","link":"https:\/\/www.europesays.com\/pt\/147082\/","title":{"rendered":"Quem \u00e9 quem no Saja Boys, grupo de &#8216;Guerreiras do K-Pop&#8217;?"},"content":{"rendered":"<p>Em \u201cGuerreiras do K-Pop\u201d, recente anima\u00e7\u00e3o da <a href=\"https:\/\/www.netflix.com\/br\/\" target=\"_blank\" rel=\"noopener nofollow\">Netflix<\/a> em parceria com a Sony Animations, acompanhamos a hist\u00f3ria das HUNTR\/X, grupo de k-pop que, al\u00e9m de conquistar a na\u00e7\u00e3o por meio de sua arte, tamb\u00e9m s\u00e3o ca\u00e7adoras de dem\u00f4nios, que fortalecem o Honmoon (camada m\u00e1gica protetora que impede os seres do submundo invadirem o mundo dos humanos) por meio de suas m\u00fasicas.<\/p>\n<p>No entanto, a luta de Rumi, Mira e Zoey para selar a barreira e eliminar de vez a invas\u00e3o dos seres sobrenaturais se v\u00ea amea\u00e7ada com a chegada dos Saja Boys, boygroup de <a href=\"https:\/\/recreio.com.br\/tags\/k-pop\" target=\"_blank\" rel=\"noopener nofollow\">k-pop<\/a> formado por dem\u00f4nios que busca roubar seus f\u00e3s, para conseguir capturar suas almas e fortalecer Gwi-Ma, o l\u00edder do submundo.<\/p>\n<p>Para isso, o quinteto utiliza seu visual e m\u00fasica para seduzir os admiradores, enfraquecendo as HUNTR\/X e concluindo sua miss\u00e3o. Mas, voc\u00ea sabe quem s\u00e3o os integrantes do <a href=\"https:\/\/www.instagram.com\/kpopdemonhuntersnetflix\/\" target=\"_blank\" rel=\"noopener nofollow\">Saja Boys<\/a>? A RECREIO te apresenta!<\/p>\n<p> Jinu <\/p>\n<p>L\u00edder, vocalista e dan\u00e7arino, Jinu nasceu na \u00e9poca da Dinastia Joseon, tem mais de 400 anos e foi o respons\u00e1vel por criar os Saja Boys. Seu plano era de que, caso o quinteto conseguisse derrotar as HUNTR\/X, Gwi-Ma apagaria todas as suas mem\u00f3rias, fazendo com que ele esquecesse de que abandonou sua m\u00e3e e irm\u00e3 na pobreza ao se tornar um dem\u00f4nio em busca de dinheiro \u2014 atitude o qual se arrepende profundamente.<\/p>\n<p>\t <img loading=\"lazy\" decoding=\"async\" class=\"size-full wp-image-57550 img-fluid lazy\" alt=\"\" width=\"1280\" height=\"720\" src=\"https:\/\/www.europesays.com\/pt\/wp-content\/uploads\/2025\/11\/jinu-saja-boys-guerreiras-do-kpop-capa.jpg\"  \/>Jinu, l\u00edder dos Saja Boys \u2013 Reprodu\u00e7\u00e3o\/Netflix <\/p>\n<p>Na anima\u00e7\u00e3o, o personagem \u00e9 dublado pelo ator <a href=\"https:\/\/pt.wikipedia.org\/wiki\/Ahn_Hyo-seop\" target=\"_blank\" rel=\"noopener nofollow\"><strong>Ahn Hyo Seop<\/strong> <\/a>(Pretendente Surpresa), enquanto nas m\u00fasicas ele recebe a voz do cantor e compositor <strong>Andrew Choi<\/strong>. Al\u00e9m disso, seu visual teria sido inspirado em <strong>Nam Joo Hyuk<\/strong> (Vinte e Cinco, Vinte e Um) e em <strong>Cha Eunwoo<\/strong>, ator e integrante do boygroup de k-pop ASTRO.<\/p>\n<p> Mystery <\/p>\n<p>Com sua caracter\u00edstica franja roxa que cobre boa parte de seu rosto, Mystery \u00e9 o \u00fanico integrante que nunca teve seu rosto revelado. Al\u00e9m disso, durante o filme, ele \u00e9 apontado como o poss\u00edvel interesse amoroso de Zoey.<\/p>\n<p> <img loading=\"lazy\" decoding=\"async\" class=\"size-full wp-image-57542 img-fluid lazy\" alt=\"\" width=\"1280\" height=\"720\" src=\"https:\/\/www.europesays.com\/pt\/wp-content\/uploads\/2025\/11\/mystery-saja-boys-guerreiras-do-kpop-capa.jpg\"  \/>Mystery, integrante do Saja Boys \u2013 Reprodu\u00e7\u00e3o\/Netflix <\/p>\n<p>Contando com um visual inspirado em personagens de anime, segundo o portal Kprofiles, Mystery \u00e9 dublado por <strong>Alan Lee<\/strong>, al\u00e9m de ser o \u00fanico a receber voz nas m\u00fasicas por um idol de k-pop de verdade: <strong>Kevin Woo<\/strong>, ex-integrante do U-KISS, lend\u00e1rio grupo da segunda gera\u00e7\u00e3o.<\/p>\n<p> Abby <\/p>\n<p>Conhecido como o integrante mais musculoso, Abby \u00e9 o vocalista, dan\u00e7arino e rapper dos Saja Boys. Durante a anima\u00e7\u00e3o, o personagem chama a aten\u00e7\u00e3o das f\u00e3s (e de Mira e Zoey) exatamente devido ao seu f\u00edsico, principalmente ao seu tanquinho definido.<\/p>\n<p>\t <img loading=\"lazy\" decoding=\"async\" class=\"size-full wp-image-57345 img-fluid lazy\" alt=\"\" width=\"1280\" height=\"720\" src=\"https:\/\/www.europesays.com\/pt\/wp-content\/uploads\/2025\/11\/abby-saja-boys-guerreiras-do-kpop-capa.jpg\"  \/>Abby, do Saja Boys, em \u2018Guerreiras do K-Pop\u2019 (2025) \u2013 Reprodu\u00e7\u00e3o\/Netflix <\/p>\n<p>Segundo a diretora <strong>Maggie Kang<\/strong>, para cri\u00e1-lo, foi necess\u00e1rio aumentar sua massa corporal em 20% em rela\u00e7\u00e3o aos outros integrantes do grupo. Durante as falas, ele recebe a voz de <strong>Sungwon Cho<\/strong>, enquanto nas m\u00fasicas \u00e9 dublado por <strong>NECKWAV<\/strong>, famoso cantor sul-coreano de R&amp;B e Soul.<\/p>\n<p> Romance <\/p>\n<p>Romance, o integrante que mais possui intera\u00e7\u00f5es rom\u00e2nticas e carinhosas com os f\u00e3s, \u00e9 o vocalista e dan\u00e7arino dos Saja Boys. De acordo com o portal fastpaper, sua apar\u00eancia teria sido inspirada em <strong>Yeonjun<\/strong>, do TXT, durante as promo\u00e7\u00f5es da m\u00fasica \u201cBlue Hour\u201d.<\/p>\n<p> <img loading=\"lazy\" decoding=\"async\" class=\"size-full wp-image-57543 img-fluid lazy\" alt=\"\" width=\"1280\" height=\"720\" src=\"https:\/\/www.europesays.com\/pt\/wp-content\/uploads\/2025\/11\/romance-saja-boys-guerreiras-do-kpop-capa.jpg\"  \/>Romance, integrante do Saja Boys \u2013 Reprodu\u00e7\u00e3o\/Netflix <\/p>\n<p>No filme, o personagem recebe a voz do ator e comediante <strong>Joel Kim Booster<\/strong>, enquanto nas m\u00fasicas \u00e9 dublado por <strong>SamUIL Lee<\/strong>, astro que, anteriormente, era conhecido como Taebot.<\/p>\n<p>\t Baby <\/p>\n<p>Por fim, o maknae, rapper e dan\u00e7arino dos Saja Boys, Baby, carrega as cl\u00e1ssicas caracter\u00edsticas de um integrante mais novo dos grupos de k-pop: est\u00e1 sempre agindo de forma fofa, arrancando suspiros de todos.<\/p>\n<p> <img loading=\"lazy\" decoding=\"async\" class=\"size-full wp-image-57548 img-fluid lazy\" alt=\"\" width=\"1280\" height=\"720\" src=\"https:\/\/www.europesays.com\/pt\/wp-content\/uploads\/2025\/11\/baby-saja-boys-guerreiras-do-kpop-capa.jpg\"  \/>Baby, integrante do Saja Boys \u2013 Reprodu\u00e7\u00e3o\/Netflix <\/p>\n<p>Supostamente inspirado em <strong>Jimin<\/strong>, do BTS, at\u00e9 o momento, o personagem n\u00e3o teve o dublador de suas falas revelado. No entanto, nas m\u00fasicas, ele recebe a voz de <strong>Danny Chung<\/strong>, cantor e compositor da empresa THEBLACKLABEL, que j\u00e1 trabalhou para artistas como BLACKPINK e <strong>Jeon Somi<\/strong>.<\/p>\n<p>        <a href=\"https:\/\/recreio.com.br\/noticias\/author\/daniela-bazi\" rel=\"nofollow noopener\" target=\"_blank\">&#13;<br \/>\n          <img alt=\"Daniela Bazi\" src=\"https:\/\/www.europesays.com\/pt\/wp-content\/uploads\/2025\/11\/1762806915_413_701cc86240953f42e068ecf8a0bb18dadb05bc88d7e776f8edb20aaea33b4eea\"  class=\"avatar avatar-115 photo rounded-circle mr-3\" height=\"115\" width=\"115\" loading=\"lazy\" decoding=\"async\"\/>        <\/a><\/p>\n<p>Daniela Bazi \u00e9 jornalista graduada pela UNINOVE, e bruxa formada na Escola de Magia e Bruxaria de Hogwarts. Amante de anima\u00e7\u00f5es, filmes e s\u00e9ries, tamb\u00e9m \u00e9 f\u00e3 de divas pop, entusiasta da Disney e k-popper nas horas vagas.<\/p>\n<p>\t                                            <script async src=\"\/\/www.instagram.com\/embed.js\"><\/script><\/p>\n","protected":false},"excerpt":{"rendered":"Em \u201cGuerreiras do K-Pop\u201d, recente anima\u00e7\u00e3o da Netflix em parceria com a Sony Animations, acompanhamos a hist\u00f3ria das&hellip;\n","protected":false},"author":2,"featured_media":147083,"comment_status":"","ping_status":"","sticky":false,"template":"","format":"standard","meta":{"footnotes":""},"categories":[141],"tags":[1415,114,115,148,4550,149,150,716,32,33,23287],"class_list":{"0":"post-147082","1":"post","2":"type-post","3":"status-publish","4":"format-standard","5":"has-post-thumbnail","7":"category-musica","8":"tag-animacao","9":"tag-entertainment","10":"tag-entretenimento","11":"tag-filmes","12":"tag-guerreiras-do-k-pop","13":"tag-music","14":"tag-musica","15":"tag-netflix","16":"tag-portugal","17":"tag-pt","18":"tag-saja-boys"},"share_on_mastodon":{"url":"https:\/\/pubeurope.com\/@pt\/115527321433882373","error":""},"_links":{"self":[{"href":"https:\/\/www.europesays.com\/pt\/wp-json\/wp\/v2\/posts\/147082","targetHints":{"allow":["GET"]}}],"collection":[{"href":"https:\/\/www.europesays.com\/pt\/wp-json\/wp\/v2\/posts"}],"about":[{"href":"https:\/\/www.europesays.com\/pt\/wp-json\/wp\/v2\/types\/post"}],"author":[{"embeddable":true,"href":"https:\/\/www.europesays.com\/pt\/wp-json\/wp\/v2\/users\/2"}],"replies":[{"embeddable":true,"href":"https:\/\/www.europesays.com\/pt\/wp-json\/wp\/v2\/comments?post=147082"}],"version-history":[{"count":0,"href":"https:\/\/www.europesays.com\/pt\/wp-json\/wp\/v2\/posts\/147082\/revisions"}],"wp:featuredmedia":[{"embeddable":true,"href":"https:\/\/www.europesays.com\/pt\/wp-json\/wp\/v2\/media\/147083"}],"wp:attachment":[{"href":"https:\/\/www.europesays.com\/pt\/wp-json\/wp\/v2\/media?parent=147082"}],"wp:term":[{"taxonomy":"category","embeddable":true,"href":"https:\/\/www.europesays.com\/pt\/wp-json\/wp\/v2\/categories?post=147082"},{"taxonomy":"post_tag","embeddable":true,"href":"https:\/\/www.europesays.com\/pt\/wp-json\/wp\/v2\/tags?post=147082"}],"curies":[{"name":"wp","href":"https:\/\/api.w.org\/{rel}","templated":true}]}}