{"id":147088,"date":"2025-11-10T20:38:13","date_gmt":"2025-11-10T20:38:13","guid":{"rendered":"https:\/\/www.europesays.com\/pt\/147088\/"},"modified":"2025-11-10T20:38:13","modified_gmt":"2025-11-10T20:38:13","slug":"especialistas-do-hsm-informam-sobre-sintomas-e-tratamento-do-transtorno-de-estresse-pos-traumatico","status":"publish","type":"post","link":"https:\/\/www.europesays.com\/pt\/147088\/","title":{"rendered":"Especialistas do HSM informam sobre sintomas e tratamento do transtorno de estresse p\u00f3s-traum\u00e1tico"},"content":{"rendered":"<p>&#13;<br \/>\n        &#13;<br \/>\n            &#13;<br \/>\n&#13;<br \/>\n            &#13;<br \/>\n&#13;<br \/>\n            &#13;<br \/>\n                <a href=\"\">10 de novembro de 2025 &#8211; 16:44<\/a>&#13;<br \/>\n                                      #<a href=\"https:\/\/www.ceara.gov.br\/tag\/especialistas\/\" rel=\"tag nofollow noopener\" target=\"_blank\">especialistas<\/a> #<a href=\"https:\/\/www.ceara.gov.br\/tag\/hsm\/\" rel=\"tag nofollow noopener\" target=\"_blank\">HSM<\/a> #<a href=\"https:\/\/www.ceara.gov.br\/tag\/sintomas\/\" rel=\"tag nofollow noopener\" target=\"_blank\">Sintomas<\/a> #<a href=\"https:\/\/www.ceara.gov.br\/tag\/tept\/\" rel=\"tag nofollow noopener\" target=\"_blank\">TEPT<\/a> #<a href=\"https:\/\/www.ceara.gov.br\/tag\/tratamento\/\" rel=\"tag nofollow noopener\" target=\"_blank\">tratamento<\/a> &#13;<br \/>\n                            &#13;<br \/>\n&#13;<\/p>\n<p>Milena Fernandes &#8211; Ascom HM &#8211; Texto e Foto<\/p>\n<p>                &#13;<br \/>\n            &#13;<\/p>\n<p><img fetchpriority=\"high\" decoding=\"async\" class=\" wp-image-301515 aligncenter\" src=\"https:\/\/www.europesays.com\/pt\/wp-content\/uploads\/2025\/11\/CAROL-PSICO-TEPT-1200x774-1.jpg\" alt=\"\" width=\"1307\" height=\"843\"  \/><\/p>\n<p style=\"text-align: center\">Equipe multiprofissional do HSM oferece acolhimento, escuta qualificada e tratamento especializado a pessoas com Transtorno de Estresse P\u00f3s-Traum\u00e1tico<\/p>\n<p>\u201cSempre fui apaixonado pelo meu trabalho como operador de guindastes. Mas um acidente mudou tudo. Quando comecei a me recuperar, fui demitido e me senti culpado, sem ch\u00e3o. Perdi o sono, o apetite, a vontade de conversar, de sair, at\u00e9 de viver\u201d, conta o paciente E.C, de 54 anos, que pediu para n\u00e3o ser identificado.<\/p>\n<p>Diagnosticado com transtorno de estresse p\u00f3s-traum\u00e1tico (TEPT), ele conta, com emo\u00e7\u00e3o, que foi no Hospital de Sa\u00fade Mental Professor Frota Pinto (HSM) que encontrou acolhimento e come\u00e7ou a se reconstruir. \u201cCom o apoio de toda a equipe especializada, formada por m\u00e9dicos psiquiatras, psic\u00f3logos e enfermeiros, fui melhorando aos poucos. Hoje, posso dizer que a depress\u00e3o ficou para tr\u00e1s. Aprendi que a vida \u00e9 o maior presente de Deus e que a fam\u00edlia \u00e9 o nosso maior tesouro. A depress\u00e3o \u00e9 algo que eu n\u00e3o desejo para ningu\u00e9m. Ningu\u00e9m \u00e9 forte o bastante para enfrentar isso sozinho. Hoje sou uma pessoa mais leve, com vontade de viver e cheio de gratid\u00e3o por reencontrar a alegria de viver\u201d, declara.<\/p>\n<p>O transtorno \u00e9 uma condi\u00e7\u00e3o psicol\u00f3gica que pode surgir ap\u00f3s a viv\u00eancia de situa\u00e7\u00f5es extremas, como acidentes, viol\u00eancias, perdas, desastres naturais ou outros eventos que causem intenso medo ou impot\u00eancia. Na unidade da Secretaria da Sa\u00fade do Cear\u00e1 (Sesa), pacientes com esse diagn\u00f3stico encontram acolhimento e tratamento especializado voltado \u00e0 recupera\u00e7\u00e3o emocional e \u00e0 reconstru\u00e7\u00e3o da qualidade de vida.<\/p>\n<p>Sintomas e tratamento<\/p>\n<p>De acordo com profissionais do hospital, o TEPT se caracteriza por sintomas como reviv\u00eancia constante do trauma, pesadelos, lembran\u00e7as intrusivas, medo de lugares ou situa\u00e7\u00f5es relacionadas ao evento, al\u00e9m de altera\u00e7\u00f5es no sono, irritabilidade e sensa\u00e7\u00e3o de vigil\u00e2ncia constante. \u201c\u00c9 como se o corpo e a mente permanecessem em estado de alerta, mesmo depois que o perigo j\u00e1 passou\u201d, explica o psiquiatra do HSM, Helder Gomes.<\/p>\n<p>Ele ressalta que o tratamento da condi\u00e7\u00e3o combina cuidado psicol\u00f3gico e psiqui\u00e1trico, podendo incluir psicoterapia, medica\u00e7\u00e3o e acompanhamento multiprofissional. O objetivo \u00e9 que os sintomas possam ser amenizados e o paciente possa prosseguir sua vida com os impactos do transtorno minimizados.<\/p>\n<p>No HSM, \u00e9 poss\u00edvel iniciar esse tipo de tratamento por meio do Plant\u00e3o Psicol\u00f3gico, que funciona de segunda a sexta-feira, das 7h \u00e0s 19h, inclusive nos feriados, e est\u00e1 dispon\u00edvel para qualquer pessoa que busque atendimento, sem necessidade de passar pela emerg\u00eancia. \u201cO paciente pode simplesmente informar na portaria que deseja ser atendido pelo plant\u00e3o e a equipe o encaminhar\u00e1 para a sala de atendimento\u201d, informa a psic\u00f3loga Carolina Oliveira.<\/p>\n<p>A psic\u00f3loga, que atua no servi\u00e7o do HSM, destaca que esse tipo de atendimento pode ser o primeiro passo de muitos pacientes que buscam tratamento. \u201cPor vezes, \u00e9 no plant\u00e3o que o paciente tem o primeiro acolhimento, um espa\u00e7o onde ele pode falar livremente sobre o que est\u00e1 sentindo. Nesse momento, realizamos uma escuta ativa, validamos emo\u00e7\u00f5es, oferecemos psicoeduca\u00e7\u00e3o e ensinamos t\u00e9cnicas de autorregula\u00e7\u00e3o emocional. Tamb\u00e9m fazemos encaminhamentos para continuidade do cuidado\u201d, explica.<\/p>\n<p>De acordo com a especialista, o atendimento breve pode gerar al\u00edvio imediato, especialmente por trabalhar sintomas ansiosos e estados de ang\u00fastia ou confus\u00e3o. No entanto, ela ressalta que o tratamento completo desse transtorno requer acompanhamento cont\u00ednuo. O plant\u00e3o d\u00e1 o suporte inicial, mas \u00e9 essencial que o paciente tenha seguimento com psic\u00f3logos e psiquiatras.<\/p>\n<p>Para a profissional, compreender que todos est\u00e3o sujeitos a situa\u00e7\u00f5es traum\u00e1ticas \u00e9 o primeiro passo para buscar ajuda. \u201c\u00c9 importante saber que h\u00e1 tratamento. \u00c9 fundamental buscar o HSM ou outros pontos da rede. E, quando iniciar o tratamento, ser ativo no processo, tirando d\u00favidas e tendo paci\u00eancia com o tempo da terapia\u201d, orienta.<\/p>\n<p>Servi\u00e7o<\/p>\n<p><strong>Plant\u00e3o Psicol\u00f3gico do Hospital de Sa\u00fade Mental Professor Frota Pinto (HSM)<\/strong><br \/>Endere\u00e7o: Rua Vicente Nobre de Macedo, s\/n \u2013 Messejana \u2013 Fortaleza\/CE<br \/>Hor\u00e1rio de funcionamento: segunda a sexta-feira, das 7h \u00e0s 19h<\/p>\n<p>&#13;<br \/>\n            &#13;<br \/>\n&#13;<br \/>\n&#13;<\/p>\n","protected":false},"excerpt":{"rendered":"&#13; &#13; &#13; &#13; &#13; &#13; &#13; 10 de novembro de 2025 &#8211; 16:44&#13; #especialistas #HSM #Sintomas #TEPT&hellip;\n","protected":false},"author":2,"featured_media":147089,"comment_status":"","ping_status":"","sticky":false,"template":"","format":"standard","meta":{"footnotes":""},"categories":[86],"tags":[1222,1218,1221,1220,1217,1224,1223,1225,1219,116,32,33,117],"class_list":{"0":"post-147088","1":"post","2":"type-post","3":"status-publish","4":"format-standard","5":"has-post-thumbnail","7":"category-saude","8":"tag-aplicativo-ceara","9":"tag-aplicativos","10":"tag-atendimento-online","11":"tag-cagece","12":"tag-ceara-app","13":"tag-corona","14":"tag-corona-virus","15":"tag-covid19","16":"tag-detran","17":"tag-health","18":"tag-portugal","19":"tag-pt","20":"tag-saude"},"share_on_mastodon":{"url":"https:\/\/pubeurope.com\/@pt\/115527333137131548","error":""},"_links":{"self":[{"href":"https:\/\/www.europesays.com\/pt\/wp-json\/wp\/v2\/posts\/147088","targetHints":{"allow":["GET"]}}],"collection":[{"href":"https:\/\/www.europesays.com\/pt\/wp-json\/wp\/v2\/posts"}],"about":[{"href":"https:\/\/www.europesays.com\/pt\/wp-json\/wp\/v2\/types\/post"}],"author":[{"embeddable":true,"href":"https:\/\/www.europesays.com\/pt\/wp-json\/wp\/v2\/users\/2"}],"replies":[{"embeddable":true,"href":"https:\/\/www.europesays.com\/pt\/wp-json\/wp\/v2\/comments?post=147088"}],"version-history":[{"count":0,"href":"https:\/\/www.europesays.com\/pt\/wp-json\/wp\/v2\/posts\/147088\/revisions"}],"wp:featuredmedia":[{"embeddable":true,"href":"https:\/\/www.europesays.com\/pt\/wp-json\/wp\/v2\/media\/147089"}],"wp:attachment":[{"href":"https:\/\/www.europesays.com\/pt\/wp-json\/wp\/v2\/media?parent=147088"}],"wp:term":[{"taxonomy":"category","embeddable":true,"href":"https:\/\/www.europesays.com\/pt\/wp-json\/wp\/v2\/categories?post=147088"},{"taxonomy":"post_tag","embeddable":true,"href":"https:\/\/www.europesays.com\/pt\/wp-json\/wp\/v2\/tags?post=147088"}],"curies":[{"name":"wp","href":"https:\/\/api.w.org\/{rel}","templated":true}]}}