{"id":147211,"date":"2025-11-10T22:23:09","date_gmt":"2025-11-10T22:23:09","guid":{"rendered":"https:\/\/www.europesays.com\/pt\/147211\/"},"modified":"2025-11-10T22:23:09","modified_gmt":"2025-11-10T22:23:09","slug":"os-primeiros-idols-de-k-pop-nascidos-na-coreia-do-norte-conheca-hyuk-e-seok-do-1verse","status":"publish","type":"post","link":"https:\/\/www.europesays.com\/pt\/147211\/","title":{"rendered":"Os primeiros idols de k-pop nascidos na Coreia do Norte: conhe\u00e7a Hyuk e Seok, do 1VERSE"},"content":{"rendered":"<p>No dia 18 de julho deste ano, o 1VERSE fez hist\u00f3ria ao estrear oficialmente na ind\u00fastria musical sul-coreana com dois integrantes nascidos na Coreia do Norte. Foi a primeira vez que um grupo de <a href=\"https:\/\/recreio.com.br\/tags\/k-pop\" target=\"_blank\" rel=\"noopener nofollow\">k-pop<\/a> incluiu artistas vindos do pa\u00eds vizinho, onde o consumo de qualquer conte\u00fado cultural produzido no Sul \u00e9 considerado crime.<\/p>\n<p>Vale lembrar que a Coreia do Norte e a Coreia do Sul foram separadas ap\u00f3s a Segunda Guerra Mundial, quando Estados Unidos e Uni\u00e3o Sovi\u00e9tica ocuparam partes diferentes da pen\u00ednsula. O conflito resultou em uma divis\u00e3o definitiva em 1953, com o fim da Guerra da Coreia, criando dois pa\u00edses com regimes e culturas completamente distintos. <\/p>\n<p>Dentro desse cen\u00e1rio,<strong> Hyuk<\/strong> e <strong>Seok<\/strong> desafiaram o destino ao fugir de seu territ\u00f3rio de origem para perseguir um sonho quase imposs\u00edvel que era tornarem-se <a href=\"https:\/\/recreio.com.br\/noticias\/entretenimento\/bts-stalker-de-jungkook-e-flagrada-aos-gritos-em-frente-a-casa-do-idol.phtml\" target=\"_blank\" rel=\"noopener nofollow\">idols<\/a>. Assim, conhe\u00e7a a RECREIO apresenta a hist\u00f3ria dos novatos da ind\u00fastria.<\/p>\n<p> Hyuk <img loading=\"lazy\" decoding=\"async\" class=\"size-full wp-image-57492 img-fluid lazy\" alt=\"\" width=\"1280\" height=\"720\" src=\"https:\/\/www.europesays.com\/pt\/wp-content\/uploads\/2025\/11\/Hyuk-1VERSE-.jpg\"  \/>Imagem promocional de Hyuk para 1VERSE \u2013 Divulga\u00e7\u00e3o\/Singing Beetle Entertainment <\/p>\n<p>O l\u00edder e rapper do 1VERSE, <strong>Yu Hyuk<\/strong>, nasceu no dia 3 de mar\u00e7o de 2001 em <a href=\"https:\/\/en.wikipedia.org\/wiki\/Kyongsong_County\" target=\"_blank\" rel=\"noopener nofollow\">Kyongsong<\/a>, um condado na costa leste da Coreia do Norte. Sua inf\u00e2ncia foi marcada por priva\u00e7\u00f5es extremas, de acordo com o Wall Street Journal, ao que o artista cresceu em meio \u00e0 pobreza, chegando a roubar cimento para revender e, em alguns momentos, precisando pedir esmolas para sobreviver. Para fugir dessa realidade, o cantor deixou o pa\u00eds ainda crian\u00e7a e passou por tr\u00eas territ\u00f3rios diferentes at\u00e9 chegar a Seul aos 13 anos. L\u00e1, foi inclu\u00eddo em um programa obrigat\u00f3rio de tr\u00eas meses para refugiados norte-coreanos, criado para auxiliar na adapta\u00e7\u00e3o ao novo ambiente.<\/p>\n<p>Durante o processo, o jovem encontrou no rap um espa\u00e7o de acolhimento, se identificando com letras que abordavam sofrimento, solid\u00e3o e supera\u00e7\u00e3o. Anos depois, <a href=\"https:\/\/www.instagram.com\/official1verse?igsh=MWgwMDIxamJwanBhYw==\" target=\"_blank\" rel=\"noopener nofollow\"><strong>Hyuk<\/strong><\/a> se tornou o primeiro trainee da Singing Beetle Entertainment e o primeiro membro confirmado do quinteto.<\/p>\n<p> Seok <img loading=\"lazy\" decoding=\"async\" class=\"size-full wp-image-57493 img-fluid lazy\" alt=\"\" width=\"1280\" height=\"720\" src=\"https:\/\/www.europesays.com\/pt\/wp-content\/uploads\/2025\/11\/Seok-1VERSE-.jpg\"  \/>Imagem promocional de Seok para 1VERSE \u2013 Divulga\u00e7\u00e3o\/Singing Beetle Entertainment <\/p>\n<p>O vocalista<strong> Kim Seok<\/strong>, nascido em 3 de junho de 2000, tamb\u00e9m \u00e9 origin\u00e1rio da Coreia do Norte e chegou \u00e0 Coreia do Sul entre 2018 e 2019. Embora n\u00e3o tenha revelado detalhes sobre sua fuga, o <a href=\"https:\/\/www.google.com\/aclk?sa=L&amp;ai=DChsSEwiVjby8h-iQAxVvWEgAHc3WAkEYACICCAEQABoCY2U&amp;ae=2&amp;co=1&amp;ase=2&amp;gclid=CjwKCAiAt8bIBhBpEiwAzH1w6YbjNLNf_DWs2gMWfL3O1xBEj9pOMMoBEc7qGz3vHD2avA9QAe815RoCt5UQAvD_BwE&amp;cid=CAASb-RobKzqXOGPVqZYppxdtK-QsdTE2nFJSv1PqI3ELvevKjM3xFNrnSQ-Hwg5IpsRPe3LJFarNvpbXgD8T95iPQx4iKOGeP29tSlKumKZbkr_g9BUEg4yPsaRPCe3xT7Xbsj8htUwfdJ0Z6hvNlb8Qw&amp;cce=2&amp;category=acrcp_v1_71&amp;sig=AOD64_1wcrPE5Jp4oYlgTw5wn1h26B77iw&amp;q&amp;nis=4&amp;adurl&amp;ved=2ahUKEwie67W8h-iQAxUjvJUCHUwzJYsQ0Qx6BAgYEAE\" target=\"_blank\" rel=\"noopener nofollow\">Wall Street Journal<\/a> apurou que o cantor era jogador de futebol profissional antes de se dedicar \u00e0 m\u00fasica. <\/p>\n<p>Mesmo sob o r\u00edgido controle do regime norte-coreano, ele teve contato com o k-pop por meio de v\u00eddeos e m\u00fasicas contrabandeadas, o que despertou sua curiosidade e admira\u00e7\u00e3o pela ind\u00fastria musical sul-coreana.<\/p>\n<p>\t                                            <script async src=\"\/\/www.instagram.com\/embed.js\"><\/script><\/p>\n","protected":false},"excerpt":{"rendered":"No dia 18 de julho deste ano, o 1VERSE fez hist\u00f3ria ao estrear oficialmente na ind\u00fastria musical sul-coreana&hellip;\n","protected":false},"author":2,"featured_media":147212,"comment_status":"","ping_status":"","sticky":false,"template":"","format":"standard","meta":{"footnotes":""},"categories":[141],"tags":[32156,3459,114,115,32157,1688,149,150,32,33,32158],"class_list":{"0":"post-147211","1":"post","2":"type-post","3":"status-publish","4":"format-standard","5":"has-post-thumbnail","7":"category-musica","8":"tag-1verse","9":"tag-coreia-do-norte","10":"tag-entertainment","11":"tag-entretenimento","12":"tag-hyuk","13":"tag-k-pop","14":"tag-music","15":"tag-musica","16":"tag-portugal","17":"tag-pt","18":"tag-seok"},"share_on_mastodon":{"url":"https:\/\/pubeurope.com\/@pt\/115527745913565120","error":""},"_links":{"self":[{"href":"https:\/\/www.europesays.com\/pt\/wp-json\/wp\/v2\/posts\/147211","targetHints":{"allow":["GET"]}}],"collection":[{"href":"https:\/\/www.europesays.com\/pt\/wp-json\/wp\/v2\/posts"}],"about":[{"href":"https:\/\/www.europesays.com\/pt\/wp-json\/wp\/v2\/types\/post"}],"author":[{"embeddable":true,"href":"https:\/\/www.europesays.com\/pt\/wp-json\/wp\/v2\/users\/2"}],"replies":[{"embeddable":true,"href":"https:\/\/www.europesays.com\/pt\/wp-json\/wp\/v2\/comments?post=147211"}],"version-history":[{"count":0,"href":"https:\/\/www.europesays.com\/pt\/wp-json\/wp\/v2\/posts\/147211\/revisions"}],"wp:featuredmedia":[{"embeddable":true,"href":"https:\/\/www.europesays.com\/pt\/wp-json\/wp\/v2\/media\/147212"}],"wp:attachment":[{"href":"https:\/\/www.europesays.com\/pt\/wp-json\/wp\/v2\/media?parent=147211"}],"wp:term":[{"taxonomy":"category","embeddable":true,"href":"https:\/\/www.europesays.com\/pt\/wp-json\/wp\/v2\/categories?post=147211"},{"taxonomy":"post_tag","embeddable":true,"href":"https:\/\/www.europesays.com\/pt\/wp-json\/wp\/v2\/tags?post=147211"}],"curies":[{"name":"wp","href":"https:\/\/api.w.org\/{rel}","templated":true}]}}