{"id":147215,"date":"2025-11-10T22:26:10","date_gmt":"2025-11-10T22:26:10","guid":{"rendered":"https:\/\/www.europesays.com\/pt\/147215\/"},"modified":"2025-11-10T22:26:10","modified_gmt":"2025-11-10T22:26:10","slug":"cinco-regioes-de-sc-ja-superam-numeros-de-mortes-por-cancer-de-prostata-de-2024","status":"publish","type":"post","link":"https:\/\/www.europesays.com\/pt\/147215\/","title":{"rendered":"Cinco regi\u00f5es de SC j\u00e1 superam n\u00fameros de mortes por c\u00e2ncer de pr\u00f3stata de 2024"},"content":{"rendered":"<p>Cinco regi\u00f5es de Santa Catarina j\u00e1 registraram mais mortes por <strong><a href=\"https:\/\/www.nsctotal.com.br\/noticias\/campanha-novembro-azul-incentiva-homens-de-lages-a-cuidarem-da-saude\" target=\"_blank\" rel=\"noreferrer noopener nofollow\">c\u00e2ncer de pr\u00f3stata<\/a><\/strong> em 2025 do que no ano passado inteiro, segundo dados do Sistema de Informa\u00e7\u00e3o sobre Mortalidade (SIM). A doen\u00e7a \u00e9 uma das principais causas da morte entre os homens catarinenses, conforme o Instituo Nacional do C\u00e2ncer (Inca). Para especialistas, o diagn\u00f3stico precoce auxilia para garantir a cura da doen\u00e7a.<\/p>\n<p>Continua depois da publicidade<\/p>\n<p>At\u00e9 outubro deste ano, 538 pessoas morreram, v\u00edtimas da doen\u00e7a no Estado. A regi\u00e3o com o maior n\u00famero de mortos \u00e9 a Grande Florian\u00f3polis, com 89 \u00f3bitos. Em todo 2024, foram 102 \u00f3bitos na regi\u00e3o, conforme os dados do SIM.<\/p>\n<p>Por\u00e9m, no Alto Vale do Itaja\u00ed, Meio-Oeste, Alto Vale Rio do Peixe, Planalto Norte e Carbon\u00edfera, os n\u00fameros de 2025 j\u00e1 superam os de 2024. No Planalto Norte do Estado, por exemplo, at\u00e9 outubro foram 45 \u00f3bitos, enquanto em 2024 foram 36.<\/p>\n<p><img loading=\"lazy\" decoding=\"async\" width=\"728\" height=\"495\" src=\"https:\/\/www.europesays.com\/pt\/wp-content\/uploads\/2025\/11\/obitos-cancer-de-prostata-2025-1.png\" alt=\"\" class=\"wp-image-7717272\"\/>Tabela com dados divulgados pelo Sistema de Informa\u00e7\u00e3o sobre Mortalidade (Foto: ASCOM SES, Reprodu\u00e7\u00e3o)<\/p>\n<p>De acordo com o Instituto Nacional de C\u00e2ncer (INCA), o c\u00e2ncer de pr\u00f3stata \u00e9 o segundo tipo mais comum entre os homens brasileiros, ficando atr\u00e1s apenas do de pele n\u00e3o melanoma. A estimativa \u00e9 de 71 mil novos casos por ano at\u00e9 2025, o que corresponde a um risco de 67,86 casos para cada 100 mil homens. \u00c9 tamb\u00e9m a segunda principal causa de \u00f3bitos por c\u00e2ncer na popula\u00e7\u00e3o masculina.<\/p>\n<p>Diagn\u00f3stico precoce do c\u00e2ncer de pr\u00f3stata \u00e9 determinante<\/p>\n<p>O urologista Juliano Duque afirma que o c\u00e2ncer de pr\u00f3stata est\u00e1, em maioria, ligado a fatores gen\u00e9ticos e \u00e9tnicos, e que o diagn\u00f3stico precoce \u00e9 fundamental para garantir chances reais de cura.\u00a0<\/p>\n<p>Continua depois da publicidade<\/p>\n<p>\u2014 Pessoas negras apresentam maior n\u00famero de casos, e quem tem dois familiares com hist\u00f3rico de c\u00e2ncer de pr\u00f3stata ou de mama precisa redobrar a aten\u00e7\u00e3o \u2014 explica o m\u00e9dico.<\/p>\n<p>Segundo ele, os primeiros exames devem ser realizados aos 40 anos para que o paciente conhe\u00e7a o perfil de risco.\u00a0<\/p>\n<p>\u2014 A partir dos 50 anos, a consulta anual \u00e9 obrigat\u00f3ria. J\u00e1 os homens com fatores de risco devem iniciar o acompanhamento aos 45 \u2014 orienta Duque.\u00a0<\/p>\n<p>O m\u00e9dico acrescenta que o toque retal continua sendo essencial, mesmo com o avan\u00e7o de exames laboratoriais e de imagem:<\/p>\n<p>Continua depois da publicidade<\/p>\n<p>\u2014 Pacientes disciplinados e com resultados est\u00e1veis podem eventualmente ser dispensados, mas isso sempre depende da avalia\u00e7\u00e3o m\u00e9dica. O toque ainda \u00e9 o exame mais simples e eficaz para detectar altera\u00e7\u00f5es suspeitas.<\/p>\n<p>Homens ainda resistem ao exame <\/p>\n<p>Embora as campanhas de conscientiza\u00e7\u00e3o tenham ampliado o debate sobre a sa\u00fade masculina, o m\u00e9dico ressalta que ainda h\u00e1 resist\u00eancia em procurar o urologista e realizar o exame de toque.\u00a0<\/p>\n<p>\u2014 O preconceito diminuiu muito, mas ainda existe. \u00c9 preciso refor\u00e7ar que cuidar da sa\u00fade \u00e9 um ato de coragem e responsabilidade \u2014 afirma Duque.<\/p>\n<p>Nos est\u00e1gios iniciais, a doen\u00e7a costuma evoluir de forma silenciosa e sem sintomas percept\u00edveis. Quando aparecem, podem incluir dificuldade de urinar, jato urin\u00e1rio fraco, sangue na urina ou no s\u00eamen e dores na regi\u00e3o p\u00e9lvica ou nas costas. O urologista Juliano Duque refor\u00e7a que muitos pacientes procuram atendimento apenas quando os sinais j\u00e1 est\u00e3o avan\u00e7ados, o que reduz as chances de sucesso no tratamento.<\/p>\n<p>Continua depois da publicidade<\/p>\n<p>Com o diagn\u00f3stico precoce, al\u00e9m do sucesso cir\u00fargico, o paciente pode contar com avan\u00e7os como a resson\u00e2ncia multiparam\u00e9trica, o PET-SCAN e a cirurgia rob\u00f3tica, que reduzem complica\u00e7\u00f5es como disfun\u00e7\u00e3o er\u00e9til e incontin\u00eancia urin\u00e1ria, afirma o m\u00e9dico.<\/p>\n<p>O especialista alerta, ainda, que o estilo de vida tamb\u00e9m tem um papel importante na preven\u00e7\u00e3o.\u00a0<\/p>\n<p>\u2014 Dietas ricas em gordura e o sedentarismo aumentam o risco, especialmente quando associados a sobrepeso ou obesidade \u2014 explica.<\/p>\n<p>O INCA tamb\u00e9m destaca que tabagismo, exposi\u00e7\u00e3o a produtos qu\u00edmicos industriais e hist\u00f3rico familiar tamb\u00e9m contribuem para o risco. A recomenda\u00e7\u00e3o da Secretaria de Estado da Sa\u00fade (SES) \u00e9 que os homens mantenham h\u00e1bitos saud\u00e1veis, com alimenta\u00e7\u00e3o equilibrada, pr\u00e1tica de atividades f\u00edsicas, controle do peso e abandono do cigarro.<\/p>\n<p>1<\/p>\n<p>VoltarAvan\u00e7ar<\/p>\n<p><img loading=\"lazy\" decoding=\"async\" width=\"1200\" height=\"675\" data-id=\"7717283\" src=\"https:\/\/www.europesays.com\/pt\/wp-content\/uploads\/2025\/11\/cancer-de-prostata-4.jpg\" alt=\"\" class=\"wp-image-7717283\"  \/><\/p>\n<p>Cinco regi\u00f5es superaram o n\u00famero de mortos em 2024  (Foto: Banco de imagens)<\/p>\n<p><img loading=\"lazy\" decoding=\"async\" width=\"1200\" height=\"675\" data-id=\"7717282\" src=\"https:\/\/www.europesays.com\/pt\/wp-content\/uploads\/2025\/11\/cancer-de-prostata-2.jpg\" alt=\"\" class=\"wp-image-7717282\"  \/><\/p>\n<p>A estimativa \u00e9 de 71 mil novos casos por ano at\u00e9 2025 (Foto: Banco de imagens)<\/p>\n<p><img loading=\"lazy\" decoding=\"async\" width=\"1200\" height=\"675\" data-id=\"7717280\" src=\"https:\/\/www.europesays.com\/pt\/wp-content\/uploads\/2025\/11\/cancer-de-prostata-6.jpg\" alt=\"\" class=\"wp-image-7717280\"  \/><\/p>\n<p>C\u00e2ncer de pr\u00f3stata \u00e9 a segunda principal causa de \u00f3bitos por c\u00e2ncer na popula\u00e7\u00e3o masculina (Foto: Banco de imagens)<\/p>\n<p><img loading=\"lazy\" decoding=\"async\" width=\"1200\" height=\"675\" data-id=\"7717281\" src=\"https:\/\/www.europesays.com\/pt\/wp-content\/uploads\/2025\/11\/cancer-de-prostata-1.jpg\" alt=\"\" class=\"wp-image-7717281\"  \/><\/p>\n<p>\u201cO preconceito diminuiu muito, mas ainda existe. \u00c9 preciso refor\u00e7ar que cuidar da sa\u00fade \u00e9 um ato de coragem e responsabilidade\u201d, diz Juliano Duque (Foto: Banco de imagens)<\/p>\n<p><img loading=\"lazy\" decoding=\"async\" width=\"1200\" height=\"675\" data-id=\"7717278\" src=\"https:\/\/www.europesays.com\/pt\/wp-content\/uploads\/2025\/11\/cancer-de-prostata-5.jpg\" alt=\"\" class=\"wp-image-7717278\"  \/><\/p>\n<p>Diagn\u00f3stico precoce \u00e9 fundamental para garantir chances reais de cura, afirma urologista (Foto: Banco de imagens)<\/p>\n<p><img loading=\"lazy\" decoding=\"async\" width=\"1200\" height=\"675\" data-id=\"7717279\" src=\"https:\/\/www.europesays.com\/pt\/wp-content\/uploads\/2025\/11\/cancer-de-prostata-3.jpg\" alt=\"\" class=\"wp-image-7717279\"  \/><\/p>\n<p>Nos est\u00e1gios iniciais, a doen\u00e7a costuma evoluir de forma silenciosa e sem sintomas percept\u00edveis (Foto: Banco de imagens)<\/p>\n<p>A\u00e7\u00f5es do Novembro Azul em Santa Catarina<\/p>\n<p>Neste m\u00eas, o Governo de Santa Catarina realiza uma s\u00e9rie de atividades de conscientiza\u00e7\u00e3o dentro da campanha Novembro Azul, que busca estimular o autocuidado e o diagn\u00f3stico precoce.\u00a0<\/p>\n<p>Continua depois da publicidade<\/p>\n<p>As a\u00e7\u00f5es contam com a participa\u00e7\u00e3o de hospitais vinculados \u00e0 SES durante o 40\u00ba Congresso Brasileiro de Urologia (CBU), realizado em Florian\u00f3polis.<\/p>\n<p>O Hospital Governador Celso Ramos promove mutir\u00f5es de cirurgias menos invasivas, enquanto o Centro de Pesquisas Oncol\u00f3gicas (Cepon) realiza atendimentos oncol\u00f3gicos e o Hospital Joana de Gusm\u00e3o oferece consultas urol\u00f3gicas para meninos de at\u00e9 15 anos.\u00a0<\/p>\n<p>O Multi Hospital, localizado no aeroporto da Capital, realiza exames de Ant\u00edgeno Prost\u00e1tico Espec\u00edfico (PSA) \u2014 teste de sangue usado para auxiliar no diagn\u00f3stico \u2014, ultrassonografias e bi\u00f3psias voltadas \u00e0 popula\u00e7\u00e3o atendida pelo SUS.<\/p>\n<p>Al\u00e9m disso, a SES organiza o encontro virtual Cuidado Integral \u00e0 Sa\u00fade do Homem e do Adolescente, no dia 13 de novembro, com foco na preven\u00e7\u00e3o da viol\u00eancia, promo\u00e7\u00e3o da cultura da paz e cuidado integral masculino.<\/p>\n<p>Continua depois da publicidade<\/p>\n","protected":false},"excerpt":{"rendered":"Cinco regi\u00f5es de Santa Catarina j\u00e1 registraram mais mortes por c\u00e2ncer de pr\u00f3stata em 2025 do que no&hellip;\n","protected":false},"author":2,"featured_media":147216,"comment_status":"","ping_status":"","sticky":false,"template":"","format":"standard","meta":{"footnotes":""},"categories":[86],"tags":[829,116,30387,32,33,117],"class_list":{"0":"post-147215","1":"post","2":"type-post","3":"status-publish","4":"format-standard","5":"has-post-thumbnail","7":"category-saude","8":"tag-conteudo-liberado","9":"tag-health","10":"tag-novembro-azul","11":"tag-portugal","12":"tag-pt","13":"tag-saude"},"share_on_mastodon":{"url":"https:\/\/pubeurope.com\/@pt\/115527757781462021","error":""},"_links":{"self":[{"href":"https:\/\/www.europesays.com\/pt\/wp-json\/wp\/v2\/posts\/147215","targetHints":{"allow":["GET"]}}],"collection":[{"href":"https:\/\/www.europesays.com\/pt\/wp-json\/wp\/v2\/posts"}],"about":[{"href":"https:\/\/www.europesays.com\/pt\/wp-json\/wp\/v2\/types\/post"}],"author":[{"embeddable":true,"href":"https:\/\/www.europesays.com\/pt\/wp-json\/wp\/v2\/users\/2"}],"replies":[{"embeddable":true,"href":"https:\/\/www.europesays.com\/pt\/wp-json\/wp\/v2\/comments?post=147215"}],"version-history":[{"count":0,"href":"https:\/\/www.europesays.com\/pt\/wp-json\/wp\/v2\/posts\/147215\/revisions"}],"wp:featuredmedia":[{"embeddable":true,"href":"https:\/\/www.europesays.com\/pt\/wp-json\/wp\/v2\/media\/147216"}],"wp:attachment":[{"href":"https:\/\/www.europesays.com\/pt\/wp-json\/wp\/v2\/media?parent=147215"}],"wp:term":[{"taxonomy":"category","embeddable":true,"href":"https:\/\/www.europesays.com\/pt\/wp-json\/wp\/v2\/categories?post=147215"},{"taxonomy":"post_tag","embeddable":true,"href":"https:\/\/www.europesays.com\/pt\/wp-json\/wp\/v2\/tags?post=147215"}],"curies":[{"name":"wp","href":"https:\/\/api.w.org\/{rel}","templated":true}]}}