{"id":147280,"date":"2025-11-10T23:31:09","date_gmt":"2025-11-10T23:31:09","guid":{"rendered":"https:\/\/www.europesays.com\/pt\/147280\/"},"modified":"2025-11-10T23:31:09","modified_gmt":"2025-11-10T23:31:09","slug":"depressao-claudia-traz-vento-chuva-e-agitacao-maritima-entre-terca-feira-e-o-fim-de-semana","status":"publish","type":"post","link":"https:\/\/www.europesays.com\/pt\/147280\/","title":{"rendered":"Depress\u00e3o Claudia traz vento, chuva e agita\u00e7\u00e3o mar\u00edtima entre ter\u00e7a-feira e o fim de semana"},"content":{"rendered":"<p>                Num comunicado hoje divulgado, o IPMA diz que a depress\u00e3o vai estender-se depois \u00e0s restantes regi\u00f5es do continente.<\/p>\n<p>Os efeitos da depress\u00e3o, inicialmente com a aproxima\u00e7\u00e3o do sistema frontal associado, v\u00e3o fazer-se <b>sentir em Portugal continental, &#8220;a partir do final de dia 11 no Minho, estendendo-se gradualmente \u00e0s restantes regi\u00f5es do continente ao longo do dia 12, e nos dias seguintes, atrav\u00e9s da passagem de sucessivas linhas de instabilidade, pelo menos at\u00e9 ao fim de semana&#8221;<\/b>, avan\u00e7ou o IPMA.<\/p>\n<p>&#8220;Assim, prev\u00ea-se ocorr\u00eancia de per\u00edodos de chuva persistente e por vezes forte, em especial nos dias 12 e 13, acompanhada de trovoada. A partir da tarde de dia 13, a precipita\u00e7\u00e3o ocorrer\u00e1 maioritariamente em regime de aguaceiros, por vezes fortes e acompanhados de trovoada&#8221;, l\u00ea-se na nota.&#13;<br \/>\nSegundo o IPMA, &#8220;os maiores acumulados de precipita\u00e7\u00e3o dever\u00e3o registar-se no litoral Norte e Centro e nas regi\u00f5es montanhosas, podendo at\u00e9 domingo&#8221; superar &#8220;em alguns locais os 150 mm&#8221;.<\/p>\n<p><b>O vento ir\u00e1 intensificar-se do quadrante sul, a partir de ter\u00e7a-feira, &#8220;com rajadas at\u00e9 70 km\/h no Minho, que se ir\u00e3o estender ao restante litoral oeste no dia 12, e at\u00e9 80 km\/h nas terras altas&#8221;.<\/b><\/p>\n<p>&#8220;O pico de intensidade do vento prev\u00ea-se que seja atingido na quinta-feira&#8221;, com rajadas que &#8220;poder\u00e3o atingir valores da ordem de 90 km\/h no litoral e da ordem de 120 km\/h nas terras altas&#8221;.&#13;<br \/>\nAdicionalmente, preveem-se ondas de sudoeste com tr\u00eas a quatro metros, temporariamente com quatro a cinco metros na quinta-feira, &#8220;afetando partes da costa habitualmente mais abrigadas, como por exemplo a costa sul do Algarve ou da regi\u00e3o da Arr\u00e1bida&#8221;, no distrito de Set\u00fabal.<\/p>\n<p>O IPMA referiu que, devido a esta situa\u00e7\u00e3o, ser\u00e3o emitidos &#8220;avisos meteorol\u00f3gicos ao longo da semana, nomeadamente de precipita\u00e7\u00e3o, trovoada, rajada e agita\u00e7\u00e3o mar\u00edtima&#8221;, aconselhando-se para o acompanhamento das suas atualiza\u00e7\u00f5es.<\/p>\n<p>De acordo com o Instituto Portugu\u00eas do Mar e da Atmosfera, a depress\u00e3o Claudia, com express\u00e3o em altitude, dever\u00e1 inserir-se &#8220;numa vasta regi\u00e3o depression\u00e1ria complexa sobre o Atl\u00e2ntico Norte e que se prev\u00ea ficar quase estacion\u00e1ria at\u00e9 ao fim de semana&#8221;.<br \/>&#13;\n            <\/p>\n","protected":false},"excerpt":{"rendered":"Num comunicado hoje divulgado, o IPMA diz que a depress\u00e3o vai estender-se depois \u00e0s restantes regi\u00f5es do continente.&hellip;\n","protected":false},"author":2,"featured_media":147281,"comment_status":"","ping_status":"","sticky":false,"template":"","format":"standard","meta":{"footnotes":""},"categories":[10],"tags":[27,28,2139,32174,15,16,14,25,26,21,22,12,13,19,20,32,23,24,33,9416,17,18,29,30,31],"class_list":{"0":"post-147280","1":"post","2":"type-post","3":"status-publish","4":"format-standard","5":"has-post-thumbnail","7":"category-portugal","8":"tag-breaking-news","9":"tag-breakingnews","10":"tag-chuva","11":"tag-claudia","12":"tag-featured-news","13":"tag-featurednews","14":"tag-headlines","15":"tag-latest-news","16":"tag-latestnews","17":"tag-main-news","18":"tag-mainnews","19":"tag-news","20":"tag-noticias","21":"tag-noticias-principais","22":"tag-noticiasprincipais","23":"tag-portugal","24":"tag-principais-noticias","25":"tag-principaisnoticias","26":"tag-pt","27":"tag-temporal","28":"tag-top-stories","29":"tag-topstories","30":"tag-ultimas","31":"tag-ultimas-noticias","32":"tag-ultimasnoticias"},"share_on_mastodon":{"url":"https:\/\/pubeurope.com\/@pt\/115528013216265362","error":""},"_links":{"self":[{"href":"https:\/\/www.europesays.com\/pt\/wp-json\/wp\/v2\/posts\/147280","targetHints":{"allow":["GET"]}}],"collection":[{"href":"https:\/\/www.europesays.com\/pt\/wp-json\/wp\/v2\/posts"}],"about":[{"href":"https:\/\/www.europesays.com\/pt\/wp-json\/wp\/v2\/types\/post"}],"author":[{"embeddable":true,"href":"https:\/\/www.europesays.com\/pt\/wp-json\/wp\/v2\/users\/2"}],"replies":[{"embeddable":true,"href":"https:\/\/www.europesays.com\/pt\/wp-json\/wp\/v2\/comments?post=147280"}],"version-history":[{"count":0,"href":"https:\/\/www.europesays.com\/pt\/wp-json\/wp\/v2\/posts\/147280\/revisions"}],"wp:featuredmedia":[{"embeddable":true,"href":"https:\/\/www.europesays.com\/pt\/wp-json\/wp\/v2\/media\/147281"}],"wp:attachment":[{"href":"https:\/\/www.europesays.com\/pt\/wp-json\/wp\/v2\/media?parent=147280"}],"wp:term":[{"taxonomy":"category","embeddable":true,"href":"https:\/\/www.europesays.com\/pt\/wp-json\/wp\/v2\/categories?post=147280"},{"taxonomy":"post_tag","embeddable":true,"href":"https:\/\/www.europesays.com\/pt\/wp-json\/wp\/v2\/tags?post=147280"}],"curies":[{"name":"wp","href":"https:\/\/api.w.org\/{rel}","templated":true}]}}