{"id":147301,"date":"2025-11-10T23:58:10","date_gmt":"2025-11-10T23:58:10","guid":{"rendered":"https:\/\/www.europesays.com\/pt\/147301\/"},"modified":"2025-11-10T23:58:10","modified_gmt":"2025-11-10T23:58:10","slug":"the-young-people-filme-do-diretor-de-longlegs-escala-nicole-kidman","status":"publish","type":"post","link":"https:\/\/www.europesays.com\/pt\/147301\/","title":{"rendered":"The Young People | Filme do diretor de Longlegs escala Nicole Kidman"},"content":{"rendered":"<p>  <img decoding=\"async\" src=\"https:\/\/cdn.ome.lt\/static\/omelete\/img\/loading.svg\" alt=\"\"\/><\/p>\n<p>  <img decoding=\"async\" class=\"article__cover__image\" data-lazy-src-mob=\"\/\/cdn.ome.lt\/md3Dgcp3KqEsUfFie09Ho0iQOI4=\/570x0\/smart\/filters:format(webp)\/uploads\/conteudo\/fotos\/nicole-kidman-em-o-casal-perfeito-netflix.webp\" data-lazy-src=\"https:\/\/cdn.ome.lt\/kbsyR3sAElodixCDl1GQ3Cq189M=\/987x0\/smart\/filters:format(webp)\/uploads\/conteudo\/fotos\/nicole-kidman-em-o-casal-perfeito-netflix.webp\" src=\"data:image\/png;base64,iVBORw0KGgoAAAANSUhEUgAAAAEAAAABCAQAAAC1HAwCAAAAC0lEQVR42mNkYAAAAAYAAjCB0C8AAAAASUVORK5CYII=\" alt=\"Nicole Kidman\" title=\"Nicole Kidman\" width=\"987\" height=\"555\" fetchpriority=\"high\"\/><\/p>\n<p class=\"article__cover__credits\">\n  Cr\u00e9ditos da imagem:<br \/>\n  Reprodu\u00e7\u00e3o\n<\/p>\n<p>Foi confirmado nesta segunda-feira (10), que\u00a0<strong>Nicole Kidman\u00a0<\/strong>estar\u00e1 no elenco de\u00a0<strong>The Young People<\/strong>,\u00a0novo filme do diretor\u00a0<strong>Osgood Perkins<\/strong>, conhecido pelo seu trabalho com\u00a0<strong>Longlegs\u00a0<\/strong>e <strong>O Macaco<\/strong>.\u00a0<\/p>\n<p>Al\u00e9m de Kidman, o longa tamb\u00e9m contar\u00e1 com\u00a0<strong>Lola Tung<\/strong> (O Ver\u00e3o Que Mudou a Minha Vida) e\u00a0<strong>Nico Parker\u00a0<\/strong>(Como Treinar o Seu Drag\u00e3o). At\u00e9 o momento, o roteiro do longa e sobre o que ser\u00e1 o filme, continua em segredo e n\u00e3o existem mais informa\u00e7\u00f5es sobre.<\/p>\n<p>            Continua depois da Publicidade<\/p>\n<p>A \u00fanica informa\u00e7\u00e3o revelada pela\u00a0<strong>NEON<\/strong>, est\u00fadio do filme, que ele seria\u00a0&#8220;Uma Bad Trip de Osgood Perkins&#8221;,\u00a0seja o que isso significa. O elenco do filme tamb\u00e9m conta com\u00a0<strong>Brendan<\/strong> <strong>Hines<\/strong>,\u00a0<strong>Cush Jumbo<\/strong>,\u00a0<strong>Heather Graham<\/strong>,\u00a0<strong>Johnny Knoxville<\/strong>,\u00a0<strong>Lexi Minetree<\/strong>,\u00a0<strong>Lily Collias\u00a0<\/strong>e\u00a0<strong>Tatiana Maslany<\/strong>, que estar\u00e1 em\u00a0Para Sempre Minha,\u00a0outro filme do diretor.\u00a0<\/p>\n<p>Uma data de lan\u00e7amento para o filme ainda n\u00e3o foi revelada.\u00a0<\/p>\n","protected":false},"excerpt":{"rendered":"Cr\u00e9ditos da imagem: Reprodu\u00e7\u00e3o Foi confirmado nesta segunda-feira (10), que\u00a0Nicole Kidman\u00a0estar\u00e1 no elenco de\u00a0The Young People,\u00a0novo filme do&hellip;\n","protected":false},"author":2,"featured_media":147302,"comment_status":"","ping_status":"","sticky":false,"template":"","format":"standard","meta":{"footnotes":""},"categories":[140],"tags":[114,115,147,148,146,32,33],"class_list":{"0":"post-147301","1":"post","2":"type-post","3":"status-publish","4":"format-standard","5":"has-post-thumbnail","7":"category-filmes","8":"tag-entertainment","9":"tag-entretenimento","10":"tag-film","11":"tag-filmes","12":"tag-movies","13":"tag-portugal","14":"tag-pt"},"share_on_mastodon":{"url":"https:\/\/pubeurope.com\/@pt\/115528119504177797","error":""},"_links":{"self":[{"href":"https:\/\/www.europesays.com\/pt\/wp-json\/wp\/v2\/posts\/147301","targetHints":{"allow":["GET"]}}],"collection":[{"href":"https:\/\/www.europesays.com\/pt\/wp-json\/wp\/v2\/posts"}],"about":[{"href":"https:\/\/www.europesays.com\/pt\/wp-json\/wp\/v2\/types\/post"}],"author":[{"embeddable":true,"href":"https:\/\/www.europesays.com\/pt\/wp-json\/wp\/v2\/users\/2"}],"replies":[{"embeddable":true,"href":"https:\/\/www.europesays.com\/pt\/wp-json\/wp\/v2\/comments?post=147301"}],"version-history":[{"count":0,"href":"https:\/\/www.europesays.com\/pt\/wp-json\/wp\/v2\/posts\/147301\/revisions"}],"wp:featuredmedia":[{"embeddable":true,"href":"https:\/\/www.europesays.com\/pt\/wp-json\/wp\/v2\/media\/147302"}],"wp:attachment":[{"href":"https:\/\/www.europesays.com\/pt\/wp-json\/wp\/v2\/media?parent=147301"}],"wp:term":[{"taxonomy":"category","embeddable":true,"href":"https:\/\/www.europesays.com\/pt\/wp-json\/wp\/v2\/categories?post=147301"},{"taxonomy":"post_tag","embeddable":true,"href":"https:\/\/www.europesays.com\/pt\/wp-json\/wp\/v2\/tags?post=147301"}],"curies":[{"name":"wp","href":"https:\/\/api.w.org\/{rel}","templated":true}]}}