{"id":147312,"date":"2025-11-11T00:06:09","date_gmt":"2025-11-11T00:06:09","guid":{"rendered":"https:\/\/www.europesays.com\/pt\/147312\/"},"modified":"2025-11-11T00:06:09","modified_gmt":"2025-11-11T00:06:09","slug":"grande-entrevista-gouveia-e-melo-rejeita-cavalos-de-troia-de-partidos-na-presidencia","status":"publish","type":"post","link":"https:\/\/www.europesays.com\/pt\/147312\/","title":{"rendered":"Grande Entrevista. Gouveia e Melo rejeita &#8220;cavalos de Tr\u00f3ia&#8221; de partidos na Presid\u00eancia"},"content":{"rendered":"<p>                O candidato presidencial Henrique Gouveia e Melo foi o convidado desta segunda-feira na Grande Entrevista, da RTP. O ex-chefe do Estado-Maior da Armada frisou que vem \u201clutar pelos portugueses\u201d e reiterou que n\u00e3o foi Marcelo Rebelo de Sousa a motivar a sua candidatura.<\/p>\n<p>\u201c<b>Ontem saiu uma not\u00edcia que alegava que o senhor presidente teve um papel decisivo na minha decis\u00e3o. Isso n\u00e3o \u00e9 verdade.<\/b> Essa not\u00edcia \u00e9 baseada num livro de entrevistas que foi escrito e n\u00e3o h\u00e1 nada como verificar a entrevista\u201d, declarou Gouveia e Melo. \u201cNessa entrevista n\u00e3o digo isso, e portanto \u00e9 uma falsa alega\u00e7\u00e3o que me foi atribu\u00edda\u201d, afirmou.&#13;\n<\/p>\n<p>As declara\u00e7\u00f5es surgem depois de, esta segunda-feira, Gouveia e Melo ter vindo desmentir uma not\u00edcia de 9 de novembro da ag\u00eancia Lusa com o t\u00edtulo Presidenciais: Gouveia e Melo revela que foi tentativa de Marcelo para o travar que o levou a candidatar-se.<\/p>\n<p>O candidato presidencial garantiu, em comunicado, que esta informa\u00e7\u00e3o \u00e9 \u201cfalsa e enferma de uma falta de rigor inaceit\u00e1vel, raz\u00e3o pela qual se exige a reposi\u00e7\u00e3o da verdade dos factos\u201d.<br \/>&#13;\n<\/p>\n<p>&#13;<br \/>\nA not\u00edcia original da Lusa baseia-se em excertos do livro Gouveia e Melo &#8211; As Raz\u00f5es, uma longa entrevista conduzida pela jornalista e diretora-adjunta do Di\u00e1rio de Not\u00edcias, Valentina Marcelino, e que ser\u00e1 colocado \u00e0 venda na quinta-feira.&#13;\n<\/p>\n<p>&#13;<br \/>\nNessa entrevista o almirante revela que decidiu avan\u00e7ar para Bel\u00e9m quando leu uma not\u00edcia no Expresso de que Marcelo Rebelo de Sousa pretendia travar a sua candidatura presidencial atrav\u00e9s da sua recondu\u00e7\u00e3o como chefe da Armada. <br \/>&#13;\n<\/p>\n<p><b>Questionado esta noite pelo jornalista V\u00edtor Gon\u00e7alves sobre se ficou ou n\u00e3o com a convic\u00e7\u00e3o de que Marcelo tentou travar a sua candidatura, Gouveia e Melo respondeu que n\u00e3o foi essa convic\u00e7\u00e3o que o fez decidir. <\/b><\/p>\n<p>\u201cN\u00e3o foi essa convic\u00e7\u00e3o que me fez decidir por um lado ou por outro. Esse problema \u00e9 do passado. O que me interessa s\u00e3o os problemas do futuro\u201d, afirmou.<br \/>&#13;\n<\/p>\n<p>          <img decoding=\"async\" itemprop=\"image\" class=\"img-fluid\"   src=\"https:\/\/www.europesays.com\/pt\/wp-content\/uploads\/2025\/11\/970853121a7f89960d754a3cb6f27a3f_N.jpg\"\/><\/p>\n<p>\nO candidato clarificou ainda que, quando na entrevista a Valentina Marcelino respondeu que a not\u00edcia com Marcelo o motivou a candidatar-se, estava a referir-se ao t\u00edtulo do artigo e n\u00e3o ao seu conte\u00fado.<\/p>\n<p><b>\u201cA minha resposta n\u00e3o tem a ver com o conte\u00fado do artigo, tem a ver com o t\u00edtulo do artigo, que indiciava que eu estava a fazer chantagem com o Governo. Isso era uma coisa muito feia que me atribu\u00edram e que eu n\u00e3o gostei\u201d<\/b>, elucidou.<\/p>\n<p>\u201cNesse momento, achei que n\u00e3o tinha tamb\u00e9m condi\u00e7\u00f5es para continuar a exercer as minhas fun\u00e7\u00f5es de forma normal dentro da defesa\u201d.&#13;\n<\/p>\n<p>Confrontado com declara\u00e7\u00f5es do candidato presidencial Lu\u00eds Marques Mendes, que esta segunda-feira veio dizer que Gouveia e Melo \u201csempre que fala, tem uma certa tend\u00eancia para tr\u00eas coisas: ou para dizer alguns disparates, ou para entrar em contradi\u00e7\u00f5es, ou para gerar precipita\u00e7\u00f5es e pol\u00e9micas&#8221;, o almirante respondeu que prefere ignorar.<\/p>\n<p><b>\u201cIsso para mim \u00e9 pequena pol\u00edtica. \u00c9 pequena intriga. E parece que o doutor Lu\u00eds Marques Mendes tem uma fixa\u00e7\u00e3o em mim. E o protetor dele tamb\u00e9m tem uma fixa\u00e7\u00e3o em mim\u201d<\/b>, disse, referindo-se a Cavaco Silva.&#13;\n<\/p>\n<p>&#13;<br \/>\n&#8220;Posso contribuir para uma mudan\u00e7a significativa&#8221;&#13;\n<\/p>\n<p>\nO candidato assegurou que o que motivou foi \u201ca instabilidade internacional, a democracia com sinais de fragilidade interna e de descr\u00e9dito interno, uma economia que n\u00e3o \u00e9 pojante e que distribui pobreza em vez de distribuir riqueza, e alguma falta de ambi\u00e7\u00e3o geral\u201d.<\/p>\n<p>&#13;<br \/>\n\u201cEu concorro porque acredito que devo servir a minha p\u00e1tria e os portugueses neste momento de forma pol\u00edtica, e n\u00e3o continuando a servir na Defesa\u201d, salientou.<b> \u201cO meu partido \u00e9 Portugal e eu venho lutar pelos portugueses\u201d<\/b>.&#13;\n<\/p>\n<p>Questionado sobre se o presidente pode ter um papel ativo nos problemas que enumerou, Gouveia e Melo disse acreditar que pode ter \u201cum papel ativo atrav\u00e9s da magistratura de influ\u00eancia, mas n\u00e3o s\u00f3\u201d.<\/p>\n<p>\u201cPorque a alterativa \u00e9 dizer que o topo da pir\u00e2mide pol\u00edtica \u00e9 s\u00f3 figurativa, n\u00e3o serve para nada. E isso n\u00e3o me parece que seja o que \u00e9 o semipresidencialismo nem o que \u00e9 o nosso sistema\u201d, explicou.<\/p>\n<p><b>\u201cAcredito que posso contribuir para uma mudan\u00e7a significativa e para impulsionar Portugal com o Governo e com todo o sistema pol\u00edtico\u201d<\/b>, continuou o candidato.<\/p>\n<p>&#13;<br \/>\nO almirante disse ainda ter a sensa\u00e7\u00e3o de que n\u00e3o est\u00e1 a concorrer a umas elei\u00e7\u00f5es presidenciais, mas sim a umas \u201csegundas legislativas\u201d, j\u00e1 que \u201ctodos os partidos t\u00eam um representante e todos os candidatos, excetuando-me a mim, t\u00eam um partido de origem, um partido que o apoia\u201d.&#13;\n<\/p>\n<p>\u201cCandidatura verdadeiramente independente\u201d<br \/>\nGouveia e Melo afirmou-se como \u201cverdadeiramente independente\u201d e<br \/>\nconsiderou que os seus advers\u00e1rios estar\u00e3o \u201cref\u00e9ns\u201d dos interesses<br \/>\npartid\u00e1rios por mais que prometam ser \u201co presidente de todos os<br \/>\nportugueses\u201d.<\/p>\n<p>\u201cEu sou a pessoa mais liberta desses interesses\u201d, garantiu, rejeitando &#13;<br \/>\nem absoluto a possibilidade de ser condicionado pelos seus apoiantes.<\/p>\n<p>\u201cSe acham que me v\u00e3o mudar os ideais, que vou mais para a esquerda ou mais para a direita,<b> que me v\u00e3o capturar como se eu fosse um cavalo montando-se no meu lombo, v\u00e3o levar um coice e saltar do lombo rapidamente\u201d<\/b>, pode ler-se no livro Gouveia e Melo &#8211; As Raz\u00f5es, citado pelo jornalista V\u00edtor Gon\u00e7alves na entrevista.<\/p>\n<p>&#13;<br \/>\n<b>\u201cEu n\u00e3o gostaria de ver na Presid\u00eancia nenhum cavalo de Tr\u00f3ia de nenhum partido\u201d<\/b>, defendeu.&#13;\n<\/p>\n<p>\u201cA nossa popula\u00e7\u00e3o est\u00e1 a ser atra\u00edda por solu\u00e7\u00f5es cada vez mais<br \/>\nradicais\u201d, considerou. \u201cQuando a popula\u00e7\u00e3o \u00e9 atra\u00edda por solu\u00e7\u00f5es muito<br \/>\nradicais, o que come\u00e7a a perigar \u00e9 a pr\u00f3pria democracia\u201d.<\/p>\n<p>\u201cEu vou tentar, de alguma forma, dar uma hip\u00f3tese e contrariar isso\u201d.&#13;\n<\/p>\n<p>\u201cS\u00f3 h\u00e1 uma sondagem verdadeira\u201d<br \/>\nHenrique Gouveia e Melo declarou ainda que \u201cs\u00f3 h\u00e1 uma sondagem verdadeira\u201d, a do dia das elei\u00e7\u00f5es presidenciais, a 18 de janeiro. <\/p>\n<p>Questionado sobre se ficou preocupado com o resultado de uma sondagem de 31 de outubro, realizada pela Intercampus, em que fica em terceiro lugar, atr\u00e1s de Marques Mendes e Andr\u00e9 Ventura, <b>Gouveia e Melo rejeitou a preocupa\u00e7\u00e3o porque \u201coutras tr\u00eas sondagens de outras tr\u00eas empresas indicam precisamente o inverso\u201d. <\/b><\/p>\n<p>O candidato a Bel\u00e9m n\u00e3o sente nenhuma \u201ceros\u00e3o\u201d na sua candidatura, mas reconhece que o aumento do n\u00famero de candidatos \u201cpara todos os gostos e feitios\u201d diminuiu as inten\u00e7\u00f5es de votos dos portugueses em si.<\/p>\n<p>\u201c<b>Claro que isso baixou de alguma forma as inten\u00e7\u00f5es de votos num candidato que n\u00e3o faz parte nenhum partido<\/b>. Mas acredito muito que o partido que \u00e9 Portugal e que une os portugueses vai ter um bom resultado\u201d, afirmou.<\/p>\n<p>No entanto, reconhece que alcan\u00e7ar a vit\u00f3ria \u201cn\u00e3o s\u00e3o favas contadas, tenho de fazer o meu trabalho, tenho de convencer\u201d.&#13;\n<\/p>\n<p>\u201cServir sem me servir\u201d<br \/>\nSobre o seu curr\u00edculo e a falta de experi\u00eancia pol\u00edtica apontada pelos advers\u00e1rios, Henrique Gouveia e Melo real\u00e7ou ter \u201ca experi\u00eancia que interessa\u201d na resolu\u00e7\u00e3o de problemas. <\/p>\n<p>\u201cEu falo da experi\u00eancia que interessa. A experi\u00eancia de resolver problemas. Eu julgo que j\u00e1 demonstrei suficientemente a capacidade de resolver problemas, julgo que j\u00e1 demonstrei suficientemente a minha capacidade de adapta\u00e7\u00e3o, <b>a minha flexibilidade e a minha leitura moderada do que \u00e9 mundo<\/b>, j\u00e1 demonstrei isso \u00e0 exaust\u00e3o\u201d, afirmou. <\/p>\n<p>O candidato presidencial apresenta-se como uma pessoa \u201cmoderada\u201d e \u201cequilibrada\u201d, cuja \u201c\u00fanica coisa que deseja \u00e9 o bem de Portugal e dos portugueses e servir, sem se servir\u201d.&#13;\n<\/p>\n<p>\u201cUm bom acordo \u00e9 dez vezes melhor que uma luta\u201d<br \/>\nSobre a greve geral contra a reforma laboral proposta pelo Governo para o pr\u00f3ximo ano, agendada para 11 de dezembro, Gouveia e Melo reconheceu que \u00e9 necess\u00e1rio flexibilizar a lei laboral mas alertou para o perigo de \u201cclivagem social\u201d com a implementa\u00e7\u00e3o desta reforma.<\/p>\n<p>\u201cH\u00e1 necessidade de fazer flexibiliza\u00e7\u00e3o sem desla\u00e7ar o que \u00e9 verdadeiramente nuclear dos direitos dos trabalhadores, porque os direitos dos trabalhadores s\u00e3o mais de 99 por cento da popula\u00e7\u00e3o. <b>N\u00f3s estamos a falar de afetar direitos de 99 por cento da popula\u00e7\u00e3o, \u00e9 preciso muito cuidado quando se mexem nestas coisas<\/b>\u201d, alertou. <\/p>\n<p>O candidato presidencial disse ser defensor de um capitalismo \u201chumano e humanista\u201d e viu como \u201cum bom passo\u201d a reuni\u00e3o entre a ministra do Trabalho, Maria do Ros\u00e1rio Palma Ramalho, e a Uni\u00e3o Geral de Trabalhadores (UGT).<\/p>\n<p><b>\u201cN\u00e3o h\u00e1 nada como um acordo. Um acordo \u00e9 dez vezes melhor do que uma luta, porque a luta vai desla\u00e7ar a sociedade e mais do que isso n\u00e3o \u00e9 justa\u201d<\/b>, disse. <\/p>\n<p>Questionado sobre se limitaria o direito \u00e0 greve, Gouveia e Melo defendeu o direito \u00e0 greve mas assinalou que \u201co presidente n\u00e3o faz leis\u201d e \u201cdeve respeitar os poderes da Assembleia da Rep\u00fablica\u201d, caso queira fazer uma lei que tenha uma maioria relativamente est\u00e1vel. <\/p>\n<p>\u201cO direito \u00e0 greve \u00e9 um direito consagrado e que deve ser respeitado. H\u00e1 muitas formas de evitar uma greve e h\u00e1 muitas formas, havendo uma greve, de continuar a trabalhar com o pa\u00eds, porque a lei assim o define, mesmo havendo a greve\u201d, afirmou. <\/p>\n<p><b>Relativamente ao veto pol\u00edtico, o almirante Gouveia e Melo defendeu que este s\u00f3 deve ser exercido em \u201csitua\u00e7\u00f5es verdadeiramente cruciais, porque sen\u00e3o a Presid\u00eancia est\u00e1 a sobrepor-se \u00e0s fun\u00e7\u00f5es da Assembleia da Rep\u00fablica\u201d<\/b>. \u201cE n\u00e3o deve fazer isso porque s\u00e3o \u00f3rg\u00e3os independentes\u201d, insistiu.\u00a0&#13;\n<\/p>\n<p>Nomeadamente, na privatiza\u00e7\u00e3o da Seguran\u00e7a Social que admitiu vetar \u201cclaramente\u201d por \u201cprinc\u00edpio\u201d.<\/p>\n<p>\u201cEu digo claramente a\u00ed sim. S\u00e3o princ\u00edpios b\u00e1sicos para mim. <b>Eu nunca deixaria que a Seguran\u00e7a Social, que \u00e9 a base da confian\u00e7a relativamente ao nosso futuro, ficasse dependente de gestores que um dia podiam fazer uma asneira qualquer<\/b>\u201d, argumentou.\u00a0&#13;\n<\/p>\n<p>\u201cN\u00e3o basta enunciar \u00e0s televis\u00f5es reformas\u201d<br \/>\nQuestionado sobre a avalia\u00e7\u00e3o que faz do atual primeiro-ministro, Gouveia e Melo considerou positiva \u201ca vontade reformista\u201d de Lu\u00eds Montenegro, que \u201cencetou um conjunto de reformas\u201d, mas advertiu que \u201cn\u00e3o basta enunciar \u00e0s televis\u00f5es reformas\u201d, \u00e9 preciso gerir, controlar e responsabilizar-se pela materializa\u00e7\u00e3o e concretiza\u00e7\u00e3o das mesmas. <\/p>\n<p>\u201cEssa vontade reformista \u00e9 uma vontade importante porque sen\u00e3o o nosso pa\u00eds n\u00e3o evolui, \u00e9 preciso que o pa\u00eds evolua. Mas \u00e9 preciso tamb\u00e9m estar atento como \u00e9 que isso vai ser feito, n\u00e3o \u00e9 s\u00f3 enunciar para as televis\u00f5es reformas, porque elas requerem uma gest\u00e3o do dia-a-dia para que elas se materializem e concretizem\u201d, declarou.&#13;\n<\/p>\n<p><b>Acusado pelos seus advers\u00e1rios de ser uma pessoa autorit\u00e1ria, o almirante Gouveia e Melo rejeitou uma caracter\u00edstica que n\u00e3o o define mas que teve de exercer no \u00e2mbito das suas fun\u00e7\u00f5es anteriores<\/b>, nomeadamente como comandante das For\u00e7as Armadas. <\/p>\n<p>\u201cPara j\u00e1 n\u00e3o sou autorit\u00e1rio. Eu tive de exercer autoridade nos momentos que foi necess\u00e1rio exercer\u201d, afirmou. \u201cNunca exerci autoridades para l\u00e1 do que era necess\u00e1rio para cumprir a minha miss\u00e3o\u201d.<\/p>\n<p>\u201cE eu nunca, nunca, fugi \u00e0s minhas responsabilidades. Dei sempre a cara pelas minhas responsabilidades\u201d, salientou Henrique Gouveia e Melo.<\/p>\n<p><b>O candidato presidencial garante que n\u00e3o trar\u00e1 o autoritarismo para a Presid\u00eancia<\/b>, porque ao contr\u00e1rio do sistema militar, esta &#8220;vive muito de consensos&#8221;.&#13;\n<\/p>\n<p>Aborto e eutan\u00e1sia<br \/>\nQuestionado sobre o alargamento do prazo para o aborto, Gouveia e Melo considera que esse \u00e9 \u201cum assunto resolvido na sociedade portuguesa\u201d.  <\/p>\n<p><b>Quanto \u00e0 lei da eutan\u00e1sia, o candidato assume ser um \u201cassunto dif\u00edcil\u201d porque enquanto defensor da \u201cvida at\u00e9 \u00e0 \u00faltima inst\u00e2ncia\u201d<\/b> considera que \u201cdeve ser vivida com dignidade, sem dor porque sen\u00e3o \u00e9 uma tortura humana\u201d, mas defende que n\u00e3o deve ser facilitada para n\u00e3o se tornar num \u201cinstrumento de utilidade\u201d. <\/p>\n<p>\u201cAt\u00e9 que ponto n\u00f3s podemos estender a vida com dignidade e sem tortura, \u00e9 verdadeiramente a grande quest\u00e3o\u201d, afirmou. \u201cAgora h\u00e1 um perigo, n\u00f3s n\u00e3o devemos facilitar a eutan\u00e1sia porque sen\u00e3o a eutan\u00e1sia pode ser um instrumento de utilidade\u201d.<\/p>\n<p>Caso n\u00e3o ven\u00e7a as elei\u00e7\u00f5es presidenciais, o almirante Gouveia e Melo admitiu \u201cgozar finalmente a reforma\u201d e dedicar-se a outras coisas, nomeadamente no campo tecnol\u00f3gico, que a sua \u201cfixa\u00e7\u00e3o de servir o pa\u00eds\u201d n\u00e3o o deixou fazer.\u00a0&#13;<\/p>\n","protected":false},"excerpt":{"rendered":"O candidato presidencial Henrique Gouveia e Melo foi o convidado desta segunda-feira na Grande Entrevista, da RTP. O&hellip;\n","protected":false},"author":2,"featured_media":147313,"comment_status":"","ping_status":"","sticky":false,"template":"","format":"standard","meta":{"footnotes":""},"categories":[8],"tags":[27,28,2258,15,16,9498,14,25,26,21,22,588,12,13,19,20,32,5215,23,24,33,17,18,29,30,31],"class_list":{"0":"post-147312","1":"post","2":"type-post","3":"status-publish","4":"format-standard","5":"has-post-thumbnail","7":"category-principais-noticias","8":"tag-breaking-news","9":"tag-breakingnews","10":"tag-eleicoes","11":"tag-featured-news","12":"tag-featurednews","13":"tag-gouveia-e-melo","14":"tag-headlines","15":"tag-latest-news","16":"tag-latestnews","17":"tag-main-news","18":"tag-mainnews","19":"tag-marcelo-rebelo-de-sousa","20":"tag-news","21":"tag-noticias","22":"tag-noticias-principais","23":"tag-noticiasprincipais","24":"tag-portugal","25":"tag-presidenciais","26":"tag-principais-noticias","27":"tag-principaisnoticias","28":"tag-pt","29":"tag-top-stories","30":"tag-topstories","31":"tag-ultimas","32":"tag-ultimas-noticias","33":"tag-ultimasnoticias"},"share_on_mastodon":{"url":"https:\/\/pubeurope.com\/@pt\/115528150961198453","error":""},"_links":{"self":[{"href":"https:\/\/www.europesays.com\/pt\/wp-json\/wp\/v2\/posts\/147312","targetHints":{"allow":["GET"]}}],"collection":[{"href":"https:\/\/www.europesays.com\/pt\/wp-json\/wp\/v2\/posts"}],"about":[{"href":"https:\/\/www.europesays.com\/pt\/wp-json\/wp\/v2\/types\/post"}],"author":[{"embeddable":true,"href":"https:\/\/www.europesays.com\/pt\/wp-json\/wp\/v2\/users\/2"}],"replies":[{"embeddable":true,"href":"https:\/\/www.europesays.com\/pt\/wp-json\/wp\/v2\/comments?post=147312"}],"version-history":[{"count":0,"href":"https:\/\/www.europesays.com\/pt\/wp-json\/wp\/v2\/posts\/147312\/revisions"}],"wp:featuredmedia":[{"embeddable":true,"href":"https:\/\/www.europesays.com\/pt\/wp-json\/wp\/v2\/media\/147313"}],"wp:attachment":[{"href":"https:\/\/www.europesays.com\/pt\/wp-json\/wp\/v2\/media?parent=147312"}],"wp:term":[{"taxonomy":"category","embeddable":true,"href":"https:\/\/www.europesays.com\/pt\/wp-json\/wp\/v2\/categories?post=147312"},{"taxonomy":"post_tag","embeddable":true,"href":"https:\/\/www.europesays.com\/pt\/wp-json\/wp\/v2\/tags?post=147312"}],"curies":[{"name":"wp","href":"https:\/\/api.w.org\/{rel}","templated":true}]}}