{"id":147345,"date":"2025-11-11T00:39:07","date_gmt":"2025-11-11T00:39:07","guid":{"rendered":"https:\/\/www.europesays.com\/pt\/147345\/"},"modified":"2025-11-11T00:39:07","modified_gmt":"2025-11-11T00:39:07","slug":"terra-forte-afinal-manuel-esta-vivo-novelas","status":"publish","type":"post","link":"https:\/\/www.europesays.com\/pt\/147345\/","title":{"rendered":"Terra Forte: Afinal, Manuel est\u00e1 vivo &#8211; Novelas"},"content":{"rendered":"<p>Em \u00abTerra Forte\u00bb, Rufino (Vitor Norte) comemora com Rosa Maria (Cust\u00f3dia Gallego) o ressurgimento de Flor (Benedita Pereira), Rosa Maria sorri emocionada. Vivi (Sofia Nicholson) diz a Gl\u00f3ria que mesmo que acontecesse alguma coisa grave a Marcus (Vitor Hugo), isso n\u00e3o salvaria a fam\u00edlia por os seguros estarem todos em seu nome. Vivi questiona Rosa Maria o que afinal aconteceu a Flor.<\/p>\n","protected":false},"excerpt":{"rendered":"Em \u00abTerra Forte\u00bb, Rufino (Vitor Norte) comemora com Rosa Maria (Cust\u00f3dia Gallego) o ressurgimento de Flor (Benedita Pereira),&hellip;\n","protected":false},"author":2,"featured_media":147346,"comment_status":"","ping_status":"","sticky":false,"template":"","format":"standard","meta":{"footnotes":""},"categories":[142],"tags":[160,166,114,115,157,167,164,2931,161,158,165,159,32,33,156,18614,163,151,162],"class_list":{"0":"post-147345","1":"post","2":"type-post","3":"status-publish","4":"format-standard","5":"has-post-thumbnail","7":"category-tv","8":"tag-ana-guiomar","9":"tag-cristina-ferreira","10":"tag-entertainment","11":"tag-entretenimento","12":"tag-festa-e-festa","13":"tag-ficcao","14":"tag-jose-fidalgo","15":"tag-novela","16":"tag-novelas","17":"tag-para-sempre","18":"tag-pedro-sousa","19":"tag-pedro-teixeira","20":"tag-portugal","21":"tag-pt","22":"tag-queridos-papas","23":"tag-terra-forte","24":"tag-tiago-teotonio-pereira","25":"tag-tv","26":"tag-tvi"},"share_on_mastodon":{"url":"https:\/\/pubeurope.com\/@pt\/115528280537390848","error":""},"_links":{"self":[{"href":"https:\/\/www.europesays.com\/pt\/wp-json\/wp\/v2\/posts\/147345","targetHints":{"allow":["GET"]}}],"collection":[{"href":"https:\/\/www.europesays.com\/pt\/wp-json\/wp\/v2\/posts"}],"about":[{"href":"https:\/\/www.europesays.com\/pt\/wp-json\/wp\/v2\/types\/post"}],"author":[{"embeddable":true,"href":"https:\/\/www.europesays.com\/pt\/wp-json\/wp\/v2\/users\/2"}],"replies":[{"embeddable":true,"href":"https:\/\/www.europesays.com\/pt\/wp-json\/wp\/v2\/comments?post=147345"}],"version-history":[{"count":0,"href":"https:\/\/www.europesays.com\/pt\/wp-json\/wp\/v2\/posts\/147345\/revisions"}],"wp:featuredmedia":[{"embeddable":true,"href":"https:\/\/www.europesays.com\/pt\/wp-json\/wp\/v2\/media\/147346"}],"wp:attachment":[{"href":"https:\/\/www.europesays.com\/pt\/wp-json\/wp\/v2\/media?parent=147345"}],"wp:term":[{"taxonomy":"category","embeddable":true,"href":"https:\/\/www.europesays.com\/pt\/wp-json\/wp\/v2\/categories?post=147345"},{"taxonomy":"post_tag","embeddable":true,"href":"https:\/\/www.europesays.com\/pt\/wp-json\/wp\/v2\/tags?post=147345"}],"curies":[{"name":"wp","href":"https:\/\/api.w.org\/{rel}","templated":true}]}}