{"id":147418,"date":"2025-11-11T01:36:38","date_gmt":"2025-11-11T01:36:38","guid":{"rendered":"https:\/\/www.europesays.com\/pt\/147418\/"},"modified":"2025-11-11T01:36:38","modified_gmt":"2025-11-11T01:36:38","slug":"mar-sem-contemplacoes-em-tenerife-turistas-ignoram-avisos-e-acabam-arrastados-por-ondas-gigantes-jornal-de-noticias","status":"publish","type":"post","link":"https:\/\/www.europesays.com\/pt\/147418\/","title":{"rendered":"Mar sem contempla\u00e7\u00f5es em Tenerife: turistas ignoram avisos e acabam arrastados por ondas gigantes &#8211; Jornal de Not\u00edcias"},"content":{"rendered":"<ol>\n<li><a href=\"https:\/\/news.google.com\/rss\/articles\/CBMi1wFBVV95cUxNLXZ2eEl6NlAyTkVxX0lPYXhtdThHY21Ma3h0TUVPZ09maHJsVXkzTzIxMm5yMU5LRE1Uc1FyMkFmTHFZamY2QnFwaEtBUkZ5WENiV3U1Sy0zLTM5SjBmb3hadmlpall5bHZBMFlxSE9iQm1QbVRMbEZtMHQtM0hUS3lGaXhRZ0FneEdsZEtGdVlHNHY3UENfWmdpaGd6YjZVcDh0OHJ5ZVFFdTFFRnoxMEJHbThTLWdjQWxTY0VSZGF3T1lIWHFOVlVIREt0TEpFakZTcHRMWdIBxgFBVV95cUxPd2VNeUp5NnlpTTBHWUt5TjhEUElJNGdBeUFkZkN5US1nTTlhYWNXYjF5WHBVR0NieGRaa25nNGl3cTc3ZXd4b2QyQnkydGF6TmQ0QWpMSnU4a25JTW5fSXI1RFN4VDg2OXhJQ3Ria1NCVl8ybVp6MzFpZjdmRkxXX1QzUkhVY1FkVmF4dS15VG8wYmxBSlN4TVAtZXcyTFFJZXlaQzU1aklEYlNzSElRWEg0NFBiY3kxdmp2M3dtaEplM1VvTUE?oc=5\" target=\"_blank\" rel=\"nofollow noopener\">Mar sem contempla\u00e7\u00f5es em Tenerife: turistas ignoram avisos e acabam arrastados por ondas gigantes<\/a>&nbsp;&nbsp;Jornal de Not\u00edcias<\/li>\n<li><a href=\"https:\/\/news.google.com\/rss\/articles\/CBMi8gFBVV95cUxOaDVEdzJ2dXAzX0dQYTdEY0FhUFVnQ0VXUHpZcm9wUGhDQldpdFgwMUhPVVY4ME1fLWFkYkFlZ2tuX1ZLVXlsd2Z6aElsU1IwV3RYVzYzZWVoNURrd2dWU0Q0cEJ2bmQ1SlMwN0ZwanZoaWxoelczS1FjX1ZnblRYamFINzFlSzhPUWNqMUt1aV9uYWluZFdubEVUYWFEUV9iQzZxZkhUbDBZWjdOSS04WUZkd3Y1U1VTeWlCODB2V09CQ2Y5R1hKWDRBanVMNnFXU3BmTEY3azJ3aDZ1aWZISS00ek9QSmFvV1hITDc5MWdPd9IBgAJBVV95cUxOVnlfNmRwc3FESDRFcG1USk5QZEg4R0VaNlU4Y0JqaUpSMDBVXzU5VUIzenNlRDBRQWpmamRET0hrRDdyeDVUM0xKMWtTb0NYRmdxMzY1MWlMcjBDR0hFc0FCdURLb1pVWXFxeVBKYWY5bllJSlJDbmxtc0RqY0pWemVFMzh4c3pZV2liZUxCMEh0XzNRYS1xQ19kWlUwT2RySWVNZzR3UUp3dnpvUDdnZHN5bkgyZTAwbHRRWHdEVzM1TWFsSVkxTmRSVWFQZkR6R2t2Mms4QTVDdlcxZENYNXVMd01NLW9QQUZ5S1NfelFoaFhQUmVGWC1wQkJRV1lW?oc=5\" target=\"_blank\" rel=\"nofollow noopener\">Forte ressaca nas Ilhas Can\u00e1rias deixa tr\u00eas mortos e arrasta mais de dez turistas para o mar; v\u00eddeo<\/a>&nbsp;&nbsp;O Globo<\/li>\n<li><a href=\"https:\/\/news.google.com\/rss\/articles\/CBMiowFBVV95cUxNZlAxSUMweU9VYVJvb01oRm1wWmtKdGk5cFVZX293ZUpvNjkyS2VqNVo1Q2R5NktwdUhrVkxBNWR5a1htQjMtS25fd2gxeTVIVVhXRUFGcW1QQjJBUkFwdS0wUUpjS0VvLXUzM3JfUTFGUUhaMGV4VEJkeWY3azlMQXdLSFp3R0Z3WXZwZGhUaGFDM0ZkNk9oUGJibUVDV3VpbXhn0gGoAUFVX3lxTE00eWV5OWJLNFhlbHcyNUk3M1RIV3E5UUR0QUxRc0J3MFNNTlZLMmRMNmVleFdaWldwNHlIc182bUVreHFSR3pLQ2lScUdVd1BiRTBQbTRvMnhkUTc3Umo2c2I0Vmt0VE1GMGV4cng3UXJHeTZlRUFHT3JlRFhlVkoxWnJWb0lpWnpVQTJjV3VSZWROTWVKbFZDNUJWMEoxanlZelpDZ1hQOA?oc=5\" target=\"_blank\" rel=\"nofollow noopener\">Tr\u00eas pessoas morrem com mar agitado na ilha espanhola de Tenerife<\/a>&nbsp;&nbsp;InfoMoney<\/li>\n<li><a href=\"https:\/\/news.google.com\/rss\/articles\/CBMiwwFBVV95cUxPdTFxMXZjWU9ZZGloTllLcWU3WTBjcXRpbi1FWExjYVFaXzRnVE5tb01EMVJlR0QyOGVMeDJQd2lqQmRjaVlEZS1xRE5fU1ctZEZiRzhtRUdoZHdFQmFyeTB5cVhFQXJ5V2ZTbWZEdTQyU2JmcFMwX1h5M2tZX0FZWllaQXRaWEE5YXlmTjVXMExyaWV4N0VXRDAzQl8yNkI1dHdSRW8wRGlZbWpjSTZDOEhfVGo0dmQ3WFU3dHI3cnJadkU?oc=5\" target=\"_blank\" rel=\"nofollow noopener\">Tr\u00eas mortos e pelo menos 15 feridos por ondas gigantes em Tenerife<\/a>&nbsp;&nbsp;Euronews.com<\/li>\n<li><a href=\"https:\/\/news.google.com\/rss\/articles\/CBMitgFBVV95cUxNbG5TSlhyYnkxekxYa2xWUkpMdTVmSUdKWWxiMUxMNFROWC1RMzEzZ3ZhcVdQaGlacVhrcy1fRU41djJhbTdmSHdTeUpJNXZfTmhWTFpTcm9jYk9FWlJkQ0dYMW1fN1QtNmkxYjFEUmttSVF0VFRreGg4NmxVb0dYTHhuVmxUYklybE01WXZ3X2J5ZktqcXA0RHZzZGE0RVNYXzI5S3oyZHFxalItd2FYQUE5dGdnQQ?oc=5\" target=\"_blank\" rel=\"nofollow noopener\">Jos\u00e9 Calado: &#8220;Volume de futebol do Benfica \u00e9 fraco&#8221;<\/a>&nbsp;&nbsp;Correio da Manh\u00e3<\/li>\n<\/ol>\n","protected":false},"excerpt":{"rendered":"Mar sem contempla\u00e7\u00f5es em Tenerife: turistas ignoram avisos e acabam arrastados por ondas gigantes&nbsp;&nbsp;Jornal de Not\u00edcias Forte ressaca&hellip;\n","protected":false},"author":2,"featured_media":147419,"comment_status":"","ping_status":"","sticky":false,"template":"","format":"standard","meta":{"footnotes":""},"categories":[10],"tags":[27,28,15,16,14,25,26,21,22,12,13,19,20,32196,32,23,24,33,20982,31886,17,18,29,30,31],"class_list":{"0":"post-147418","1":"post","2":"type-post","3":"status-publish","4":"format-standard","5":"has-post-thumbnail","7":"category-portugal","8":"tag-breaking-news","9":"tag-breakingnews","10":"tag-featured-news","11":"tag-featurednews","12":"tag-headlines","13":"tag-latest-news","14":"tag-latestnews","15":"tag-main-news","16":"tag-mainnews","17":"tag-news","18":"tag-noticias","19":"tag-noticias-principais","20":"tag-noticiasprincipais","21":"tag-ondas-gigantes","22":"tag-portugal","23":"tag-principais-noticias","24":"tag-principaisnoticias","25":"tag-pt","26":"tag-tempestade","27":"tag-tenerife","28":"tag-top-stories","29":"tag-topstories","30":"tag-ultimas","31":"tag-ultimas-noticias","32":"tag-ultimasnoticias"},"share_on_mastodon":{"url":"https:\/\/pubeurope.com\/@pt\/115528504763366170","error":""},"_links":{"self":[{"href":"https:\/\/www.europesays.com\/pt\/wp-json\/wp\/v2\/posts\/147418","targetHints":{"allow":["GET"]}}],"collection":[{"href":"https:\/\/www.europesays.com\/pt\/wp-json\/wp\/v2\/posts"}],"about":[{"href":"https:\/\/www.europesays.com\/pt\/wp-json\/wp\/v2\/types\/post"}],"author":[{"embeddable":true,"href":"https:\/\/www.europesays.com\/pt\/wp-json\/wp\/v2\/users\/2"}],"replies":[{"embeddable":true,"href":"https:\/\/www.europesays.com\/pt\/wp-json\/wp\/v2\/comments?post=147418"}],"version-history":[{"count":0,"href":"https:\/\/www.europesays.com\/pt\/wp-json\/wp\/v2\/posts\/147418\/revisions"}],"wp:featuredmedia":[{"embeddable":true,"href":"https:\/\/www.europesays.com\/pt\/wp-json\/wp\/v2\/media\/147419"}],"wp:attachment":[{"href":"https:\/\/www.europesays.com\/pt\/wp-json\/wp\/v2\/media?parent=147418"}],"wp:term":[{"taxonomy":"category","embeddable":true,"href":"https:\/\/www.europesays.com\/pt\/wp-json\/wp\/v2\/categories?post=147418"},{"taxonomy":"post_tag","embeddable":true,"href":"https:\/\/www.europesays.com\/pt\/wp-json\/wp\/v2\/tags?post=147418"}],"curies":[{"name":"wp","href":"https:\/\/api.w.org\/{rel}","templated":true}]}}