{"id":147420,"date":"2025-11-11T01:37:39","date_gmt":"2025-11-11T01:37:39","guid":{"rendered":"https:\/\/www.europesays.com\/pt\/147420\/"},"modified":"2025-11-11T01:37:39","modified_gmt":"2025-11-11T01:37:39","slug":"socrates-pede-a-juiza-para-acabar-com-espetaculo-de-ter-advogado-que-nao-escolheu","status":"publish","type":"post","link":"https:\/\/www.europesays.com\/pt\/147420\/","title":{"rendered":"S\u00f3crates pede \u00e0 ju\u00edza para acabar com &#8220;espet\u00e1culo&#8221; de ter advogado que n\u00e3o escolheu"},"content":{"rendered":"<p data-remotead-prev-elm=\"true\" data-remotead-elm-id=\"inread\">Na sequ\u00eancia da ren\u00fancia do seu advogado, Pedro Delille, o tribunal ordenou a nomea\u00e7\u00e3o de um advogado oficioso para assegurar a defesa do ex-governante. Agora, num requerimento a que a Lusa teve acesso, Jos\u00e9 S\u00f3crates escreveu ao Tribunal a pedir para acabarem &#8220;com o lament\u00e1vel e degradante espet\u00e1culo&#8221;.<\/p>\n<p>O espet\u00e1culo &#8220;de ver na televis\u00e3o algu\u00e9m que reclama ser meu advogado, sem que eu alguma vez lhe tenha conferido qualquer mandato&#8221;, escreveu.<\/p>\n<p>&#8220;\u00c9 uma situa\u00e7\u00e3o que muito me desagrada e que, insisto, deve cessar imediatamente &#8211; se tenho 20 dias para escolher novo advogado, por favor poupem-me \u00e0 penosa encena\u00e7\u00e3o de ver algu\u00e9m falar em meu nome contra a minha vontade, dando express\u00e3o p\u00fablica \u00e0 continuada caricatura de abusos em que este processo se tornou f\u00e9rtil&#8221;, acrescentou o antigo primeiro-ministro.<\/p>\n<blockquote data-type=\"articles\" data-id=\"related-article-18016515\"><p>\n              <strong>Leia tamb\u00e9m <\/strong><br \/>\n              <a href=\"https:\/\/www.jn.pt\/justica\/artigo\/nao-tenho-qualquer-contacto-advogado-oficioso-ainda-nao-falou-com-socrates\/18016515\" rel=\"nofollow noopener\" target=\"_blank\">&#8220;N\u00e3o tenho qualquer contacto&#8221;. Advogado oficioso ainda n\u00e3o falou com S\u00f3crates<\/a>\n            <\/p><\/blockquote>\n<p>Jos\u00e9 S\u00f3crates disse ainda no documento estar em causa o seu direito \u00e0 defesa e que esse direito n\u00e3o pode ser sacrificado &#8220;com alega\u00e7\u00f5es de urg\u00eancia, nem com prazos de julgamento sugeridos por dirigentes do Conselho Superior da Magistratura&#8221; (numa refer\u00eancia a uma entrevista na imprensa).<\/p>\n<p>O Tribunal sabe, disse ainda Jos\u00e9 S\u00f3crates no documento, que esse direito \u00e0 defesa n\u00e3o pode ser assegurado por quem n\u00e3o tem qualquer conhecimento do processo e a quem n\u00e3o foi dado tempo para o consultar, nem condi\u00e7\u00f5es para acompanhar em audi\u00eancia a exibi\u00e7\u00e3o de documentos. O importante \u00e9, resumiu o antigo primeiro-ministro: &#8220;eu \u00e9 que escolho o meu advogado&#8221;.<\/p>\n<p data-remotead-prev-elm=\"true\" data-remotead-elm-id=\"centro2\">No documento, Jos\u00e9 S\u00f3crates come\u00e7ou por recordar que tem um prazo de 20 dias para escolher um advogado e que assim o far\u00e1.<\/p>\n<blockquote data-type=\"articles\" data-id=\"related-article-18015984\"><p>\n              <strong>Leia tamb\u00e9m <\/strong><br \/>\n              <a href=\"https:\/\/www.jn.pt\/justica\/artigo\/advogado-de-jose-socrates-renuncia-a-defender-antigo-primeiro-ministro\/18015984\" rel=\"nofollow noopener\" target=\"_blank\">Advogado de Jos\u00e9 S\u00f3crates renuncia a defender antigo primeiro-ministro<\/a>\n            <\/p><\/blockquote>\n<p>Na quarta-feira, Jos\u00e9 S\u00f3crates j\u00e1 tinha dito que ap\u00f3s a ren\u00fancia do seu defensor, Pedro Delille, n\u00e3o foi notificado para escolher outro advogado, nem contactado por ningu\u00e9m sobre esse assunto. &#8220;Depois da ren\u00fancia, n\u00e3o escolhi outro advogado. N\u00e3o fui notificado para escolher advogado. N\u00e3o fui, ali\u00e1s, contactado por ningu\u00e9m sobre esse assunto, nem mandatei nenhum outro advogado. Com toda a firmeza: n\u00e3o \u00e9 a senhora ju\u00edza que escolhe o meu futuro advogado, nem o Estado judici\u00e1rio me imp\u00f5e um defensor&#8221;, afirmou ent\u00e3o.<\/p>\n<p data-remotead-prev-elm=\"true\" data-remotead-elm-id=\"centro3\">Na ter\u00e7a-feira, o advogado de Jos\u00e9 S\u00f3crates, Pedro Delille, renunciou ao mandato de defensor do antigo primeiro-ministro no julgamento da Opera\u00e7\u00e3o Marqu\u00eas, tendo o tribunal ordenado a nomea\u00e7\u00e3o de um advogado oficioso para assegurar a defesa do ex-governante.<\/p>\n<p>Jos\u00e9 S\u00f3crates, de 68 anos, est\u00e1 pronunciado (acusado ap\u00f3s instru\u00e7\u00e3o) de 22 crimes, incluindo tr\u00eas de corrup\u00e7\u00e3o, por ter, alegadamente, recebido dinheiro para beneficiar em dossi\u00eas distintos o grupo Lena, o Grupo Esp\u00edrito Santo (GES) e o &#8216;resort&#8217; algarvio de Vale do Lobo.<\/p>\n<p>No total, o processo conta com 21 arguidos, que t\u00eam, em geral, negado a pr\u00e1tica dos 117 crimes econ\u00f3mico-financeiros que lhe s\u00e3o imputados.<\/p>\n<p>O julgamento decorre desde 3 de julho e tem sess\u00f5es agendadas pelo menos at\u00e9 18 de dezembro de 2025.<\/p>\n","protected":false},"excerpt":{"rendered":"Na sequ\u00eancia da ren\u00fancia do seu advogado, Pedro Delille, o tribunal ordenou a nomea\u00e7\u00e3o de um advogado oficioso&hellip;\n","protected":false},"author":2,"featured_media":147421,"comment_status":"","ping_status":"","sticky":false,"template":"","format":"standard","meta":{"footnotes":""},"categories":[8],"tags":[27,28,15,16,14,16189,603,25,26,21,22,12,13,19,20,16190,32,23,24,33,17,18,29,30,31],"class_list":{"0":"post-147420","1":"post","2":"type-post","3":"status-publish","4":"format-standard","5":"has-post-thumbnail","7":"category-principais-noticias","8":"tag-breaking-news","9":"tag-breakingnews","10":"tag-featured-news","11":"tag-featurednews","12":"tag-headlines","13":"tag-jose-socrates","14":"tag-justica","15":"tag-latest-news","16":"tag-latestnews","17":"tag-main-news","18":"tag-mainnews","19":"tag-news","20":"tag-noticias","21":"tag-noticias-principais","22":"tag-noticiasprincipais","23":"tag-operacao-marques","24":"tag-portugal","25":"tag-principais-noticias","26":"tag-principaisnoticias","27":"tag-pt","28":"tag-top-stories","29":"tag-topstories","30":"tag-ultimas","31":"tag-ultimas-noticias","32":"tag-ultimasnoticias"},"share_on_mastodon":{"url":"https:\/\/pubeurope.com\/@pt\/115528508615525083","error":""},"_links":{"self":[{"href":"https:\/\/www.europesays.com\/pt\/wp-json\/wp\/v2\/posts\/147420","targetHints":{"allow":["GET"]}}],"collection":[{"href":"https:\/\/www.europesays.com\/pt\/wp-json\/wp\/v2\/posts"}],"about":[{"href":"https:\/\/www.europesays.com\/pt\/wp-json\/wp\/v2\/types\/post"}],"author":[{"embeddable":true,"href":"https:\/\/www.europesays.com\/pt\/wp-json\/wp\/v2\/users\/2"}],"replies":[{"embeddable":true,"href":"https:\/\/www.europesays.com\/pt\/wp-json\/wp\/v2\/comments?post=147420"}],"version-history":[{"count":0,"href":"https:\/\/www.europesays.com\/pt\/wp-json\/wp\/v2\/posts\/147420\/revisions"}],"wp:featuredmedia":[{"embeddable":true,"href":"https:\/\/www.europesays.com\/pt\/wp-json\/wp\/v2\/media\/147421"}],"wp:attachment":[{"href":"https:\/\/www.europesays.com\/pt\/wp-json\/wp\/v2\/media?parent=147420"}],"wp:term":[{"taxonomy":"category","embeddable":true,"href":"https:\/\/www.europesays.com\/pt\/wp-json\/wp\/v2\/categories?post=147420"},{"taxonomy":"post_tag","embeddable":true,"href":"https:\/\/www.europesays.com\/pt\/wp-json\/wp\/v2\/tags?post=147420"}],"curies":[{"name":"wp","href":"https:\/\/api.w.org\/{rel}","templated":true}]}}