{"id":147422,"date":"2025-11-11T01:38:09","date_gmt":"2025-11-11T01:38:09","guid":{"rendered":"https:\/\/www.europesays.com\/pt\/147422\/"},"modified":"2025-11-11T01:38:09","modified_gmt":"2025-11-11T01:38:09","slug":"tom-cavalcante-renova-contrato-com-a-record-e-grava-nova-temporada-do-acerte-ou-caia-record","status":"publish","type":"post","link":"https:\/\/www.europesays.com\/pt\/147422\/","title":{"rendered":"Tom Cavalcante renova contrato com a RECORD e grava nova\u00a0temporada do Acerte ou Caia! \u2013 Record"},"content":{"rendered":"<p><img decoding=\"async\" data-chromatic=\"ignore\" alt=\"\" class=\"c-image\" loading=\"lazy\" src=\"https:\/\/www.europesays.com\/pt\/wp-content\/uploads\/2025\/11\/ZA7S5UUMLZGNNLWODBNFLLQZJ4.png\"  width=\"677\" height=\"369\"\/>Tom Cavalcante apresenta o Acerte ou Caia! EDU MORAES\/RECORD <\/p>\n<p class=\"jarvics:base-text-neutral-high-400 base-text-[calc(theme(fontSize.xs)_*_var(--font-size,_1))] base-font-normal base-font-primary base-text-neutral-low-500 base-text-left\">Sucesso nas tardes de domingo com o programa <a href=\"https:\/\/record.r7.com\/acerte-ou-caia\/\" target=\"_self\" rel=\"nofollow noopener\" title=\"https:\/\/record.r7.com\/acerte-ou-caia\/\"><b>Acerte ou Caia!<\/b><\/a>, Tom Cavalcante renova seu contrato com a <a href=\"https:\/\/record.r7.com\/\" target=\"_self\" rel=\"nofollow noopener\" title=\"https:\/\/record.r7.com\/\"><b>RECORD<\/b><\/a> para mais uma temporada \u00e0 frente do game show.<\/p>\n<p class=\"jarvics:base-text-neutral-high-400 base-text-[calc(theme(fontSize.xs)_*_var(--font-size,_1))] base-font-normal base-font-primary base-text-neutral-low-500 base-text-left\">O programa j\u00e1 foi assistido, em 2025, por mais de 85 milh\u00f5es de telespectadores em todo o Brasil. Neste ano, o game show \u00e9 vice-l\u00edder isolado nas principais pra\u00e7as do Brasil.<\/p>\n<p class=\"jarvics:base-text-neutral-high-400 base-text-[calc(theme(fontSize.xs)_*_var(--font-size,_1))] base-font-normal base-font-primary base-text-neutral-low-500 base-text-left\">Desde a estreia, j\u00e1 foram exibidos 65 programas, com 600 quedas, mais de cinco mil perguntas e mais de R$ 4 milh\u00f5es em pr\u00eamios distribu\u00eddos, em grava\u00e7\u00f5es realizadas na Argentina, Chile e S\u00e3o Paulo. <\/p>\n<p class=\"jarvics:base-text-neutral-high-400 base-text-[calc(theme(fontSize.xs)_*_var(--font-size,_1))] base-font-normal base-font-primary base-text-neutral-low-500 base-text-left\">Nesta segunda-feira (10), Tom Cavalcante iniciou a grava\u00e7\u00e3o desta quarta temporada em um est\u00fadio em S\u00e3o Paulo. Ser\u00e3o mais 52 programas, com quase 600 participantes, que garantem exibi\u00e7\u00e3o durante todo ano de 2026.<\/p>\n<p class=\"jarvics:base-text-neutral-high-400 base-text-[calc(theme(fontSize.xs)_*_var(--font-size,_1))] base-font-normal base-font-primary base-text-neutral-low-500 base-text-left\">O <a href=\"https:\/\/record.r7.com\/acerte-ou-caia\/\" target=\"_self\" rel=\"nofollow noopener\" title=\"https:\/\/record.r7.com\/acerte-ou-caia\/\"><b>Acerte ou Caia!<\/b><\/a> \u00e9 uma produ\u00e7\u00e3o da Boxfish, com dire\u00e7\u00e3o de David Feldon. Pela <a href=\"https:\/\/record.r7.com\/\" target=\"_self\" rel=\"nofollow noopener\" title=\"https:\/\/record.r7.com\/\"><b>RECORD<\/b><\/a>, a dire\u00e7\u00e3o art\u00edstica \u00e9 de Cesar Barreto. Todas as edi\u00e7\u00f5es est\u00e3o dispon\u00edveis no <a href=\"https:\/\/descubra.recordplus.com\/\" target=\"_self\" rel=\"nofollow noopener\" title=\"https:\/\/descubra.recordplus.com\/\"><b>RecordPlus<\/b><\/a>, plataforma de streaming da emissora. O programa vai ao ar todos os domingos, a partir das 15h30.<\/p>\n<p><b>Veja tamb\u00e9m: relembre os momentos mais engra\u00e7ados do <\/b><b>Acerte ou Caia!<\/b><\/p>\n<p class=\"jarvics:base-text-neutral-high-400 base-text-[calc(theme(fontSize.xxs)_*_var(--font-size,_1))] base-font-semibold base-font-primary base-text-neutral-low-500 base-text-left\">Sob o comando de Tom Cavalcante, o Acerte ou Caia! sempre traz aquele momento divertido para o domingo, mas nem s\u00f3 de quedas vive o programa, na disputa pelo pr\u00eamio, os famosos acabam rendendo muitos memes<\/p>\n","protected":false},"excerpt":{"rendered":"Tom Cavalcante apresenta o Acerte ou Caia! EDU MORAES\/RECORD Sucesso nas tardes de domingo com o programa Acerte&hellip;\n","protected":false},"author":2,"featured_media":147423,"comment_status":"","ping_status":"","sticky":false,"template":"","format":"standard","meta":{"footnotes":""},"categories":[145],"tags":[4355,211,210,114,115,32,33,4356],"class_list":{"0":"post-147422","1":"post","2":"type-post","3":"status-publish","4":"format-standard","5":"has-post-thumbnail","7":"category-celebridades","8":"tag-acerte-ou-caia","9":"tag-celebridades","10":"tag-celebrities","11":"tag-entertainment","12":"tag-entretenimento","13":"tag-portugal","14":"tag-pt","15":"tag-tom-cavalcante"},"share_on_mastodon":{"url":"https:\/\/pubeurope.com\/@pt\/115528512640769844","error":""},"_links":{"self":[{"href":"https:\/\/www.europesays.com\/pt\/wp-json\/wp\/v2\/posts\/147422","targetHints":{"allow":["GET"]}}],"collection":[{"href":"https:\/\/www.europesays.com\/pt\/wp-json\/wp\/v2\/posts"}],"about":[{"href":"https:\/\/www.europesays.com\/pt\/wp-json\/wp\/v2\/types\/post"}],"author":[{"embeddable":true,"href":"https:\/\/www.europesays.com\/pt\/wp-json\/wp\/v2\/users\/2"}],"replies":[{"embeddable":true,"href":"https:\/\/www.europesays.com\/pt\/wp-json\/wp\/v2\/comments?post=147422"}],"version-history":[{"count":0,"href":"https:\/\/www.europesays.com\/pt\/wp-json\/wp\/v2\/posts\/147422\/revisions"}],"wp:featuredmedia":[{"embeddable":true,"href":"https:\/\/www.europesays.com\/pt\/wp-json\/wp\/v2\/media\/147423"}],"wp:attachment":[{"href":"https:\/\/www.europesays.com\/pt\/wp-json\/wp\/v2\/media?parent=147422"}],"wp:term":[{"taxonomy":"category","embeddable":true,"href":"https:\/\/www.europesays.com\/pt\/wp-json\/wp\/v2\/categories?post=147422"},{"taxonomy":"post_tag","embeddable":true,"href":"https:\/\/www.europesays.com\/pt\/wp-json\/wp\/v2\/tags?post=147422"}],"curies":[{"name":"wp","href":"https:\/\/api.w.org\/{rel}","templated":true}]}}