{"id":147450,"date":"2025-11-11T02:03:22","date_gmt":"2025-11-11T02:03:22","guid":{"rendered":"https:\/\/www.europesays.com\/pt\/147450\/"},"modified":"2025-11-11T02:03:22","modified_gmt":"2025-11-11T02:03:22","slug":"aqui-nao-existem-leis-maior-operacao-de-sempre-no-rio-de-janeiro-nao-conseguiu-apanhar-nenhum-dos-69-alvos-principais","status":"publish","type":"post","link":"https:\/\/www.europesays.com\/pt\/147450\/","title":{"rendered":"&#8220;Aqui n\u00e3o existem leis&#8221;: maior opera\u00e7\u00e3o de sempre no Rio de Janeiro n\u00e3o conseguiu apanhar nenhum dos 69 alvos principais"},"content":{"rendered":"<p>\t                &#8220;N\u00e3o foi muito f\u00e1cil procurar 69 pessoas entre as 280 mil\u201d que vivem nas favelas onde decorreu a opera\u00e7\u00e3o, justifica a pol\u00edcia, que adianta que est\u00e3o previstas opera\u00e7\u00f5es semelhantes nos pr\u00f3ximos meses, no Rio de Janeiro<\/p>\n<p>A megaopera\u00e7\u00e3o operacional mais mort\u00edfera do Brasil foi classificada pelas autoridades do Rio de Janeiro como um \u201csucesso\u201d, mas falhou no seu principal objetivo: cumprir 100 mandados de capturas contra membros e l\u00edderes do Comando Vermelho.<\/p>\n<p>De acordo com a ag\u00eancia <a href=\"https:\/\/www.reuters.com\/world\/americas\/brazils-deadliest-police-raid-failed-capture-or-kill-gang-leaders-2025-11-10\/\" target=\"_blank\" rel=\"nofollow noopener\">Reuters<\/a>, que teve acesso ao relat\u00f3rio completo da pol\u00edcia do Rio de Janeiro partilhado com o Supremo Tribunal Federal, nenhuma das 117 pessoas mortas pela pol\u00edcia naquele dia (excluindo quatro pol\u00edcias e dois adolescentes), estava entre os 69 suspeitos citados pelos procuradores na den\u00fancia que serviu de base para a opera\u00e7\u00e3o.<\/p>\n<p>No \u00e2mbito da megaopera\u00e7\u00e3o, conhecida como Opera\u00e7\u00e3o Conten\u00e7\u00e3o, a pol\u00edcia deteve 99 pessoas, das quais apenas cinco eram citadas na den\u00fancia criminal, sendo que nenhuma delas estava na lideran\u00e7a do Comando Vermelho, um dos mais antigos grupos criminosos brasileiros.\u00a0<\/p>\n<p>O principal l\u00edder do Comando Vermelho, Edgar Alves de Andrade, continua a monte. O traficante, conhecido como \u201cDoca da Penha\u201d, domina uma regi\u00e3o composta por 13 favelas, e \u00e9 investigado por 329 crimes, dos quais 112 s\u00e3o homic\u00eddios. Sobre ele recaem ainda suspeitas de tr\u00e1fico de droga, organiza\u00e7\u00e3o criminosa, tortura, extors\u00e3o, corrup\u00e7\u00e3o de menores e oculta\u00e7\u00e3o de cad\u00e1ver. Edgar Alves de Andrade foi capaz de escapar do Complexo da Penha escoltado por um grupo de 70 criminosos.\u00a0<\/p>\n<p>O secret\u00e1rio da Seguran\u00e7a P\u00fablica do Rio de Janeiro, Victor dos Santos, confirmou \u00e0 Reuters que o objetivo da opera\u00e7\u00e3o era apanhar os l\u00edderes do Comando Vermelho. Todavia, acrescentou o secret\u00e1rio, \u201cn\u00e3o foi muito f\u00e1cil procurar 69 pessoas entre as 280 mil\u201d que vivem nas favelas onde decorreu a opera\u00e7\u00e3o &#8211; o Complexo do Alem\u00e3o e o Complexo da Penha, na regi\u00e3o norte da cidade.\u00a0<\/p>\n<p>Entre os 117 mortos, 19 n\u00e3o tinham antecedentes criminais. Ainda assim, Victor dos Santos garante que todos eles eram criminosos. O secret\u00e1rio da Seguran\u00e7a P\u00fablica do Rio de Janeiro argumenta que o n\u00famero de mortos e detidos nesta opera\u00e7\u00e3o mostra que \u201ca situa\u00e7\u00e3o \u00e9 muito pior\u201d do que a investiga\u00e7\u00e3o preliminar das autoridades apontava. Victor dos Santos adianta que est\u00e3o previstas outras opera\u00e7\u00f5es nas favelas do Rio de Janeiro\u00a0nos pr\u00f3ximos meses.<\/p>\n<p>Mesmo com estas garantias por parte das autoridades, os familiares das v\u00edtimas e v\u00e1rias organiza\u00e7\u00f5es de defesa dos direitos humanos criticam os moldes da opera\u00e7\u00e3o, acusando a pol\u00edcia de matar pessoas indiscriminadamente.<\/p>\n<p>\u201cA pol\u00edcia det\u00e9m-nos, executa-os e est\u00e1 tudo bem, porque sabem que aqui n\u00e3o existe leis\u201d, lamenta \u00e0 Reuters Samuel Pe\u00e7anha, cujo filho, Michael, de apenas 14 anos, foi morto durante a opera\u00e7\u00e3o policial. \u201cNo Brasil isto \u00e9 normal.\u201d<\/p>\n<p>O pai de Michael confirma \u00e0 ag\u00eancia de not\u00edcias que o filho fazia parte do Comando Vermelho, mas admite que ainda tinha esperan\u00e7as de o convencer a seguir outro rumo. \u201cEle ainda era uma crian\u00e7a\u201d, chora. \u201cInfelizmente, n\u00e3o consegui tir\u00e1-lo de l\u00e1.\u201d<\/p>\n","protected":false},"excerpt":{"rendered":"&#8220;N\u00e3o foi muito f\u00e1cil procurar 69 pessoas entre as 280 mil\u201d que vivem nas favelas onde decorreu a&hellip;\n","protected":false},"author":2,"featured_media":131962,"comment_status":"","ping_status":"","sticky":false,"template":"","format":"standard","meta":{"footnotes":""},"categories":[50],"tags":[609,836,611,726,27,28,607,608,7403,333,832,604,135,610,476,15,16,301,830,14,603,25,26,570,21,22,831,833,32204,62,834,12,13,19,20,32203,835,602,52,32,23,24,2326,17,18,29,30,31,63,64,65],"class_list":{"0":"post-147450","1":"post","2":"type-post","3":"status-publish","4":"format-standard","5":"has-post-thumbnail","7":"category-mundo","8":"tag-alerta","9":"tag-analise","10":"tag-ao-minuto","11":"tag-brasil","12":"tag-breaking-news","13":"tag-breakingnews","14":"tag-cnn","15":"tag-cnn-portugal","16":"tag-comando-vermelho","17":"tag-comentadores","18":"tag-costa","19":"tag-crime","20":"tag-desporto","21":"tag-direto","22":"tag-economia","23":"tag-featured-news","24":"tag-featurednews","25":"tag-governo","26":"tag-guerra","27":"tag-headlines","28":"tag-justica","29":"tag-latest-news","30":"tag-latestnews","31":"tag-live","32":"tag-main-news","33":"tag-mainnews","34":"tag-mais-vistas","35":"tag-marcelo","36":"tag-megaoperacao-brasil","37":"tag-mundo","38":"tag-negocios","39":"tag-news","40":"tag-noticias","41":"tag-noticias-principais","42":"tag-noticiasprincipais","43":"tag-operacao-policial-brasil","44":"tag-opiniao","45":"tag-pais","46":"tag-politica","47":"tag-portugal","48":"tag-principais-noticias","49":"tag-principaisnoticias","50":"tag-rio-de-janeiro","51":"tag-top-stories","52":"tag-topstories","53":"tag-ultimas","54":"tag-ultimas-noticias","55":"tag-ultimasnoticias","56":"tag-world","57":"tag-world-news","58":"tag-worldnews"},"share_on_mastodon":{"url":"","error":"Validation failed: Text character limit of 500 exceeded"},"_links":{"self":[{"href":"https:\/\/www.europesays.com\/pt\/wp-json\/wp\/v2\/posts\/147450","targetHints":{"allow":["GET"]}}],"collection":[{"href":"https:\/\/www.europesays.com\/pt\/wp-json\/wp\/v2\/posts"}],"about":[{"href":"https:\/\/www.europesays.com\/pt\/wp-json\/wp\/v2\/types\/post"}],"author":[{"embeddable":true,"href":"https:\/\/www.europesays.com\/pt\/wp-json\/wp\/v2\/users\/2"}],"replies":[{"embeddable":true,"href":"https:\/\/www.europesays.com\/pt\/wp-json\/wp\/v2\/comments?post=147450"}],"version-history":[{"count":0,"href":"https:\/\/www.europesays.com\/pt\/wp-json\/wp\/v2\/posts\/147450\/revisions"}],"wp:featuredmedia":[{"embeddable":true,"href":"https:\/\/www.europesays.com\/pt\/wp-json\/wp\/v2\/media\/131962"}],"wp:attachment":[{"href":"https:\/\/www.europesays.com\/pt\/wp-json\/wp\/v2\/media?parent=147450"}],"wp:term":[{"taxonomy":"category","embeddable":true,"href":"https:\/\/www.europesays.com\/pt\/wp-json\/wp\/v2\/categories?post=147450"},{"taxonomy":"post_tag","embeddable":true,"href":"https:\/\/www.europesays.com\/pt\/wp-json\/wp\/v2\/tags?post=147450"}],"curies":[{"name":"wp","href":"https:\/\/api.w.org\/{rel}","templated":true}]}}