{"id":147493,"date":"2025-11-11T03:00:23","date_gmt":"2025-11-11T03:00:23","guid":{"rendered":"https:\/\/www.europesays.com\/pt\/147493\/"},"modified":"2025-11-11T03:00:23","modified_gmt":"2025-11-11T03:00:23","slug":"quando-se-fala-em-ir-para-fora-muitos-treinadores-pensam-logo-no-lado-economico","status":"publish","type":"post","link":"https:\/\/www.europesays.com\/pt\/147493\/","title":{"rendered":"\u00abQuando se fala em ir para fora, muitos treinadores pensam logo no lado econ\u00f3mico\u00bb"},"content":{"rendered":"<p>&#8211; Advertisement &#8211;<\/p>\n<p>Ricardo Silva foi o mais recente entrevistado pelo\u00a0<strong>Bola na Rede<\/strong>. O treinador com passagens no Pa\u00e7os de Ferreira e LANK Vilaverdense falou sobre o mercado do M\u00e9dio Oriente.<\/p>\n<p>\u00abNormalmente quando se fala em ir para fora, muitos treinadores pensam logo no lado econ\u00f3mico, porque h\u00e1 muitos pa\u00edses onde se paga melhor do que c\u00e1. Eu continuo muito ligado \u00e0 parte competitiva, no jogo. Ainda me motiva muito trabalhar com os jogadores e ajud\u00e1-los a evoluir. Agora, ir para mercados como o M\u00e9dio Oriente apenas por dinheiro, sabendo que os clubes com maior poderio est\u00e3o ocupados por treinadores de alt\u00edssimo n\u00edvel, n\u00e3o faria sentido neste momento. O meu foco est\u00e1 naquilo que faz sentido desportivamente e que se enquadre na minha forma de liderar e de estar no jogo\u00bb, explicou Ricardo Silva.<\/p>\n<p><a href=\"https:\/\/bolanarede.pt\/especial-bola-na-rede\/atualidade\/um-treinador-com-o-meu-perfil-e-com-o-meu-percurso-nao-pode-estar-parado-muito-tempo-entrevista-bola-na-rede-a-ricardo-silva\/\" target=\"_blank\" rel=\"noreferrer noopener nofollow\">L\u00ea toda a entrevista de Ricardo Silva.<\/a><\/p>\n","protected":false},"excerpt":{"rendered":"&#8211; Advertisement &#8211; Ricardo Silva foi o mais recente entrevistado pelo\u00a0Bola na Rede. O treinador com passagens no&hellip;\n","protected":false},"author":2,"featured_media":147494,"comment_status":"","ping_status":"","sticky":false,"template":"","format":"standard","meta":{"footnotes":""},"categories":[87],"tags":[260,8413,135,26511,32232,2499,26633,32,479,33,26257,13574,134],"class_list":{"0":"post-147493","1":"post","2":"type-post","3":"status-publish","4":"format-standard","5":"has-post-thumbnail","7":"category-desporto","8":"tag-atualidade","9":"tag-campeonato-de-portugal","10":"tag-desporto","11":"tag-entrevista-bnr","12":"tag-lank-vilaverdense","13":"tag-liga-3","14":"tag-pacos-de-ferreira","15":"tag-portugal","16":"tag-primeira-liga","17":"tag-pt","18":"tag-ricardo-silva","19":"tag-segunda-liga","20":"tag-sports"},"share_on_mastodon":{"url":"https:\/\/pubeurope.com\/@pt\/115528835053583403","error":""},"_links":{"self":[{"href":"https:\/\/www.europesays.com\/pt\/wp-json\/wp\/v2\/posts\/147493","targetHints":{"allow":["GET"]}}],"collection":[{"href":"https:\/\/www.europesays.com\/pt\/wp-json\/wp\/v2\/posts"}],"about":[{"href":"https:\/\/www.europesays.com\/pt\/wp-json\/wp\/v2\/types\/post"}],"author":[{"embeddable":true,"href":"https:\/\/www.europesays.com\/pt\/wp-json\/wp\/v2\/users\/2"}],"replies":[{"embeddable":true,"href":"https:\/\/www.europesays.com\/pt\/wp-json\/wp\/v2\/comments?post=147493"}],"version-history":[{"count":0,"href":"https:\/\/www.europesays.com\/pt\/wp-json\/wp\/v2\/posts\/147493\/revisions"}],"wp:featuredmedia":[{"embeddable":true,"href":"https:\/\/www.europesays.com\/pt\/wp-json\/wp\/v2\/media\/147494"}],"wp:attachment":[{"href":"https:\/\/www.europesays.com\/pt\/wp-json\/wp\/v2\/media?parent=147493"}],"wp:term":[{"taxonomy":"category","embeddable":true,"href":"https:\/\/www.europesays.com\/pt\/wp-json\/wp\/v2\/categories?post=147493"},{"taxonomy":"post_tag","embeddable":true,"href":"https:\/\/www.europesays.com\/pt\/wp-json\/wp\/v2\/tags?post=147493"}],"curies":[{"name":"wp","href":"https:\/\/api.w.org\/{rel}","templated":true}]}}