{"id":147503,"date":"2025-11-11T03:11:42","date_gmt":"2025-11-11T03:11:42","guid":{"rendered":"https:\/\/www.europesays.com\/pt\/147503\/"},"modified":"2025-11-11T03:11:42","modified_gmt":"2025-11-11T03:11:42","slug":"exclusivo-a-protegida-jd-vive-uma-nova-vida-ao-lado-de-outra-mulher-novelas","status":"publish","type":"post","link":"https:\/\/www.europesays.com\/pt\/147503\/","title":{"rendered":"Exclusivo \u00abA Protegida\u00bb: JD vive uma nova vida ao lado de outra mulher &#8211; Novelas"},"content":{"rendered":"<p>Em \u00abA Protegida\u00bb, um surfista corta as ondas com destreza. No areal, alguns banhistas observam-no e sorriem para ele, quando sai da \u00e1gua. Vemos que \u00e9 <a href=\"https:\/\/tvi.iol.pt\/novelas\/ator\/jose-diogo\/67ac875bd34ef72ee4422589\" wbo-id=\"52\" rel=\"nofollow noopener\" target=\"_blank\">Jos\u00e9 Diogo (Pedro Sousa)<\/a>, que depois atende uma chamada e diz que vai j\u00e1.<\/p>\n<p>JD chega \u00e0 roulotte e fica satisfeito com a quantidade de clientes. <a href=\"https:\/\/tvi.iol.pt\/novelas\/videos\/clarice-emociona-se-ao-saber-que-e-avo-e-monica-chora\/68a5eb840cf216cd3ad3a1c1\" target=\"_blank\" rel=\"nofollow noopener\">M\u00f3nica (Catarina Nifo)<\/a>\u00a0est\u00e1 a trabalhar e est\u00e1 feliz com o sucesso do neg\u00f3cio. JD acha o &#8220;flores&#8221; a estrela da companhia. M\u00f3nica n\u00e3o gosta do nome, dado a sua origem, mas JD n\u00e3o se lembra do passado e sonhou com aquele nome. M\u00f3nica trata JD por Rodrigo. JD e M\u00f3nica est\u00e3o a limpar a roulotte e a constatar que foi mais um dia de sucesso. M\u00f3nica vai para beijar JD, mas ele retrai-se e diz que ainda n\u00e3o consegue. M\u00f3nica diz que eram muito felizes enquanto casal, antes do acidente. JD acredita, mas n\u00e3o se lembra de nada. JD tira um caf\u00e9 e fica absorto. Tem um flash de <a href=\"https:\/\/tvi.iol.pt\/novelas\/ator\/mariana-vilalobos\/67ac80ecd34ef72ee44224fe\" wbo-id=\"51\" rel=\"nofollow noopener\" target=\"_blank\">Mariana (Matilde Reym\u00e3o)<\/a>\u00a0e do logotipo da caf\u00e9 Vilalobos.<\/p>\n<p>Recorde-se que Mariana e JD tinham-se casado:<\/p>\n","protected":false},"excerpt":{"rendered":"Em \u00abA Protegida\u00bb, um surfista corta as ondas com destreza. No areal, alguns banhistas observam-no e sorriem para&hellip;\n","protected":false},"author":2,"featured_media":147504,"comment_status":"","ping_status":"","sticky":false,"template":"","format":"standard","meta":{"footnotes":""},"categories":[142],"tags":[168,160,10915,166,114,115,157,167,14916,164,10916,161,158,165,159,32,33,156,163,151,162],"class_list":{"0":"post-147503","1":"post","2":"type-post","3":"status-publish","4":"format-standard","5":"has-post-thumbnail","7":"category-tv","8":"tag-a-protegida","9":"tag-ana-guiomar","10":"tag-catarina-nifo","11":"tag-cristina-ferreira","12":"tag-entertainment","13":"tag-entretenimento","14":"tag-festa-e-festa","15":"tag-ficcao","16":"tag-jd","17":"tag-jose-fidalgo","18":"tag-monica","19":"tag-novelas","20":"tag-para-sempre","21":"tag-pedro-sousa","22":"tag-pedro-teixeira","23":"tag-portugal","24":"tag-pt","25":"tag-queridos-papas","26":"tag-tiago-teotonio-pereira","27":"tag-tv","28":"tag-tvi"},"share_on_mastodon":{"url":"https:\/\/pubeurope.com\/@pt\/115528878198881944","error":""},"_links":{"self":[{"href":"https:\/\/www.europesays.com\/pt\/wp-json\/wp\/v2\/posts\/147503","targetHints":{"allow":["GET"]}}],"collection":[{"href":"https:\/\/www.europesays.com\/pt\/wp-json\/wp\/v2\/posts"}],"about":[{"href":"https:\/\/www.europesays.com\/pt\/wp-json\/wp\/v2\/types\/post"}],"author":[{"embeddable":true,"href":"https:\/\/www.europesays.com\/pt\/wp-json\/wp\/v2\/users\/2"}],"replies":[{"embeddable":true,"href":"https:\/\/www.europesays.com\/pt\/wp-json\/wp\/v2\/comments?post=147503"}],"version-history":[{"count":0,"href":"https:\/\/www.europesays.com\/pt\/wp-json\/wp\/v2\/posts\/147503\/revisions"}],"wp:featuredmedia":[{"embeddable":true,"href":"https:\/\/www.europesays.com\/pt\/wp-json\/wp\/v2\/media\/147504"}],"wp:attachment":[{"href":"https:\/\/www.europesays.com\/pt\/wp-json\/wp\/v2\/media?parent=147503"}],"wp:term":[{"taxonomy":"category","embeddable":true,"href":"https:\/\/www.europesays.com\/pt\/wp-json\/wp\/v2\/categories?post=147503"},{"taxonomy":"post_tag","embeddable":true,"href":"https:\/\/www.europesays.com\/pt\/wp-json\/wp\/v2\/tags?post=147503"}],"curies":[{"name":"wp","href":"https:\/\/api.w.org\/{rel}","templated":true}]}}