{"id":147505,"date":"2025-11-11T03:14:17","date_gmt":"2025-11-11T03:14:17","guid":{"rendered":"https:\/\/www.europesays.com\/pt\/147505\/"},"modified":"2025-11-11T03:14:17","modified_gmt":"2025-11-11T03:14:17","slug":"video-sistema-de-rega-em-famalicao-atrapalha-protesto-dos-arbitros","status":"publish","type":"post","link":"https:\/\/www.europesays.com\/pt\/147505\/","title":{"rendered":"V\u00cdDEO: sistema de rega em Famalic\u00e3o atrapalha protesto dos \u00e1rbitros"},"content":{"rendered":"<p style=\"margin-bottom:11px\">Os minutos que antecederam o pontap\u00e9 de sa\u00edda do <a href=\"https:\/\/maisfutebol.iol.pt\/jogo\/aominuto\/13828218\" target=\"_blank\" rel=\"nofollow noopener\">Famalic\u00e3o-FC Porto, da 11.\u00aa jornada da Liga<\/a>, ficaram marcados pelo protesto da equipa de arbitragem, liderada por Jos\u00e9 Bessa, que subiu ao relvado antes dos jogadores.<\/p>\n<p>O gesto, simb\u00f3lico em <a href=\"https:\/\/maisfutebol.iol.pt\/arbitragem\/liga\/liga-arbitros-sobem-ao-relvado-antes-das-equipas-em-protesto\" target=\"_blank\" rel=\"nofollow noopener\">fim de semana de protesto do setor da arbitragem nos campeonatos profissionais de futebol<\/a>, acabou, ainda assim, por ser condicionado pelo sistema de rega do Est\u00e1dio Municipal de Famalic\u00e3o, que estava a funcionar nesse momento.<\/p>\n<p>A situa\u00e7\u00e3o, ins\u00f3lita, foi rapidamente resolvida, permitindo que a equipa de arbitragem cumprisse a a\u00e7\u00e3o de protesto.<\/p>\n","protected":false},"excerpt":{"rendered":"Os minutos que antecederam o pontap\u00e9 de sa\u00edda do Famalic\u00e3o-FC Porto, da 11.\u00aa jornada da Liga, ficaram marcados&hellip;\n","protected":false},"author":2,"featured_media":147506,"comment_status":"","ping_status":"","sticky":false,"template":"","format":"standard","meta":{"footnotes":""},"categories":[87],"tags":[3266,135,5879,282,36,1356,46,32,32233,33,47,134],"class_list":{"0":"post-147505","1":"post","2":"type-post","3":"status-publish","4":"format-standard","5":"has-post-thumbnail","7":"category-desporto","8":"tag-arbitragem","9":"tag-desporto","10":"tag-famalicao","11":"tag-fc-porto","12":"tag-liga","13":"tag-mais-futebol","14":"tag-maisfutebol","15":"tag-portugal","16":"tag-protesto-arbitros","17":"tag-pt","18":"tag-pura-paixao","19":"tag-sports"},"share_on_mastodon":{"url":"https:\/\/pubeurope.com\/@pt\/115528890050080875","error":""},"_links":{"self":[{"href":"https:\/\/www.europesays.com\/pt\/wp-json\/wp\/v2\/posts\/147505","targetHints":{"allow":["GET"]}}],"collection":[{"href":"https:\/\/www.europesays.com\/pt\/wp-json\/wp\/v2\/posts"}],"about":[{"href":"https:\/\/www.europesays.com\/pt\/wp-json\/wp\/v2\/types\/post"}],"author":[{"embeddable":true,"href":"https:\/\/www.europesays.com\/pt\/wp-json\/wp\/v2\/users\/2"}],"replies":[{"embeddable":true,"href":"https:\/\/www.europesays.com\/pt\/wp-json\/wp\/v2\/comments?post=147505"}],"version-history":[{"count":0,"href":"https:\/\/www.europesays.com\/pt\/wp-json\/wp\/v2\/posts\/147505\/revisions"}],"wp:featuredmedia":[{"embeddable":true,"href":"https:\/\/www.europesays.com\/pt\/wp-json\/wp\/v2\/media\/147506"}],"wp:attachment":[{"href":"https:\/\/www.europesays.com\/pt\/wp-json\/wp\/v2\/media?parent=147505"}],"wp:term":[{"taxonomy":"category","embeddable":true,"href":"https:\/\/www.europesays.com\/pt\/wp-json\/wp\/v2\/categories?post=147505"},{"taxonomy":"post_tag","embeddable":true,"href":"https:\/\/www.europesays.com\/pt\/wp-json\/wp\/v2\/tags?post=147505"}],"curies":[{"name":"wp","href":"https:\/\/api.w.org\/{rel}","templated":true}]}}