{"id":147515,"date":"2025-11-11T03:25:24","date_gmt":"2025-11-11T03:25:24","guid":{"rendered":"https:\/\/www.europesays.com\/pt\/147515\/"},"modified":"2025-11-11T03:25:24","modified_gmt":"2025-11-11T03:25:24","slug":"casa-dos-segredos-fabio-ate-ja-fala-em-casamento-o-que-e-meio-ridiculo-a-analise-dos-comentadores","status":"publish","type":"post","link":"https:\/\/www.europesays.com\/pt\/147515\/","title":{"rendered":"Casa dos Segredos \/ F\u00e1bio at\u00e9 j\u00e1 fala em casamento o que \u00e9 meio rid\u00edculo. A an\u00e1lise dos comentadores"},"content":{"rendered":"<p>No Di\u00e1rio da Casa dos Segredos, a rela\u00e7\u00e3o entre F\u00e1bio e Liliana voltou a ser tema de destaque, depois de surgirem imagens em que F\u00e1bio sugere um poss\u00edvel pedido de namoro dentro da casa, <a href=\"https:\/\/dioguinho.com\/liliana-largou-o-noivado-na-casa-fabio-ja-fala-em-casamento\/\" rel=\"nofollow noopener\" target=\"_blank\">e at\u00e9 casamento.<\/a><\/p>\n<p>O assunto ganhou for\u00e7a quando Alice Alves [apresentadora] lan\u00e7ou a possibilidade de um pedido de namoro, e at\u00e9 a conversa sobre casamento.<\/p>\n<p>Marcelo Palma foi direto, porque para ele, o F\u00e1bio est\u00e1 seguro do que sente e garante que ele <strong>\u201cclaramente, sabe o que quer. O problema \u00e9 que ele n\u00e3o sente a mesma certeza da parte da Liliana. Isso assusta, porque ela n\u00e3o consegue responder a nada do que ele coloca. Quest\u00f5es simples, como querer namorar, viver junto ou sequer dizer que o ama\u201d.<\/strong><\/p>\n<p>Quando se falou na palavra amor, a Alice Alves recordou o momento em que Liliana, confrontada, apenas sorriu sem responder. Marcelo insistiu na ideia de que a palavra amar tem peso e n\u00e3o pode ser usada s\u00f3 porque o ambiente pressiona. Chegou mesmo a ironizar com uma m\u00fasica que, segundo ele, descrevia o que faria se estivesse no lugar de F\u00e1bio, <strong>\u201cBaza, baza, vai para casa, casa abre a pestana\u201d.<\/strong><\/p>\n<p>Isabel Figueira lembrou o fim recente do noivado de Liliana n\u00e3o pode ser ignorado, e considera,<strong> \u201cacho que a Liliana tomou uma decis\u00e3o precipitada na gala. Agora, n\u00e3o quer voltar a precipitar-se. Gosta dele \u00e0 maneira dela. O sentimento n\u00e3o se mede. Ela acabou uma rela\u00e7\u00e3o de quatro anos, entrou noiva, teve de fechar um ciclo para viver isto. \u00c9 normal ter medo. Casar e viver juntos, tudo isso baralha\u201d.<\/strong><\/p>\n<p>Isabel concluiu<strong>, \u201cA Liliana gosta do F\u00e1bio sim, mas gosta ainda mais dela. \u00c9 mais sobre ela do que sobre a rela\u00e7\u00e3o\u201d.<\/strong><\/p>\n","protected":false},"excerpt":{"rendered":"No Di\u00e1rio da Casa dos Segredos, a rela\u00e7\u00e3o entre F\u00e1bio e Liliana voltou a ser tema de destaque,&hellip;\n","protected":false},"author":2,"featured_media":147516,"comment_status":"","ping_status":"","sticky":false,"template":"","format":"standard","meta":{"footnotes":""},"categories":[142],"tags":[2632,13471,20079,114,115,32,33,16686,151],"class_list":{"0":"post-147515","1":"post","2":"type-post","3":"status-publish","4":"format-standard","5":"has-post-thumbnail","7":"category-tv","8":"tag-casa-dos-segredos","9":"tag-casa-dos-segredos-9","10":"tag-concorrentes-casa-dos-segredos","11":"tag-entertainment","12":"tag-entretenimento","13":"tag-portugal","14":"tag-pt","15":"tag-secret-story-9","16":"tag-tv"},"share_on_mastodon":{"url":"https:\/\/pubeurope.com\/@pt\/115528933259255534","error":""},"_links":{"self":[{"href":"https:\/\/www.europesays.com\/pt\/wp-json\/wp\/v2\/posts\/147515","targetHints":{"allow":["GET"]}}],"collection":[{"href":"https:\/\/www.europesays.com\/pt\/wp-json\/wp\/v2\/posts"}],"about":[{"href":"https:\/\/www.europesays.com\/pt\/wp-json\/wp\/v2\/types\/post"}],"author":[{"embeddable":true,"href":"https:\/\/www.europesays.com\/pt\/wp-json\/wp\/v2\/users\/2"}],"replies":[{"embeddable":true,"href":"https:\/\/www.europesays.com\/pt\/wp-json\/wp\/v2\/comments?post=147515"}],"version-history":[{"count":0,"href":"https:\/\/www.europesays.com\/pt\/wp-json\/wp\/v2\/posts\/147515\/revisions"}],"wp:featuredmedia":[{"embeddable":true,"href":"https:\/\/www.europesays.com\/pt\/wp-json\/wp\/v2\/media\/147516"}],"wp:attachment":[{"href":"https:\/\/www.europesays.com\/pt\/wp-json\/wp\/v2\/media?parent=147515"}],"wp:term":[{"taxonomy":"category","embeddable":true,"href":"https:\/\/www.europesays.com\/pt\/wp-json\/wp\/v2\/categories?post=147515"},{"taxonomy":"post_tag","embeddable":true,"href":"https:\/\/www.europesays.com\/pt\/wp-json\/wp\/v2\/tags?post=147515"}],"curies":[{"name":"wp","href":"https:\/\/api.w.org\/{rel}","templated":true}]}}