{"id":147523,"date":"2025-11-11T03:32:12","date_gmt":"2025-11-11T03:32:12","guid":{"rendered":"https:\/\/www.europesays.com\/pt\/147523\/"},"modified":"2025-11-11T03:32:12","modified_gmt":"2025-11-11T03:32:12","slug":"administrador-da-galp-compra-5-500-acoes-da-empresa-por-quase-100-mil-euros","status":"publish","type":"post","link":"https:\/\/www.europesays.com\/pt\/147523\/","title":{"rendered":"Administrador da Galp compra 5.500 a\u00e7\u00f5es da empresa por quase 100 mil euros"},"content":{"rendered":"<p>O vogal da comiss\u00e3o executiva e do Conselho de Administra\u00e7\u00e3o da Galp, Nuno Holbech Bastos, comprou 5.500 a\u00e7\u00f5es da empresa, por 96,2 mil euros, de acordo com um comunicado publicado pela Comiss\u00e3o do Mercado de Valores Mobili\u00e1rios (CMVM).<\/p>\n<p class=\"text-paragraph\">\u201cO diretor executivo e membro do Conselho de Administra\u00e7\u00e3o, Nuno Holbech Bastos, informou a empresa que adquiriu a\u00e7\u00f5es da Galp. Ap\u00f3s esta transa\u00e7\u00e3o, Nuno Holbech Bastos det\u00e9m 5.500 a\u00e7\u00f5es\u201d, destacou a Galp.<\/p>\n<p class=\"text-paragraph\">Segundo a informa\u00e7\u00e3o divulgada pela empresa, Nuno Holbech Bastos comprou os t\u00edtulos por 17,495 euros por a\u00e7\u00e3o, num total 96,2 mil euros, no dia 04 de novembro.<\/p>\n","protected":false},"excerpt":{"rendered":"O vogal da comiss\u00e3o executiva e do Conselho de Administra\u00e7\u00e3o da Galp, Nuno Holbech Bastos, comprou 5.500 a\u00e7\u00f5es&hellip;\n","protected":false},"author":2,"featured_media":147524,"comment_status":"","ping_status":"","sticky":false,"template":"","format":"standard","meta":{"footnotes":""},"categories":[83],"tags":[88,89,90,32,33],"class_list":{"0":"post-147523","1":"post","2":"type-post","3":"status-publish","4":"format-standard","5":"has-post-thumbnail","7":"category-empresas","8":"tag-business","9":"tag-economy","10":"tag-empresas","11":"tag-portugal","12":"tag-pt"},"share_on_mastodon":{"url":"https:\/\/pubeurope.com\/@pt\/115528960740684186","error":""},"_links":{"self":[{"href":"https:\/\/www.europesays.com\/pt\/wp-json\/wp\/v2\/posts\/147523","targetHints":{"allow":["GET"]}}],"collection":[{"href":"https:\/\/www.europesays.com\/pt\/wp-json\/wp\/v2\/posts"}],"about":[{"href":"https:\/\/www.europesays.com\/pt\/wp-json\/wp\/v2\/types\/post"}],"author":[{"embeddable":true,"href":"https:\/\/www.europesays.com\/pt\/wp-json\/wp\/v2\/users\/2"}],"replies":[{"embeddable":true,"href":"https:\/\/www.europesays.com\/pt\/wp-json\/wp\/v2\/comments?post=147523"}],"version-history":[{"count":0,"href":"https:\/\/www.europesays.com\/pt\/wp-json\/wp\/v2\/posts\/147523\/revisions"}],"wp:featuredmedia":[{"embeddable":true,"href":"https:\/\/www.europesays.com\/pt\/wp-json\/wp\/v2\/media\/147524"}],"wp:attachment":[{"href":"https:\/\/www.europesays.com\/pt\/wp-json\/wp\/v2\/media?parent=147523"}],"wp:term":[{"taxonomy":"category","embeddable":true,"href":"https:\/\/www.europesays.com\/pt\/wp-json\/wp\/v2\/categories?post=147523"},{"taxonomy":"post_tag","embeddable":true,"href":"https:\/\/www.europesays.com\/pt\/wp-json\/wp\/v2\/tags?post=147523"}],"curies":[{"name":"wp","href":"https:\/\/api.w.org\/{rel}","templated":true}]}}