{"id":147539,"date":"2025-11-11T03:57:53","date_gmt":"2025-11-11T03:57:53","guid":{"rendered":"https:\/\/www.europesays.com\/pt\/147539\/"},"modified":"2025-11-11T03:57:53","modified_gmt":"2025-11-11T03:57:53","slug":"forum-de-sao-luis-realiza-dia-mundial-do-diabetes-nesta-sexta-14-11-tjma-jus-br","status":"publish","type":"post","link":"https:\/\/www.europesays.com\/pt\/147539\/","title":{"rendered":"F\u00f3rum de S\u00e3o Lu\u00eds realiza Dia Mundial do Diabetes nesta sexta (14\/11) &#8211; tjma.jus.br"},"content":{"rendered":"<ol>\n<li><a href=\"https:\/\/news.google.com\/rss\/articles\/CBMitgFBVV95cUxOV0g4SXc2Vk9OVng1aU9pZlJfX0Q3V3NsYTBPTzBlR1NoX054VmJEVGI1S0I1bDk1UEFOTUV3bUJOM2tVcjhadVRHb3dwM2FhMG9hYW05OHhPYkl5aFF4dEZJMUZvaU5jb1hJdlliVjVqaXJlSUxKVmYzVDJhcmdyd183QTYtUEV2Uk8tZ0gzb2xDQk9uZEZLYUpuNjhtTWZuV1lKdWNBQnBzYnNrSXlwc1J5OUFYZw?oc=5\" target=\"_blank\" rel=\"nofollow noopener\">F\u00f3rum de S\u00e3o Lu\u00eds realiza Dia Mundial do Diabetes nesta sexta (14\/11)<\/a>&nbsp;&nbsp;tjma.jus.br<\/li>\n<li><a href=\"https:\/\/news.google.com\/rss\/articles\/CBMiswFBVV95cUxQZEw4Z2gwellnTlJ4SUpZMTlYOHpTeFdrSnZNSFZuN1RfNlVCZjEzNC0weHBQUFZNVXNOaVdQQzNOVlk0VzRkTFMtRm5ma2JqekFIQUItRTNtUkhPcXFBNU9ydnFFQl9za2tRS2VBUUFMai05YzZXMlU1SHhQNUZaYUFGZXAtM2VsZEk0aUh2OW9wb0ZybWctV0tDZ3lxaERDNmFmYldBTXN1RW9pSGhoSmktcw?oc=5\" target=\"_blank\" rel=\"nofollow noopener\">Alimentos que ajudam a equilibrar o a\u00e7\u00facar no sangue durante o dia<\/a>&nbsp;&nbsp;Correio Braziliense<\/li>\n<li><a href=\"https:\/\/news.google.com\/rss\/articles\/CBMiqAFBVV95cUxOZFF4akR6YU5oT212NGF1b3N1cEdVOUJCck9CaFNiWjhlTm5oeUY2Nk5Qa3Ffd3ZyVnFVbVJNRnEzN3V0R1NNd2JMMERPLVZ0YWUxTWpRaVpQYUJaR0trc2w3X2hDZl92X3Vhdjk5NktyY1dRLWFHM3c2ZVdXbHFmTE1tSDNiVDFrSUpwODB5R01rQzRzUFhMcm8ydjk5THRJa1RGYldTdXY?oc=5\" target=\"_blank\" rel=\"nofollow noopener\">Levantamento de peso pode reduzir risco de diabetes, aponta novo estudo<\/a>&nbsp;&nbsp;R\u00e1dio Itatiaia<\/li>\n<li><a href=\"https:\/\/news.google.com\/rss\/articles\/CBMipwFBVV95cUxOV291aUtlc2JjR1ZtM3ZMNnh2eTZWaWJudHVZVGR6SEx2UG9oNlVGbTBDWk5zVHlKVlZULWN1T2M4NTdMT0dHejlVMTQ1aUdTcXZYNU1sXzRMV0FuZ1VCX250bWo5TnVzbUVEVV9HTlBpdjRXdmZ5LUgyTXdyNGJ0STRrSFdRQy14aVRjM1J6MEUtM1ROQ0Zrc1JrY3pxOEpOVnhHV3RBa9IBogFBVV95cUxNTUdnRnE5TFJsSkx1Ni1IekNpdHdjTFJrT3Q2NkJjdGxJMTBTdENwckVqbDBySWZCajdPVFJPZTNzNmVOclk0ckhyck0xZ3NUOHVzanhmLWVGYWN5SkNIcU5fcWFSUHBkNnV2U0VjUXhwSk5WVVlWS3I1S3JDbFg1elVjbFYtTU1wck05QnRYNFhlWklGbXZvdkxTZXFmNHJCcEE?oc=5\" target=\"_blank\" rel=\"nofollow noopener\">5 mitos sobre diabetes para voc\u00ea abandonar e prevenir a doen\u00e7a<\/a>&nbsp;&nbsp;tnh1.com.br<\/li>\n<li><a href=\"https:\/\/news.google.com\/rss\/articles\/CBMiswFBVV95cUxOQnpBcmwtbDd1dHpta05oRXl3bUJtdDlIWm13b3hXajNVSGlIeDFXTEdxaC0zWmRyMVRwQ21ZUjJvejBMd1FibENyOHduUGROa3htNktNdFNDQ3hybXVTSXcwZURKZjZ1WktleHM4VUxEbENfVHJGdG9DZUhlMktQY3hSeHREM3NaMVFiSHhoY0x5TzRRRW4xMVAtUHozclNCMzVNT3hnTnIzUEJlQjc4WGRCONIBswFBVV95cUxOQnpBcmwtbDd1dHpta05oRXl3bUJtdDlIWm13b3hXajNVSGlIeDFXTEdxaC0zWmRyMVRwQ21ZUjJvejBMd1FibENyOHduUGROa3htNktNdFNDQ3hybXVTSXcwZURKZjZ1WktleHM4VUxEbENfVHJGdG9DZUhlMktQY3hSeHREM3NaMVFiSHhoY0x5TzRRRW4xMVAtUHozclNCMzVNT3hnTnIzUEJlQjc4WGRCOA?oc=5\" target=\"_blank\" rel=\"nofollow noopener\">Como evitar picos de glicose na alimenta\u00e7\u00e3o: dicas essenciais<\/a>&nbsp;&nbsp;Itaquera em Not\u00edcias<\/li>\n<\/ol>\n","protected":false},"excerpt":{"rendered":"F\u00f3rum de S\u00e3o Lu\u00eds realiza Dia Mundial do Diabetes nesta sexta (14\/11)&nbsp;&nbsp;tjma.jus.br Alimentos que ajudam a equilibrar o&hellip;\n","protected":false},"author":2,"featured_media":147540,"comment_status":"","ping_status":"","sticky":false,"template":"","format":"standard","meta":{"footnotes":""},"categories":[86],"tags":[20923,20922,116,987,32,33,117,20921,299,20924],"class_list":{"0":"post-147539","1":"post","2":"type-post","3":"status-publish","4":"format-standard","5":"has-post-thumbnail","7":"category-saude","8":"tag-cgj","9":"tag-estado-do-maranhao","10":"tag-health","11":"tag-portal","12":"tag-portugal","13":"tag-pt","14":"tag-saude","15":"tag-tjma","16":"tag-tribunal","17":"tag-tribunal-de-justica-do-maranhao"},"share_on_mastodon":{"url":"https:\/\/pubeurope.com\/@pt\/115529063022616652","error":""},"_links":{"self":[{"href":"https:\/\/www.europesays.com\/pt\/wp-json\/wp\/v2\/posts\/147539","targetHints":{"allow":["GET"]}}],"collection":[{"href":"https:\/\/www.europesays.com\/pt\/wp-json\/wp\/v2\/posts"}],"about":[{"href":"https:\/\/www.europesays.com\/pt\/wp-json\/wp\/v2\/types\/post"}],"author":[{"embeddable":true,"href":"https:\/\/www.europesays.com\/pt\/wp-json\/wp\/v2\/users\/2"}],"replies":[{"embeddable":true,"href":"https:\/\/www.europesays.com\/pt\/wp-json\/wp\/v2\/comments?post=147539"}],"version-history":[{"count":0,"href":"https:\/\/www.europesays.com\/pt\/wp-json\/wp\/v2\/posts\/147539\/revisions"}],"wp:featuredmedia":[{"embeddable":true,"href":"https:\/\/www.europesays.com\/pt\/wp-json\/wp\/v2\/media\/147540"}],"wp:attachment":[{"href":"https:\/\/www.europesays.com\/pt\/wp-json\/wp\/v2\/media?parent=147539"}],"wp:term":[{"taxonomy":"category","embeddable":true,"href":"https:\/\/www.europesays.com\/pt\/wp-json\/wp\/v2\/categories?post=147539"},{"taxonomy":"post_tag","embeddable":true,"href":"https:\/\/www.europesays.com\/pt\/wp-json\/wp\/v2\/tags?post=147539"}],"curies":[{"name":"wp","href":"https:\/\/api.w.org\/{rel}","templated":true}]}}