{"id":147543,"date":"2025-11-11T04:02:09","date_gmt":"2025-11-11T04:02:09","guid":{"rendered":"https:\/\/www.europesays.com\/pt\/147543\/"},"modified":"2025-11-11T04:02:09","modified_gmt":"2025-11-11T04:02:09","slug":"novas-regras-na-portabilidade-do-numero-de-telefone-consumidor-recebera-compensacao-mais-alta-por-cada-dia-de-atraso","status":"publish","type":"post","link":"https:\/\/www.europesays.com\/pt\/147543\/","title":{"rendered":"Novas regras na portabilidade do n\u00famero de telefone: consumidor receber\u00e1 compensa\u00e7\u00e3o mais alta por cada dia de atraso"},"content":{"rendered":"<p>Entram em vigor esta segunda-feira as novas regras da portabilidade que pro\u00edbem os operadores de telecomunica\u00e7\u00f5es de cobrarem pela portabilidade do n\u00famero quando h\u00e1 mudan\u00e7a de prestador de servi\u00e7o. A Anacom, o regulador das comunica\u00e7\u00f5es, liderado por Sandra Maximiano, atualizou os pre\u00e7os da compensa\u00e7\u00e3o a pagar pelos operadores no caso dos atrasos na transfer\u00eancia dos n\u00fameros de telefone ou de interrup\u00e7\u00e3o de servi\u00e7os. O objetivo das novas regras \u00e9 desincentivar o arrastar dos processos e agilizar a mudan\u00e7a.<\/p>\n<p><a href=\"https:\/\/expresso.pt\/subscrever?action=GEN&amp;channel=VID&amp;type=CAP&amp;source=WEB&amp;returnUrl=https:\/\/expresso.pt\/economia\/economia_tecnologia\/2025-11-10-novas-regras-na-portabilidade-do-numero-de-telefone-consumidor-recebera-compensacao-mais-alta-por-cada-dia-de-atraso-75f58061&amp;utm_source=expresso&amp;utm_medium=locked_article&amp;locked=true&amp;article_id=c99e0f79-b892-41cd-91f9-bb027b8631f9&amp;author_id=Anabela+Campos&amp;category=Tecnologia\" target=\"_self\" class=\"\" rel=\"nofollow noopener\">Subscrever<\/a>J\u00e1 \u00e9 Subscritor?Fa\u00e7a login e continue a ler<a href=\"http:\/\/expresso.pt\/codigo?redirectUrl=https:\/\/expresso.pt\/economia\/economia_tecnologia\/2025-11-10-novas-regras-na-portabilidade-do-numero-de-telefone-consumidor-recebera-compensacao-mais-alta-por-cada-dia-de-atraso-75f58061\" target=\"_self\" class=\"\" rel=\"nofollow noopener\">Inserir C\u00f3digo<\/a>Comprou o Expresso?Insira o c\u00f3digo presente na Revista E para continuar a ler<\/p>\n","protected":false},"excerpt":{"rendered":"Entram em vigor esta segunda-feira as novas regras da portabilidade que pro\u00edbem os operadores de telecomunica\u00e7\u00f5es de cobrarem&hellip;\n","protected":false},"author":2,"featured_media":147544,"comment_status":"","ping_status":"","sticky":false,"template":"","format":"standard","meta":{"footnotes":""},"categories":[83],"tags":[88,89,90,32,33],"class_list":{"0":"post-147543","1":"post","2":"type-post","3":"status-publish","4":"format-standard","5":"has-post-thumbnail","7":"category-empresas","8":"tag-business","9":"tag-economy","10":"tag-empresas","11":"tag-portugal","12":"tag-pt"},"share_on_mastodon":{"url":"https:\/\/pubeurope.com\/@pt\/115529078728813138","error":""},"_links":{"self":[{"href":"https:\/\/www.europesays.com\/pt\/wp-json\/wp\/v2\/posts\/147543","targetHints":{"allow":["GET"]}}],"collection":[{"href":"https:\/\/www.europesays.com\/pt\/wp-json\/wp\/v2\/posts"}],"about":[{"href":"https:\/\/www.europesays.com\/pt\/wp-json\/wp\/v2\/types\/post"}],"author":[{"embeddable":true,"href":"https:\/\/www.europesays.com\/pt\/wp-json\/wp\/v2\/users\/2"}],"replies":[{"embeddable":true,"href":"https:\/\/www.europesays.com\/pt\/wp-json\/wp\/v2\/comments?post=147543"}],"version-history":[{"count":0,"href":"https:\/\/www.europesays.com\/pt\/wp-json\/wp\/v2\/posts\/147543\/revisions"}],"wp:featuredmedia":[{"embeddable":true,"href":"https:\/\/www.europesays.com\/pt\/wp-json\/wp\/v2\/media\/147544"}],"wp:attachment":[{"href":"https:\/\/www.europesays.com\/pt\/wp-json\/wp\/v2\/media?parent=147543"}],"wp:term":[{"taxonomy":"category","embeddable":true,"href":"https:\/\/www.europesays.com\/pt\/wp-json\/wp\/v2\/categories?post=147543"},{"taxonomy":"post_tag","embeddable":true,"href":"https:\/\/www.europesays.com\/pt\/wp-json\/wp\/v2\/tags?post=147543"}],"curies":[{"name":"wp","href":"https:\/\/api.w.org\/{rel}","templated":true}]}}