{"id":147555,"date":"2025-11-11T04:28:32","date_gmt":"2025-11-11T04:28:32","guid":{"rendered":"https:\/\/www.europesays.com\/pt\/147555\/"},"modified":"2025-11-11T04:28:32","modified_gmt":"2025-11-11T04:28:32","slug":"es-falso-moralista-uma-copia-do-dylan","status":"publish","type":"post","link":"https:\/\/www.europesays.com\/pt\/147555\/","title":{"rendered":"\u00c9s falso moralista, uma c\u00f3pia do Dylan&#8230;"},"content":{"rendered":"<p>\t\t\t\t\t\t\t\t\t\t\t\t\t\tEste domingo, 9 de novembro, as portas do \u2018Secret Story\u2019 voltam a abrir-se para uma expuls\u00e3o.<\/p>\n<p>Como j\u00e1 \u00e9 habitual, os nomeados desta semana enfrentaram-se na arena do conc\u00edlio, e o clima azedou rapidamente.<\/p>\n<p>Ana Cristina come\u00e7ou por atacar Bruno: <strong>\u201cDisseste que na primeira semana te resguardaste e s\u00f3 agora \u00e9 que est\u00e1s a ser real\u201d<\/strong>.<\/p>\n<p>O concorrente explicou: <strong>\u201cReal sou desde o in\u00edcio, o que eu disse \u00e9 que me resguardei e quis estar aqui na minha, quis na primeira semana adotar essa postura, a apanhar sol, a aproveitar isto\u201d<\/strong>.<\/p>\n<p>Perante a justifica\u00e7\u00e3o, Ana Cristina n\u00e3o resistiu e atirou: <strong>\u201cS\u00f3 por causa disto j\u00e1 devias ter sa\u00eddo na primeira semana porque ningu\u00e9m veio aqui para apanhar sol. Tentaste trazer uma imagem que n\u00e3o \u00e9 a que te pertence, a de bem educado, com falsos moralismos. E j\u00e1 vimos que bem educado n\u00e3o \u00e9s\u201d<\/strong>.<\/p>\n<p><strong>\u201cOs princ\u00edpios tamb\u00e9m n\u00e3o corresponde \u00e0queles que disseste ter. Em rela\u00e7\u00e3o \u00e0s dan\u00e7as com uma mulher. Tu disseste-me na cara \u2018mulher minha jamais dan\u00e7aria com outro homem\u2019 e umas semanas depois agarraste \u00e0 Raquel a dan\u00e7ar com ela\u201d<\/strong>-lamentou ainda a concorrente.<\/p>\n<p>Bruno criticou a rival: <strong>\u201cAinda bem que est\u00e3o todos a ver a fantochada que tu \u00e9s. Tu \u00e9s inconveniente a toda a hora. Isso \u00e9 uma pessoa m\u00e1\u201d<\/strong>.<\/p>\n<p>E Ana Cristina concluiu: <strong>\u201cA n\u00edvel de jogo s\u00f3 tentaste ser uma c\u00f3pia do Dylan. Tentaste s\u00f3 ser uma c\u00f3pia\u201d<\/strong>.<\/p>\n<p><a href=\"https:\/\/tvi.iol.pt\/secretstory\/videos\/nao-estas-aqui-a-fazer-nada-a-porta-esta-aberta-alta-tensao-entre-dois-concorrentes\/690e68650cf2c7eb244448b8\" rel=\"nofollow noopener\" target=\"_blank\">Veja o v\u00eddeo aqui.<\/a><\/p>\n","protected":false},"excerpt":{"rendered":"Este domingo, 9 de novembro, as portas do \u2018Secret Story\u2019 voltam a abrir-se para uma expuls\u00e3o. Como j\u00e1&hellip;\n","protected":false},"author":2,"featured_media":147556,"comment_status":"","ping_status":"","sticky":false,"template":"","format":"standard","meta":{"footnotes":""},"categories":[142],"tags":[19725,3768,2632,32256,114,115,32,33,151],"class_list":{"0":"post-147555","1":"post","2":"type-post","3":"status-publish","4":"format-standard","5":"has-post-thumbnail","7":"category-tv","8":"tag-ana-cristina","9":"tag-bruno","10":"tag-casa-dos-segredos","11":"tag-concu00edlio-dos-nomeados","12":"tag-entertainment","13":"tag-entretenimento","14":"tag-portugal","15":"tag-pt","16":"tag-tv"},"share_on_mastodon":{"url":"https:\/\/pubeurope.com\/@pt\/115529180970288053","error":""},"_links":{"self":[{"href":"https:\/\/www.europesays.com\/pt\/wp-json\/wp\/v2\/posts\/147555","targetHints":{"allow":["GET"]}}],"collection":[{"href":"https:\/\/www.europesays.com\/pt\/wp-json\/wp\/v2\/posts"}],"about":[{"href":"https:\/\/www.europesays.com\/pt\/wp-json\/wp\/v2\/types\/post"}],"author":[{"embeddable":true,"href":"https:\/\/www.europesays.com\/pt\/wp-json\/wp\/v2\/users\/2"}],"replies":[{"embeddable":true,"href":"https:\/\/www.europesays.com\/pt\/wp-json\/wp\/v2\/comments?post=147555"}],"version-history":[{"count":0,"href":"https:\/\/www.europesays.com\/pt\/wp-json\/wp\/v2\/posts\/147555\/revisions"}],"wp:featuredmedia":[{"embeddable":true,"href":"https:\/\/www.europesays.com\/pt\/wp-json\/wp\/v2\/media\/147556"}],"wp:attachment":[{"href":"https:\/\/www.europesays.com\/pt\/wp-json\/wp\/v2\/media?parent=147555"}],"wp:term":[{"taxonomy":"category","embeddable":true,"href":"https:\/\/www.europesays.com\/pt\/wp-json\/wp\/v2\/categories?post=147555"},{"taxonomy":"post_tag","embeddable":true,"href":"https:\/\/www.europesays.com\/pt\/wp-json\/wp\/v2\/tags?post=147555"}],"curies":[{"name":"wp","href":"https:\/\/api.w.org\/{rel}","templated":true}]}}