{"id":147566,"date":"2025-11-11T04:53:08","date_gmt":"2025-11-11T04:53:08","guid":{"rendered":"https:\/\/www.europesays.com\/pt\/147566\/"},"modified":"2025-11-11T04:53:08","modified_gmt":"2025-11-11T04:53:08","slug":"leandro-lima-e-hospitalizado-apos-beber-gasolina-acidentalmente","status":"publish","type":"post","link":"https:\/\/www.europesays.com\/pt\/147566\/","title":{"rendered":"Leandro Lima \u00e9 hospitalizado ap\u00f3s beber gasolina acidentalmente"},"content":{"rendered":"<p class=\"texto\">S\u00c3O PAULO, SP (FOLHAPRESS) &#8211; Leandro Lima, de 43 anos, precisou correr para a emerg\u00eancia de um hospital nesta segunda-feira (10). Ele relatou, em suas redes sociais, que ingeriu gasolina ao fazer uma manobra caseira.<\/p>\n<p class=\"texto\">O ator usou uma mangueira para &#8220;chupar&#8221; o combust\u00edvel da moto e colocar no carro. Apesar de j\u00e1 ter feito isso muitas vezes, disse Leandro, ele &#8220;vacilou&#8221; e acabou engolindo um pouco da gasolina. &#8220;Tive falta de ar e vim para o hospital&#8221;.<\/p>\n<p class=\"texto\">&#8220;Fui tirar gasolina da moto para botar no Fusca e acabei ingerindo e engasgando com a gasolina. Me deu falta de ar e vim aqui para o hospital. Me deixaram em observa\u00e7\u00e3o para se certificarem de que n\u00e3o tenha entrado gasolina no meu pulm\u00e3o&#8221;, explicou o ator de &#8220;Tr\u00eas Gra\u00e7as&#8221;.<\/p>\n<p class=\"texto\">Ap\u00f3s passar o dia em observa\u00e7\u00e3o e fazendo exames, ele recebeu alta e agradeceu o carinho dos f\u00e3s. &#8220;N\u00e3o bebam gasolina&#8221;, alertou.<\/p>\n<p class=\"texto\">&#8220;Etanol \u00e9 para os fracos, mas eu aconselho n\u00e3o beber. Nem etanol, nem metanol, nem gasolina. Estou com um bafo de gasolina desgra\u00e7ado, estou me sentindo o pr\u00f3prio Fusca&#8221;, brincou.<\/p>\n<p class=\"texto\"><strong><a href=\"https:\/\/whatsapp.com\/channel\/0029Va8e466AO7RPLL06EL2h\" target=\"_blank\" rel=\"nofollow noopener\">Siga nosso canal no WhatsApp e receba not\u00edcias relevantes para o seu dia<\/a><\/strong><\/p>\n<p class=\"texto\">A gasolina cont\u00e9m subst\u00e2ncias t\u00f3xicas como benzeno, tolueno e xileno, que podem causar desde irrita\u00e7\u00f5es e dores de cabe\u00e7a at\u00e9 problemas neurol\u00f3gicos e c\u00e2ncer.<\/p>\n","protected":false},"excerpt":{"rendered":"S\u00c3O PAULO, SP (FOLHAPRESS) &#8211; Leandro Lima, de 43 anos, precisou correr para a emerg\u00eancia de um hospital&hellip;\n","protected":false},"author":2,"featured_media":147567,"comment_status":"","ping_status":"","sticky":false,"template":"","format":"standard","meta":{"footnotes":""},"categories":[145],"tags":[1244,211,210,114,115,858,4388,32,33],"class_list":{"0":"post-147566","1":"post","2":"type-post","3":"status-publish","4":"format-standard","5":"has-post-thumbnail","7":"category-celebridades","8":"tag-ator","9":"tag-celebridades","10":"tag-celebrities","11":"tag-entertainment","12":"tag-entretenimento","13":"tag-gasolina","14":"tag-leandro-lima","15":"tag-portugal","16":"tag-pt"},"share_on_mastodon":{"url":"https:\/\/pubeurope.com\/@pt\/115529279282913836","error":""},"_links":{"self":[{"href":"https:\/\/www.europesays.com\/pt\/wp-json\/wp\/v2\/posts\/147566","targetHints":{"allow":["GET"]}}],"collection":[{"href":"https:\/\/www.europesays.com\/pt\/wp-json\/wp\/v2\/posts"}],"about":[{"href":"https:\/\/www.europesays.com\/pt\/wp-json\/wp\/v2\/types\/post"}],"author":[{"embeddable":true,"href":"https:\/\/www.europesays.com\/pt\/wp-json\/wp\/v2\/users\/2"}],"replies":[{"embeddable":true,"href":"https:\/\/www.europesays.com\/pt\/wp-json\/wp\/v2\/comments?post=147566"}],"version-history":[{"count":0,"href":"https:\/\/www.europesays.com\/pt\/wp-json\/wp\/v2\/posts\/147566\/revisions"}],"wp:featuredmedia":[{"embeddable":true,"href":"https:\/\/www.europesays.com\/pt\/wp-json\/wp\/v2\/media\/147567"}],"wp:attachment":[{"href":"https:\/\/www.europesays.com\/pt\/wp-json\/wp\/v2\/media?parent=147566"}],"wp:term":[{"taxonomy":"category","embeddable":true,"href":"https:\/\/www.europesays.com\/pt\/wp-json\/wp\/v2\/categories?post=147566"},{"taxonomy":"post_tag","embeddable":true,"href":"https:\/\/www.europesays.com\/pt\/wp-json\/wp\/v2\/tags?post=147566"}],"curies":[{"name":"wp","href":"https:\/\/api.w.org\/{rel}","templated":true}]}}