{"id":147570,"date":"2025-11-11T05:02:07","date_gmt":"2025-11-11T05:02:07","guid":{"rendered":"https:\/\/www.europesays.com\/pt\/147570\/"},"modified":"2025-11-11T05:02:07","modified_gmt":"2025-11-11T05:02:07","slug":"eclipse-solar-de-2027-sera-o-mais-longo-do-seculo-diario-da-manha-o-jornal-do-leitor-inteligente","status":"publish","type":"post","link":"https:\/\/www.europesays.com\/pt\/147570\/","title":{"rendered":"Eclipse solar de 2027 ser\u00e1 o mais longo do s\u00e9culo \u2013 Di\u00e1rio da Manh\u00e3 \u2013 O Jornal do leitor Inteligente"},"content":{"rendered":"<p>O eclipse total poder\u00e1 ser observado principalmente no Hemisf\u00e9rio Oriental, com destaque para pa\u00edses como Espanha, Marrocos, L\u00edbia, Egito, Tun\u00edsia e Ar\u00e1bia Saudita. A fase mais longa ocorrer\u00e1 no territ\u00f3rio eg\u00edpcio.<\/p>\n<p>  <a href=\"https:\/\/camaragoiania.nucleogov.com.br\/cidadao\/informacao\/sic\" target=\"_blank\" rel=\"noopener nofollow\">&#13;<br \/>\n    <img decoding=\"async\" src=\"https:\/\/www.europesays.com\/pt\/wp-content\/uploads\/2025\/10\/728X90PX_RACISMO_CMG-1.gif\" alt=\"Publicidade\" style=\"max-width:100%;height:auto\"\/>&#13;<br \/>\n  <\/a><\/p>\n<p>Com seis minutos e 23 segundos de totalidade, o eclipse de 2027 superar\u00e1 o de 2024, que durou quatro minutos e 28 segundos. O evento completo se estender\u00e1 por mais de tr\u00eas horas, come\u00e7ando por volta das 10h (hor\u00e1rio de Bras\u00edlia).<\/p>\n<p>Cidades como C\u00e1diz, M\u00e1laga, T\u00e2nger, Oran, Benghazi e Luxor estar\u00e3o diretamente na rota da sombra lunar. Expedi\u00e7\u00f5es astron\u00f4micas j\u00e1 se organizam para Luxor, no Egito, local do \u00e1pice do fen\u00f4meno.<\/p>\n<p>O eclipse ter\u00e1 magnitude de 1,079, indicando cobertura total da luz solar. Segundo a NASA, apenas em 2150 haver\u00e1 outro eclipse com intensidade similar.<\/p>\n<p>O pr\u00f3ximo eclipse total vis\u00edvel no Brasil s\u00f3 ocorrer\u00e1 em 16 de janeiro de 2075, quando partes do Paran\u00e1, S\u00e3o Paulo e Minas Gerais ficar\u00e3o escuras por aproximadamente dois minutos.<\/p>\n<p>Especialistas recomendam uso de \u00f3culos especiais certificados ou filtros apropriados para observa\u00e7\u00e3o segura. Olhar diretamente para o Sol sem prote\u00e7\u00e3o causa danos permanentes \u00e0 vis\u00e3o.<\/p>\n<p>Foto: Reprodu\u00e7\u00e3o<\/p>\n","protected":false},"excerpt":{"rendered":"O eclipse total poder\u00e1 ser observado principalmente no Hemisf\u00e9rio Oriental, com destaque para pa\u00edses como Espanha, Marrocos, L\u00edbia,&hellip;\n","protected":false},"author":2,"featured_media":147571,"comment_status":"","ping_status":"","sticky":false,"template":"","format":"standard","meta":{"footnotes":""},"categories":[84],"tags":[726,109,107,108,2552,2554,2553,13,2555,32,33,105,103,104,106,110],"class_list":{"0":"post-147570","1":"post","2":"type-post","3":"status-publish","4":"format-standard","5":"has-post-thumbnail","7":"category-ciencia-e-tecnologia","8":"tag-brasil","9":"tag-ciencia","10":"tag-ciencia-e-tecnologia","11":"tag-cienciaetecnologia","12":"tag-dm-noticias","13":"tag-goiania","14":"tag-goias","15":"tag-noticias","16":"tag-portal-de-noticias","17":"tag-portugal","18":"tag-pt","19":"tag-science","20":"tag-science-and-technology","21":"tag-scienceandtechnology","22":"tag-technology","23":"tag-tecnologia"},"share_on_mastodon":{"url":"https:\/\/pubeurope.com\/@pt\/115529314799160524","error":""},"_links":{"self":[{"href":"https:\/\/www.europesays.com\/pt\/wp-json\/wp\/v2\/posts\/147570","targetHints":{"allow":["GET"]}}],"collection":[{"href":"https:\/\/www.europesays.com\/pt\/wp-json\/wp\/v2\/posts"}],"about":[{"href":"https:\/\/www.europesays.com\/pt\/wp-json\/wp\/v2\/types\/post"}],"author":[{"embeddable":true,"href":"https:\/\/www.europesays.com\/pt\/wp-json\/wp\/v2\/users\/2"}],"replies":[{"embeddable":true,"href":"https:\/\/www.europesays.com\/pt\/wp-json\/wp\/v2\/comments?post=147570"}],"version-history":[{"count":0,"href":"https:\/\/www.europesays.com\/pt\/wp-json\/wp\/v2\/posts\/147570\/revisions"}],"wp:featuredmedia":[{"embeddable":true,"href":"https:\/\/www.europesays.com\/pt\/wp-json\/wp\/v2\/media\/147571"}],"wp:attachment":[{"href":"https:\/\/www.europesays.com\/pt\/wp-json\/wp\/v2\/media?parent=147570"}],"wp:term":[{"taxonomy":"category","embeddable":true,"href":"https:\/\/www.europesays.com\/pt\/wp-json\/wp\/v2\/categories?post=147570"},{"taxonomy":"post_tag","embeddable":true,"href":"https:\/\/www.europesays.com\/pt\/wp-json\/wp\/v2\/tags?post=147570"}],"curies":[{"name":"wp","href":"https:\/\/api.w.org\/{rel}","templated":true}]}}