{"id":147606,"date":"2025-11-11T06:26:18","date_gmt":"2025-11-11T06:26:18","guid":{"rendered":"https:\/\/www.europesays.com\/pt\/147606\/"},"modified":"2025-11-11T06:26:18","modified_gmt":"2025-11-11T06:26:18","slug":"kiss-ace-frehley-morreu-de-traumatismo-craniano-diz-site-10-11-2025-ilustrada","status":"publish","type":"post","link":"https:\/\/www.europesays.com\/pt\/147606\/","title":{"rendered":"Kiss: Ace Frehley morreu de traumatismo craniano, diz site &#8211; 10\/11\/2025 &#8211; Ilustrada"},"content":{"rendered":"<p><a href=\"https:\/\/www1.folha.uol.com.br\/ilustrada\/2025\/10\/morre-o-musico-ace-frehley-um-dos-fundadores-e-ex-guitarrista-do-kiss-aos-74.shtml\" rel=\"nofollow noopener\" target=\"\">Ace Frehley<\/a>, ex-guitarrista e cofundador do <a href=\"https:\/\/www1.folha.uol.com.br\/folha-topicos\/kiss\/\" rel=\"nofollow noopener\" target=\"\">Kiss <\/a>morto em outubro, teve a causa de sua morte revelada. Segundo o portal TMZ, o m\u00fasico morreu em decorr\u00eancia de um <a href=\"https:\/\/www1.folha.uol.com.br\/cotidiano\/2021\/06\/crianca-sofre-traumatismo-craniano-apos-cair-de-atracao-do-beto-carrero-world.shtml\" rel=\"nofollow noopener\" target=\"\">traumatismo craniano<\/a> causado por uma queda. Em setembro, Frehley cancelou sua agenda de shows ap\u00f3s sofrer uma queda e ser hospitalizado. A fam\u00edlia do artista optou por desativar os equipamentos que o mantiveram vivo at\u00e9 o m\u00eas seguinte.<\/p>\n<p>De acordo com um relat\u00f3rio emitido pelo legista do condado de Morris, em Nova Jersey, nos EUA, Frehley foi v\u00edtima de uma fratura na parte posterior do cr\u00e2nio, um <a href=\"https:\/\/www1.folha.uol.com.br\/equilibrioesaude\/2024\/05\/entenda-o-que-e-hematoma-subdural-que-atingiu-o-ator-tony-ramos.shtml\" rel=\"nofollow noopener\" target=\"\">hematoma subdural<\/a> \u2014ac\u00famulo de sangue entre a camada externa que protege o c\u00e9rebro e o pr\u00f3prio c\u00e9rebro\u2014 e um <a href=\"https:\/\/www1.folha.uol.com.br\/equilibrioesaude\/2025\/05\/avc-principal-causa-de-morte-cardiaca-no-brasil-tem-deficiencia-em-prevencao-e-em-atendimento-rapido-no-sus.shtml\" rel=\"nofollow noopener\" target=\"\">AVC <\/a>(acidente vascular cerebral). O documento classifica a morte do artista como acidental.<\/p>\n<p>Nascido em 1951, Paul Daniel &#8216;Ace&#8217; Frehley come\u00e7ou a tocar guitarra a partir dos 13 anos, tendo crescido em uma fam\u00edlia bastante ligada \u00e0 m\u00fasica. Durante a sua juventude, ele integrou diversas bandas locais, das quais participava nos intervalos entre os seus trabalhos como carteiro, entregador e taxista.<\/p>\n<p>Em 1972, ele respondeu a uma chamada que buscava um guitarrista para uma nova banda em forma\u00e7\u00e3o. Pouco depois, ele foi selecionado pelo vocalista e guitarrista Paul Stanley, pelo vocalista e baixista <a href=\"https:\/\/www1.folha.uol.com.br\/ilustrada\/2025\/10\/gene-simmons-vocalista-do-kiss-sofre-acidente-de-carro-e-se-recupera-em-casa.shtml\" rel=\"nofollow noopener\" target=\"\">Gene Simmons<\/a>, e pelo baterista <a href=\"https:\/\/www1.folha.uol.com.br\/fsp\/ilustrad\/fq0202200135.htm\" rel=\"nofollow noopener\" target=\"\">Peter Criss<\/a>. Segundo os colegas do grupo musical, ele teria aparecido para a audi\u00e7\u00e3o mal vestido, mas a primeira impress\u00e3o teria sido superada por uma impressionante performance.<\/p>\n<p>Um ano mais tarde, em 1973, surgiu o Kiss. Com pinturas de estrelas prateadas em seus olhos, que ficariam bastante conhecidas, ele adotou o t\u00edtulo de &#8220;Spaceman&#8221; e foi o respons\u00e1vel pela cria\u00e7\u00e3o do logotipo da banda, reconhecido por seu raio duplo.<\/p>\n<p>Cinco anos depois, Frehley lan\u00e7ou um \u00e1lbum solo com o seu nome e atingiu o sucesso comercial. Naquele mesmo ano, todos os integrantes da banda lan\u00e7aram discos solo. Ele deixou o grupo em 1982, ap\u00f3s uma s\u00e9rie de discuss\u00f5es internas numa \u00e9poca em que o guitarrista enfrentava o abuso de drogas.<\/p>\n<p>Ap\u00f3s deixar o Kiss, o m\u00fasico formou a banda Frehley&#8217;s Comet, que rendeu dois \u00e1lbuns pr\u00f3prios, e deu in\u00edcio a sua carreira solo. Em 1996 ele voltou ao Kiss, para uma turn\u00ea de reencontro, e permaneceu no grupo at\u00e9 2002.<\/p>\n<p>Em 2014, Frehley foi imortalizado no <a href=\"https:\/\/www1.folha.uol.com.br\/ilustrada\/2025\/11\/bastidores-de-avatar-e-hall-da-fama-do-rock-o-que-ver-na-tv-e-streaming-no-sabado.shtml\" rel=\"nofollow noopener\" target=\"\">Rock and Roll Hall of Fame<\/a> como integrante do Kiss. Ele recebeu cr\u00e9ditos por 11 dos discos lan\u00e7ados pela banda e lan\u00e7ou oito \u00e1lbuns durante a sua carreira solo. Seus solos de guitarra marcaram hits como &#8220;<a href=\"https:\/\/www1.folha.uol.com.br\/fsp\/folhatee\/fm01039909.htm\" rel=\"nofollow noopener\" target=\"_blank\">I Was Made For Lovin&#8217; You<\/a>&#8220;, &#8220;Detroit Rock City&#8221;, &#8220;Shock Me&#8221; e &#8220;Rock and Roll All Nite&#8221;, m\u00fasica que encerrou a \u00faltima apresenta\u00e7\u00e3o de sua vida, que aconteceu em setembro, nos Estados Unidos.<\/p>\n<p>O guitarrista se apresentou, junto ao Kiss, diferentes vezes no Brasil, e veio a S\u00e3o Paulo em 2017 para uma apresenta\u00e7\u00e3o solo. Ele estava em turn\u00ea pela Am\u00e9rica do Sul e a apresenta\u00e7\u00e3o aconteceu no espa\u00e7o para shows Tom Brasil, hoje conhecido como Tokyo Marine Hall.<\/p>\n<p>O Kiss ficou conhecido pela sua contribui\u00e7\u00e3o aos g\u00eaneros hard rock e glam rock, al\u00e9m das apresenta\u00e7\u00f5es marcados por maquiagens e figurinos exagerados e performances teatrais.<\/p>\n<p>Frehley se tornou o primeiro integrante original do Kiss a morrer. Ele deixou as filhas Monique e Lindsey.<\/p>\n","protected":false},"excerpt":{"rendered":"Ace Frehley, ex-guitarrista e cofundador do Kiss morto em outubro, teve a causa de sua morte revelada. Segundo&hellip;\n","protected":false},"author":2,"featured_media":147607,"comment_status":"","ping_status":"","sticky":false,"template":"","format":"standard","meta":{"footnotes":""},"categories":[145],"tags":[11289,207,528,211,210,114,115,236,11290,1437,150,32,33,1645],"class_list":{"0":"post-147606","1":"post","2":"type-post","3":"status-publish","4":"format-standard","5":"has-post-thumbnail","7":"category-celebridades","8":"tag-ace-frehley","9":"tag-arte","10":"tag-artista","11":"tag-celebridades","12":"tag-celebrities","13":"tag-entertainment","14":"tag-entretenimento","15":"tag-folha","16":"tag-kiss","17":"tag-morte","18":"tag-musica","19":"tag-portugal","20":"tag-pt","21":"tag-rock"},"share_on_mastodon":{"url":"https:\/\/pubeurope.com\/@pt\/115529645024262664","error":""},"_links":{"self":[{"href":"https:\/\/www.europesays.com\/pt\/wp-json\/wp\/v2\/posts\/147606","targetHints":{"allow":["GET"]}}],"collection":[{"href":"https:\/\/www.europesays.com\/pt\/wp-json\/wp\/v2\/posts"}],"about":[{"href":"https:\/\/www.europesays.com\/pt\/wp-json\/wp\/v2\/types\/post"}],"author":[{"embeddable":true,"href":"https:\/\/www.europesays.com\/pt\/wp-json\/wp\/v2\/users\/2"}],"replies":[{"embeddable":true,"href":"https:\/\/www.europesays.com\/pt\/wp-json\/wp\/v2\/comments?post=147606"}],"version-history":[{"count":0,"href":"https:\/\/www.europesays.com\/pt\/wp-json\/wp\/v2\/posts\/147606\/revisions"}],"wp:featuredmedia":[{"embeddable":true,"href":"https:\/\/www.europesays.com\/pt\/wp-json\/wp\/v2\/media\/147607"}],"wp:attachment":[{"href":"https:\/\/www.europesays.com\/pt\/wp-json\/wp\/v2\/media?parent=147606"}],"wp:term":[{"taxonomy":"category","embeddable":true,"href":"https:\/\/www.europesays.com\/pt\/wp-json\/wp\/v2\/categories?post=147606"},{"taxonomy":"post_tag","embeddable":true,"href":"https:\/\/www.europesays.com\/pt\/wp-json\/wp\/v2\/tags?post=147606"}],"curies":[{"name":"wp","href":"https:\/\/api.w.org\/{rel}","templated":true}]}}