{"id":147608,"date":"2025-11-11T06:32:09","date_gmt":"2025-11-11T06:32:09","guid":{"rendered":"https:\/\/www.europesays.com\/pt\/147608\/"},"modified":"2025-11-11T06:32:09","modified_gmt":"2025-11-11T06:32:09","slug":"e-dificil-perceber-onde-encontrou-forcas-para-ir-saudar-as-bancadas-depois-de-um-jogo-de-tamanha-intensidade","status":"publish","type":"post","link":"https:\/\/www.europesays.com\/pt\/147608\/","title":{"rendered":"\u00ab\u00c9 dif\u00edcil perceber onde encontrou for\u00e7as para ir saudar as bancadas depois de um jogo de tamanha intensidade\u00bb"},"content":{"rendered":"<p>&#8211; Advertisement &#8211;<\/p>\n<p>Afonso Moreira continua a dar que falar em Fran\u00e7a. O avan\u00e7ado portugu\u00eas, vendido pelo Sporting ao Lyon no \u00faltimo ver\u00e3o por cerca de dois milh\u00f5es de euros, <a href=\"https:\/\/bolanarede.pt\/especial-bola-na-rede\/atualidade\/joao-neves-garante-vitoria-do-psg-contra-o-lyon-nos-descontos\/\" target=\"_blank\" rel=\"noreferrer noopener nofollow\">brilhou na derrota frente ao PSG<\/a>, voltou a marcar e a destacar-se pela sua exibi\u00e7\u00e3o.<\/p>\n<p>Titular pela terceira vez consecutiva na equipa de <a href=\"https:\/\/bolanarede.pt\/etiqueta\/paulo-fonseca\/\" target=\"_blank\" rel=\"noreferrer noopener nofollow\">Paulo Fonseca<\/a>, o portugu\u00eas tem aproveitado a aus\u00eancia de Malick Fofana para conquistar espa\u00e7o na equipa. Nos \u00faltimos seis jogos, marcou tr\u00eas golos e fez duas assist\u00eancias.<\/p>\n<p>\u00ab\u00c9 dif\u00edcil perceber onde encontrou for\u00e7as para ir saudar as bancadas depois de um jogo de tamanha intensidade, mas mesmo abatido pela desilus\u00e3o de uma derrota cruel no \u00faltimo minuto (2-3), Afonso Moreira n\u00e3o parecia sentir o cansa\u00e7o. De cabe\u00e7a baixa e cabelo a cair sobre a testa, o jovem portugu\u00eas de 20 anos ergueu os bra\u00e7os e foi calorosamente aplaudido, uma justa recompensa pelo seu esfor\u00e7o e por mais um golo que fez vibrar o Groupama Stadium. Lan\u00e7ado nas costas de\u00a0Warren Zaire-Emery\u00a0ap\u00f3s uma excelente desmarca\u00e7\u00e3o, o extremo do Lyon bateu\u00a0Lucas Chevalier\u00a0com tranquilidade\u00bb, afirma o jornal.<\/p>\n<p>Corentin Tolisso tamb\u00e9m se rendeu ao talento do portugu\u00eas.<\/p>\n<p>\u00abA exibi\u00e7\u00e3o dele \u00e9, mais uma vez, um dos aspetos a reter. O Afonso \u00e9 um excelente jogador que se empenha muito no trabalho di\u00e1rio e est\u00e1 a ser recompensado. Desde que o Malick [Fofana] se lesionou, tem tido muito tempo de jogo e a confian\u00e7a do treinador e a nossa. Tem de continuar assim, \u00e9 muito positivo, est\u00e1 a acumular boas exibi\u00e7\u00f5es\u00bb, afirmou.<\/p>\n","protected":false},"excerpt":{"rendered":"&#8211; Advertisement &#8211; Afonso Moreira continua a dar que falar em Fran\u00e7a. O avan\u00e7ado portugu\u00eas, vendido pelo Sporting&hellip;\n","protected":false},"author":2,"featured_media":114788,"comment_status":"","ping_status":"","sticky":false,"template":"","format":"standard","meta":{"footnotes":""},"categories":[87],"tags":[28682,260,135,1767,1530,32,33,34,134],"class_list":{"0":"post-147608","1":"post","2":"type-post","3":"status-publish","4":"format-standard","5":"has-post-thumbnail","7":"category-desporto","8":"tag-afonso-moreira","9":"tag-atualidade","10":"tag-desporto","11":"tag-ligue-1","12":"tag-lyon","13":"tag-portugal","14":"tag-pt","15":"tag-sporting","16":"tag-sports"},"share_on_mastodon":{"url":"https:\/\/pubeurope.com\/@pt\/115529668670530170","error":""},"_links":{"self":[{"href":"https:\/\/www.europesays.com\/pt\/wp-json\/wp\/v2\/posts\/147608","targetHints":{"allow":["GET"]}}],"collection":[{"href":"https:\/\/www.europesays.com\/pt\/wp-json\/wp\/v2\/posts"}],"about":[{"href":"https:\/\/www.europesays.com\/pt\/wp-json\/wp\/v2\/types\/post"}],"author":[{"embeddable":true,"href":"https:\/\/www.europesays.com\/pt\/wp-json\/wp\/v2\/users\/2"}],"replies":[{"embeddable":true,"href":"https:\/\/www.europesays.com\/pt\/wp-json\/wp\/v2\/comments?post=147608"}],"version-history":[{"count":0,"href":"https:\/\/www.europesays.com\/pt\/wp-json\/wp\/v2\/posts\/147608\/revisions"}],"wp:featuredmedia":[{"embeddable":true,"href":"https:\/\/www.europesays.com\/pt\/wp-json\/wp\/v2\/media\/114788"}],"wp:attachment":[{"href":"https:\/\/www.europesays.com\/pt\/wp-json\/wp\/v2\/media?parent=147608"}],"wp:term":[{"taxonomy":"category","embeddable":true,"href":"https:\/\/www.europesays.com\/pt\/wp-json\/wp\/v2\/categories?post=147608"},{"taxonomy":"post_tag","embeddable":true,"href":"https:\/\/www.europesays.com\/pt\/wp-json\/wp\/v2\/tags?post=147608"}],"curies":[{"name":"wp","href":"https:\/\/api.w.org\/{rel}","templated":true}]}}