{"id":147655,"date":"2025-11-11T07:58:08","date_gmt":"2025-11-11T07:58:08","guid":{"rendered":"https:\/\/www.europesays.com\/pt\/147655\/"},"modified":"2025-11-11T07:58:08","modified_gmt":"2025-11-11T07:58:08","slug":"canada-perde-estatuto-de-pais-livre-de-sarampo-observador","status":"publish","type":"post","link":"https:\/\/www.europesays.com\/pt\/147655\/","title":{"rendered":"Canad\u00e1 perde estatuto de pa\u00eds livre de sarampo \u2013 Observador"},"content":{"rendered":"<p>O Canad\u00e1 perdeu o estatuto de pa\u00eds livre de sarampo ap\u00f3s registar cerca de 5.100 casos no \u00faltimo ano, anunciaram as autoridades de sa\u00fade, que se debatem com crescente ceticismo em rela\u00e7\u00e3o \u00e0 vacina\u00e7\u00e3o.<\/p>\n<p>A Ag\u00eancia de Sa\u00fade P\u00fablica do Canad\u00e1 (ASPC) afirmou em comunicado de imprensa que a Organiza\u00e7\u00e3o Pan-Americana da Sa\u00fade (OPAS) confirmou <strong>a \u201ctransmiss\u00e3o sustentada da mesma estirpe do v\u00edrus do sarampo\u201d no pa\u00eds ao longo de mais de um ano<\/strong>.<\/p>\n<p>A OPAS declarou o Canad\u00e1 livre de sarampo em 1998. O pa\u00eds norte-americano, outrora considerado um modelo de\u00a0campanhas de vacina\u00e7\u00e3o, enfrenta desde o in\u00edcio da pandemia um pequeno, mas persistente, movimento antivacinas.<\/p>\n<p>No in\u00edcio de 2025, o Canad\u00e1 sofreu a sua primeira morte por sarampo das \u00faltimas d\u00e9cadas, a de um beb\u00e9 prematuro.<\/p>\n<p>Os casos t\u00eam vindo a aumentar nas prov\u00edncias de Alberta e Ont\u00e1rio, ambas governadas por partidos conservadores, e entre comunidades religiosas. Estas duas prov\u00edncias foram respons\u00e1veis por 84% de todos os casos de sarampo no pa\u00eds este ano.<\/p>\n<p>De acordo com dados da Ag\u00eancia de Sa\u00fade P\u00fablica do Canad\u00e1 (PHAC), a cobertura da primeira dose da vacina tr\u00edplice viral (sarampo, papeira e rub\u00e9ola \u2013 VASPR) desceu de 90% em 2019 para 83% em 2023.<\/p>\n<p>A cobertura da segunda dose desceu de 86% para 76% durante o mesmo per\u00edodo.<\/p>\n<p>A ASPC afirmou esta ter\u00e7a-feira que est\u00e1 a \u201ccolaborar com a OPAS\u201d e outras organiza\u00e7\u00f5es \u201cpara implementar a\u00e7\u00f5es coordenadas com foco na melhoria da cobertura vacinal, no refor\u00e7o da partilha de dados, na otimiza\u00e7\u00e3o dos esfor\u00e7os gerais de vigil\u00e2ncia e no fornecimento de orienta\u00e7\u00f5es baseadas em provas cient\u00edficas\u201d.<\/p>\n<p>As autoridades de sa\u00fade canadianas acrescentaram que o Canad\u00e1 poder\u00e1 voltar a ser considerado um pa\u00eds livre de sarampo assim que a transmiss\u00e3o da estirpe associada ao atual surto for interrompida durante pelo menos 12 meses.<\/p>\n","protected":false},"excerpt":{"rendered":"O Canad\u00e1 perdeu o estatuto de pa\u00eds livre de sarampo ap\u00f3s registar cerca de 5.100 casos no \u00faltimo&hellip;\n","protected":false},"author":2,"featured_media":147656,"comment_status":"","ping_status":"","sticky":false,"template":"","format":"standard","meta":{"footnotes":""},"categories":[86],"tags":[624,28757,6727,116,62,32,33,2946,117,2782],"class_list":{"0":"post-147655","1":"post","2":"type-post","3":"status-publish","4":"format-standard","5":"has-post-thumbnail","7":"category-saude","8":"tag-amu00e9rica","9":"tag-canadu00e1","10":"tag-doenu00e7as","11":"tag-health","12":"tag-mundo","13":"tag-portugal","14":"tag-pt","15":"tag-sau00fade","16":"tag-saude","17":"tag-vacinas"},"share_on_mastodon":{"url":"https:\/\/pubeurope.com\/@pt\/115530006868331258","error":""},"_links":{"self":[{"href":"https:\/\/www.europesays.com\/pt\/wp-json\/wp\/v2\/posts\/147655","targetHints":{"allow":["GET"]}}],"collection":[{"href":"https:\/\/www.europesays.com\/pt\/wp-json\/wp\/v2\/posts"}],"about":[{"href":"https:\/\/www.europesays.com\/pt\/wp-json\/wp\/v2\/types\/post"}],"author":[{"embeddable":true,"href":"https:\/\/www.europesays.com\/pt\/wp-json\/wp\/v2\/users\/2"}],"replies":[{"embeddable":true,"href":"https:\/\/www.europesays.com\/pt\/wp-json\/wp\/v2\/comments?post=147655"}],"version-history":[{"count":0,"href":"https:\/\/www.europesays.com\/pt\/wp-json\/wp\/v2\/posts\/147655\/revisions"}],"wp:featuredmedia":[{"embeddable":true,"href":"https:\/\/www.europesays.com\/pt\/wp-json\/wp\/v2\/media\/147656"}],"wp:attachment":[{"href":"https:\/\/www.europesays.com\/pt\/wp-json\/wp\/v2\/media?parent=147655"}],"wp:term":[{"taxonomy":"category","embeddable":true,"href":"https:\/\/www.europesays.com\/pt\/wp-json\/wp\/v2\/categories?post=147655"},{"taxonomy":"post_tag","embeddable":true,"href":"https:\/\/www.europesays.com\/pt\/wp-json\/wp\/v2\/tags?post=147655"}],"curies":[{"name":"wp","href":"https:\/\/api.w.org\/{rel}","templated":true}]}}