{"id":147710,"date":"2025-11-11T09:24:08","date_gmt":"2025-11-11T09:24:08","guid":{"rendered":"https:\/\/www.europesays.com\/pt\/147710\/"},"modified":"2025-11-11T09:24:08","modified_gmt":"2025-11-11T09:24:08","slug":"atletico-cp-demarca-se-de-gozo-ao-benfica-no-x-somos-gratos","status":"publish","type":"post","link":"https:\/\/www.europesays.com\/pt\/147710\/","title":{"rendered":"Atl\u00e9tico CP demarca-se de \u00abgozo\u00bb ao Benfica no X: \u00abSomos gratos\u00bb"},"content":{"rendered":"<p>Uma publica\u00e7\u00e3o do Atl\u00e9tico Clube de Portugal SAD no X ficou viral nas redes sociais nas \u00faltimas horas, em aparente desafio ao Benfica. A conta oficial do clube da Liga 3\u00a0retweetou a publica\u00e7\u00e3o de final de jogo das \u00e1guias no empate com o Casa Pia <strong><a href=\"https:\/\/maisfutebol.iol.pt\/taca\/atletico-cp\/atletico-cp-pica-benfica-nao-da-para-antecipar-o-nosso-jogo\" rel=\"nofollow noopener\" target=\"_blank\">(2-2)<\/a><\/strong> e acrescentou a seguinte quest\u00e3o: \u00abN\u00e3o d\u00e1 para antecipar o nosso jogo?\u00bb<\/p>\n<p>Estavam os dados lan\u00e7ados para que essa publica\u00e7\u00e3o chegasse a milhares de pessoas e at\u00e9 \u00e0 comunica\u00e7\u00e3o social. Um dia depois, o Clube (e n\u00e3o a SAD) demarca-se, sublinhando o apoio log\u00edstico dado pelo Benfica em 2019.<\/p>\n<p>\u00abO Atl\u00e9tico Clube de Portugal n\u00e3o &#8220;goza&#8221;, n\u00e3o \u00e9 deselegante e muito menos tem mem\u00f3ria curta.\u00a0O Sport Lisboa e Benfica em 2019 apoiou o Atl\u00e9tico Clube de Portugal com a mudan\u00e7a e manuten\u00e7\u00e3o do relvado, com a instala\u00e7\u00e3o do sistema de rega, a estrutura pain\u00e9is publicit\u00e1rios \u00e0 volta do campo, a instala\u00e7\u00e3o de um marcador de jogo eletr\u00f3nico e outras melhorias em espa\u00e7os invis\u00edveis como o balne\u00e1rio e caldeira no Est\u00e1dio da Tapadinha\u00bb, recordam.\u00a0<\/p>\n<p>\u00abSomos gratos a quem esteve ao nosso lado e sem d\u00favida que queremos que chegue r\u00e1pido o dia 21 de novembro para a festa da Ta\u00e7a de Portugal dentro e fora de campo.\u00a0At\u00e9 j\u00e1, Sport Lisboa e Benfica\u00bb, termina o clube, em comunicado.<\/p>\n<p>Na publica\u00e7\u00e3o, o clube partilha uma imagem de um jogo de lendas do Benfica e do Atl\u00e9tico onde surge, inclusivamente, o atual presidente Rui Costa e o diretor t\u00e9cnico Sim\u00e3o Sabrosa. O duelo da Ta\u00e7a, com o Atl\u00e9tico CP SAD, acontece no Est\u00e1dio do Restelo, no dia 21 de novembro.<\/p>\n","protected":false},"excerpt":{"rendered":"Uma publica\u00e7\u00e3o do Atl\u00e9tico Clube de Portugal SAD no X ficou viral nas redes sociais nas \u00faltimas horas,&hellip;\n","protected":false},"author":2,"featured_media":147711,"comment_status":"","ping_status":"","sticky":false,"template":"","format":"standard","meta":{"footnotes":""},"categories":[87],"tags":[27514,32279,30738,32280,51,135,46,32,33,47,134,3142],"class_list":{"0":"post-147710","1":"post","2":"type-post","3":"status-publish","4":"format-standard","5":"has-post-thumbnail","7":"category-desporto","8":"tag-atletico","9":"tag-atletico-clube-portugal","10":"tag-atletico-cp","11":"tag-atletico-sad","12":"tag-benfica","13":"tag-desporto","14":"tag-maisfutebol","15":"tag-portugal","16":"tag-pt","17":"tag-pura-paixao","18":"tag-sports","19":"tag-taca-de-portugal"},"share_on_mastodon":{"url":"https:\/\/pubeurope.com\/@pt\/115530345044734924","error":""},"_links":{"self":[{"href":"https:\/\/www.europesays.com\/pt\/wp-json\/wp\/v2\/posts\/147710","targetHints":{"allow":["GET"]}}],"collection":[{"href":"https:\/\/www.europesays.com\/pt\/wp-json\/wp\/v2\/posts"}],"about":[{"href":"https:\/\/www.europesays.com\/pt\/wp-json\/wp\/v2\/types\/post"}],"author":[{"embeddable":true,"href":"https:\/\/www.europesays.com\/pt\/wp-json\/wp\/v2\/users\/2"}],"replies":[{"embeddable":true,"href":"https:\/\/www.europesays.com\/pt\/wp-json\/wp\/v2\/comments?post=147710"}],"version-history":[{"count":0,"href":"https:\/\/www.europesays.com\/pt\/wp-json\/wp\/v2\/posts\/147710\/revisions"}],"wp:featuredmedia":[{"embeddable":true,"href":"https:\/\/www.europesays.com\/pt\/wp-json\/wp\/v2\/media\/147711"}],"wp:attachment":[{"href":"https:\/\/www.europesays.com\/pt\/wp-json\/wp\/v2\/media?parent=147710"}],"wp:term":[{"taxonomy":"category","embeddable":true,"href":"https:\/\/www.europesays.com\/pt\/wp-json\/wp\/v2\/categories?post=147710"},{"taxonomy":"post_tag","embeddable":true,"href":"https:\/\/www.europesays.com\/pt\/wp-json\/wp\/v2\/tags?post=147710"}],"curies":[{"name":"wp","href":"https:\/\/api.w.org\/{rel}","templated":true}]}}