{"id":147712,"date":"2025-11-11T09:25:11","date_gmt":"2025-11-11T09:25:11","guid":{"rendered":"https:\/\/www.europesays.com\/pt\/147712\/"},"modified":"2025-11-11T09:25:11","modified_gmt":"2025-11-11T09:25:11","slug":"casos-de-sindrome-respiratoria-grave-avancam-no-sudeste-e-ligam-alerta-em-novos-estados","status":"publish","type":"post","link":"https:\/\/www.europesays.com\/pt\/147712\/","title":{"rendered":"Casos de s\u00edndrome respirat\u00f3ria grave avan\u00e7am no Sudeste e ligam alerta em novos estados"},"content":{"rendered":"<p>A mais recente edi\u00e7\u00e3o do Boletim InfoGripe, da Fiocruz, divulgada nesta quinta-feira (6), aponta a manuten\u00e7\u00e3o do aumento dos casos de S\u00edndrome Respirat\u00f3ria Aguda Grave (SRAG) provocados pela influenza A em S\u00e3o Paulo, Esp\u00edrito Santo e Rio de Janeiro. O boletim tamb\u00e9m alerta para o in\u00edcio de crescimento na Bahia.<\/p>\n<p>O levantamento, referente \u00e0 semana epidemiol\u00f3gica 44 (de 26 de outubro a 1\u00ba de novembro), integra o sistema de vigil\u00e2ncia do SUS e monitora a evolu\u00e7\u00e3o dos casos graves de infec\u00e7\u00f5es respirat\u00f3rias no pa\u00eds.<\/p>\n<p>V\u00edrus em circula\u00e7\u00e3o e estados em alerta<\/p>\n<p>Al\u00e9m da influenza A, a covid-19 apresenta tend\u00eancia de crescimento no Paran\u00e1, Santa Catarina e S\u00e3o Paulo, embora ainda em n\u00edveis baixos de incid\u00eancia. Em Sergipe, houve aumento at\u00edpico de casos de SRAG por v\u00edrus sincicial respirat\u00f3rio (VSR) em crian\u00e7as pequenas.<\/p>\n<p>Tr\u00eas estados est\u00e3o em n\u00edvel de alerta, risco ou alto risco para SRAG com tend\u00eancia de crescimento: Mato Grosso do Sul, Para\u00edba e Tocantins. Em Mato Grosso do Sul e na Para\u00edba, o aumento est\u00e1 concentrado em crian\u00e7as pequenas e tem sido impulsionado pelo rinov\u00edrus.<\/p>\n<p>No Tocantins, os casos crescem principalmente entre pessoas com mais de 50 anos, possivelmente por influ\u00eancia da influenza A.<br \/>&#13;<br \/>\nEntre as capitais, Florian\u00f3polis (SC), Jo\u00e3o Pessoa (PB) e Palmas (TO) tamb\u00e9m apresentam aumento de casos e n\u00edvel de alerta.<\/p>\n<p>Dados epidemiol\u00f3gicos<\/p>\n<p>Em 2025, o Brasil j\u00e1 registrou 204.086 casos de SRAG, sendo:<\/p>\n<ul>&#13;<\/p>\n<li>52,6% com resultado positivo para algum v\u00edrus respirat\u00f3rio;<\/li>\n<p>&#13;<\/p>\n<li>36,4% negativos;<\/li>\n<p>&#13;<\/p>\n<li>4,5% ainda aguardando resultado.<\/li>\n<p>&#13;\n<\/ul>\n<p>Entre os casos positivos, 23,2% foram por influenza A, 1,2% por influenza B, 40,1% por v\u00edrus sincicial respirat\u00f3rio, 28,2% por rinov\u00edrus e 8,2% por Sars-CoV-2 (Covid-19).<\/p>\n<p>Neste ano, j\u00e1 foram confirmados 12.151 \u00f3bitos por SRAG, sendo 49,4% causados por influenza A e 23,4% por covid-19.<\/p>\n<p>Vacina\u00e7\u00e3o e preven\u00e7\u00e3o<\/p>\n<p>A Fiocruz refor\u00e7a a import\u00e2ncia de manter as vacinas contra gripe e covid-19 em dia, especialmente entre idosos, crian\u00e7as pequenas, pessoas com comorbidades e profissionais da sa\u00fade.<\/p>\n<p>A cobertura vacinal contra a gripe est\u00e1 abaixo do ideal, com m\u00e9dia nacional de cerca de 41% entre os grupos priorit\u00e1rios, quando o recomendado \u00e9 de 90%.<\/p>\n<p>Com a chegada do fim de ano e o aumento da circula\u00e7\u00e3o viral, a institui\u00e7\u00e3o recomenda:<\/p>\n<ul>&#13;<\/p>\n<li>Ventilar ambientes;<\/li>\n<p>&#13;<\/p>\n<li>Lavar as m\u00e3os com frequ\u00eancia;<\/li>\n<p>&#13;<\/p>\n<li>Cobrir a boca ao tossir ou espirrar;<\/li>\n<p>&#13;<\/p>\n<li>Usar m\u00e1scara em caso de sintomas gripais;<\/li>\n<p>&#13;<\/p>\n<li>Evitar contato pr\u00f3ximo com pessoas vulner\u00e1veis.<\/li>\n<p>&#13;\n<\/ul>\n<p>Esses cuidados e a vacina\u00e7\u00e3o ajudam a reduzir o risco de agravamentos e interna\u00e7\u00f5es durante o per\u00edodo de maior incid\u00eancia de doen\u00e7as respirat\u00f3rias no pa\u00eds.<\/p>\n<p>As informa\u00e7\u00f5es s\u00e3o da FioCruz.<br \/>&#13;<br \/>\n\u00a0<\/p>\n","protected":false},"excerpt":{"rendered":"A mais recente edi\u00e7\u00e3o do Boletim InfoGripe, da Fiocruz, divulgada nesta quinta-feira (6), aponta a manuten\u00e7\u00e3o do aumento&hellip;\n","protected":false},"author":2,"featured_media":147713,"comment_status":"","ping_status":"","sticky":false,"template":"","format":"standard","meta":{"footnotes":""},"categories":[86],"tags":[1430,1425,1420,1419,1427,1426,1422,1424,1421,1423,2641,116,2850,1428,52,32,1429,33,117,1333],"class_list":{"0":"post-147712","1":"post","2":"type-post","3":"status-publish","4":"format-standard","5":"has-post-thumbnail","7":"category-saude","8":"tag-agronegocios","9":"tag-audio-para-radio","10":"tag-brasi-61","11":"tag-brasil61","12":"tag-brasilia","13":"tag-congresso","14":"tag-conteudo-para-blog","15":"tag-conteudo-para-gratuito","16":"tag-conteudo-para-radios","17":"tag-conteudo-para-site","18":"tag-covid-19","19":"tag-health","20":"tag-influenza","21":"tag-jornalismo","22":"tag-politica","23":"tag-portugal","24":"tag-previsao-do-tempo","25":"tag-pt","26":"tag-saude","27":"tag-vacina"},"share_on_mastodon":{"url":"https:\/\/pubeurope.com\/@pt\/115530348802902666","error":""},"_links":{"self":[{"href":"https:\/\/www.europesays.com\/pt\/wp-json\/wp\/v2\/posts\/147712","targetHints":{"allow":["GET"]}}],"collection":[{"href":"https:\/\/www.europesays.com\/pt\/wp-json\/wp\/v2\/posts"}],"about":[{"href":"https:\/\/www.europesays.com\/pt\/wp-json\/wp\/v2\/types\/post"}],"author":[{"embeddable":true,"href":"https:\/\/www.europesays.com\/pt\/wp-json\/wp\/v2\/users\/2"}],"replies":[{"embeddable":true,"href":"https:\/\/www.europesays.com\/pt\/wp-json\/wp\/v2\/comments?post=147712"}],"version-history":[{"count":0,"href":"https:\/\/www.europesays.com\/pt\/wp-json\/wp\/v2\/posts\/147712\/revisions"}],"wp:featuredmedia":[{"embeddable":true,"href":"https:\/\/www.europesays.com\/pt\/wp-json\/wp\/v2\/media\/147713"}],"wp:attachment":[{"href":"https:\/\/www.europesays.com\/pt\/wp-json\/wp\/v2\/media?parent=147712"}],"wp:term":[{"taxonomy":"category","embeddable":true,"href":"https:\/\/www.europesays.com\/pt\/wp-json\/wp\/v2\/categories?post=147712"},{"taxonomy":"post_tag","embeddable":true,"href":"https:\/\/www.europesays.com\/pt\/wp-json\/wp\/v2\/tags?post=147712"}],"curies":[{"name":"wp","href":"https:\/\/api.w.org\/{rel}","templated":true}]}}