{"id":147727,"date":"2025-11-11T09:42:11","date_gmt":"2025-11-11T09:42:11","guid":{"rendered":"https:\/\/www.europesays.com\/pt\/147727\/"},"modified":"2025-11-11T09:42:11","modified_gmt":"2025-11-11T09:42:11","slug":"a-irobot-esta-quase-sem-dinheiro-o-que-acontecera-aos-aspiradores-roomba-actualidade","status":"publish","type":"post","link":"https:\/\/www.europesays.com\/pt\/147727\/","title":{"rendered":"A iRobot est\u00e1 quase sem dinheiro. O que acontecer\u00e1 aos aspiradores Roomba? | Actualidade"},"content":{"rendered":"<p>Segundo o relat\u00f3rio oficial da empresa, em 27 de Setembro de 2025, a iRobot tinha em caixa e equivalentes cerca de 25 milh\u00f5es de d\u00f3lares (cerca de 22 milh\u00f5es de euros), contra 41 milh\u00f5es de d\u00f3lares (35 milh\u00f5es de euros) em 28 de Junho de 2025. A empresa declara que, \u201cneste momento, n\u00e3o possui fontes \u00e0s quais possa recorrer para capital adicional\u201d.<\/p>\n<p>No \u00faltimo trimestre, as receitas ca\u00edram 33% nos EUA, 13% na EMEA (Europa, M\u00e9dio Oriente e \u00c1frica) e 9 % no Jap\u00e3o (mantendo-se est\u00e1veis excluindo c\u00e2mbio). O CEO da iRobot, Gary Cohen, comentou que os resultados ficaram \u201cbem abaixo das expectativas internas\u201d, referindo \u201cventos contr\u00e1rios cont\u00ednuos no mercado, atrasos na produ\u00e7\u00e3o e perturba\u00e7\u00f5es imprevistas no transporte\u201d.<\/p>\n<p><strong>O hist\u00f3rico e o ambiente de concorr\u00eancia<\/strong><\/p>\n<p>A iRobot foi pioneira no segmento de aspiradores-rob\u00f4, com o primeiro Roomba lan\u00e7ado em 2002. No entanto, ao longo dos anos, o mercado tornou-se muito mais competitivo. Marcas chinesas como a Xiaomi, a Roborock ou a Ecovacs intensificaram a concorr\u00eancia, tanto em funcionalidade como em pre\u00e7o, pressionando a iRobot. Em 2022, a iRobot aceitou uma proposta de aquisi\u00e7\u00e3o pela Amazon que parecia vir a ser a solu\u00e7\u00e3o para refor\u00e7ar o seu posicionamento, mas a opera\u00e7\u00e3o n\u00e3o avan\u00e7ou \u2014 o neg\u00f3cio acabou por falhar, parcialmente por escrut\u00ednio regulat\u00f3rio.<\/p>\n<p>Como consequ\u00eancia desse desfecho, a iRobot procedeu a cortes: despedimentos de uma parte significativa da equipa, sa\u00edda do fundador e CEO Colin Angle, e reestrutura\u00e7\u00e3o da actividade.<\/p>\n<p>Quanto \u00e0 tecnologia, a marca tentou recentemente reinventar-se: passou de uma navega\u00e7\u00e3o predominantemente VSLAM (assente na an\u00e1lise das imagens captadas por c\u00e2maras) para sistemas que incorporam LiDAR (\u201cradar\u201d de luz), adoptando em parte a abordagem de concorrentes mais agressivos no mercado.<\/p>\n<p>E se a iRobot desligar a ficha?<\/p>\n<p>Num documento regulat\u00f3rio apresentado em Novembro de 2025, a empresa alertou que poder\u00e1 vir a ser \u201cfor\u00e7ada a procurar protec\u00e7\u00e3o contra fal\u00eancia\u201d caso n\u00e3o consiga garantir financiamento adicional.<\/p>\n<p>A publica\u00e7\u00e3o norte-americana <a href=\"https:\/\/www.theverge.com\/news\/817536\/irobots-revenue-has-tanked-and-its-almost-out-of-cash\" target=\"_blank\" rel=\"nofollow noopener\">The Verge<\/a> questionou a iRobot sobre o que aconteceria aos aspiradores dos clientes caso a empresa encerrasse. A respons\u00e1vel de comunica\u00e7\u00e3o corporativa, Mich\u00e8le Szynal, referiu-se ao documento regulat\u00f3rio (Form 8-K) que confirma uma extens\u00e3o de perd\u00e3o de d\u00edvida at\u00e9 1 de Dezembro de 2025, enquanto se exploram \u201calternativas estrat\u00e9gicas\u201d, como venda ou refinanciamento. A iRobot garante, por agora, que as opera\u00e7\u00f5es di\u00e1rias se mant\u00eam.<\/p>\n<p>Ou seja: o cliente de uma unidade Roomba pode continuar a utiliz\u00e1-la, mas h\u00e1 incerteza sobre o futuro dos servi\u00e7os associados.<\/p>\n<p><strong>O fantasma do robot \u201coffline\u201d<\/strong><\/p>\n<p>Para perceber o risco, conv\u00e9m olhar para o precedente da Neato Robotics, fabricante americana de aspiradores-rob\u00f4 que encerrou em 2023. A Neato deixou de produzir novos modelos, passando a contar com uma equipa reduzida para garantir suporte \u2014 a empresa-m\u00e3e Vorwerk Group comprometeu-se inicialmente a manter os servi\u00e7os de nuvem (cloud) e pe\u00e7as sobressalentes por cinco anos.<\/p>\n<p>No entanto, em Outubro de 2025, o The Verge confirmou que os servidores da Neato come\u00e7aram a ser desligados, privando muitos utilizadores de funcionalidades dependentes da nuvem, como controlo via app, agendamento remoto ou divis\u00e3o espec\u00edfica. Os robots passaram a ser apenas oper\u00e1veis em modo manual ou b\u00e1sico.<\/p>\n<p>Se a iRobot seguir esse caminho, os Roomba continuar\u00e3o a funcionar no n\u00edvel f\u00edsico (bot\u00e3o de iniciar\/pausar, regressar \u00e0 base), mas funcionalidades \u201csmart\u201d \u2014 personaliza\u00e7\u00e3o, mapeamento em detalhe, comandos de voz \u2014 poder\u00e3o deixar de estar garantidas.<\/p>\n","protected":false},"excerpt":{"rendered":"Segundo o relat\u00f3rio oficial da empresa, em 27 de Setembro de 2025, a iRobot tinha em caixa e&hellip;\n","protected":false},"author":2,"featured_media":147728,"comment_status":"","ping_status":"","sticky":false,"template":"","format":"standard","meta":{"footnotes":""},"categories":[83],"tags":[2992,88,89,90,246,32,33,2321,110],"class_list":{"0":"post-147727","1":"post","2":"type-post","3":"status-publish","4":"format-standard","5":"has-post-thumbnail","7":"category-empresas","8":"tag-actualidade","9":"tag-business","10":"tag-economy","11":"tag-empresas","12":"tag-enter","13":"tag-portugal","14":"tag-pt","15":"tag-robos","16":"tag-tecnologia"},"share_on_mastodon":{"url":"https:\/\/pubeurope.com\/@pt\/115530415879057740","error":""},"_links":{"self":[{"href":"https:\/\/www.europesays.com\/pt\/wp-json\/wp\/v2\/posts\/147727","targetHints":{"allow":["GET"]}}],"collection":[{"href":"https:\/\/www.europesays.com\/pt\/wp-json\/wp\/v2\/posts"}],"about":[{"href":"https:\/\/www.europesays.com\/pt\/wp-json\/wp\/v2\/types\/post"}],"author":[{"embeddable":true,"href":"https:\/\/www.europesays.com\/pt\/wp-json\/wp\/v2\/users\/2"}],"replies":[{"embeddable":true,"href":"https:\/\/www.europesays.com\/pt\/wp-json\/wp\/v2\/comments?post=147727"}],"version-history":[{"count":0,"href":"https:\/\/www.europesays.com\/pt\/wp-json\/wp\/v2\/posts\/147727\/revisions"}],"wp:featuredmedia":[{"embeddable":true,"href":"https:\/\/www.europesays.com\/pt\/wp-json\/wp\/v2\/media\/147728"}],"wp:attachment":[{"href":"https:\/\/www.europesays.com\/pt\/wp-json\/wp\/v2\/media?parent=147727"}],"wp:term":[{"taxonomy":"category","embeddable":true,"href":"https:\/\/www.europesays.com\/pt\/wp-json\/wp\/v2\/categories?post=147727"},{"taxonomy":"post_tag","embeddable":true,"href":"https:\/\/www.europesays.com\/pt\/wp-json\/wp\/v2\/tags?post=147727"}],"curies":[{"name":"wp","href":"https:\/\/api.w.org\/{rel}","templated":true}]}}