{"id":147733,"date":"2025-11-11T09:45:44","date_gmt":"2025-11-11T09:45:44","guid":{"rendered":"https:\/\/www.europesays.com\/pt\/147733\/"},"modified":"2025-11-11T09:45:44","modified_gmt":"2025-11-11T09:45:44","slug":"portugal-e-madeira-serao-bastante-afetados-pela-chuva-forte","status":"publish","type":"post","link":"https:\/\/www.europesays.com\/pt\/147733\/","title":{"rendered":"Portugal e Madeira ser\u00e3o bastante afetados pela chuva forte"},"content":{"rendered":"<p> <img decoding=\"async\" fetchpriority=\"high\" src=\"https:\/\/www.europesays.com\/pt\/wp-content\/uploads\/2025\/11\/dailymotion-x9tjlbw_1024.jpg\"  width=\"768\" height=\"432\" id=\"x9tjlbw\"\/>  <\/p>\n<p>O tempo em Portugal continental esta semana ser\u00e1 condicionado pela chegada de uma frente fria associada \u00e0 depress\u00e3o Claudia, que deixar\u00e1 chuva localmente forte em v\u00e1rias regi\u00f5es. O arquip\u00e9lago da Madeira tamb\u00e9m ser\u00e1 bastante afetado pela mesma configura\u00e7\u00e3o sin\u00f3ptica que o Continente.<\/p>\n<p>    <img decoding=\"async\" fetchpriority=\"high\" src=\"https:\/\/www.europesays.com\/pt\/wp-content\/uploads\/2025\/10\/alfredo-graca.jpg\" alt=\"Alfredo Gra\u00e7a\" width=\"40\" height=\"40\"\/>    <a class=\"nombre text-hv\" href=\"https:\/\/www.tempo.pt\/autor\/alfredo-graca\/\" title=\"Alfredo Gra\u00e7a\" rel=\"nofollow noopener\" target=\"_blank\">Alfredo Gra\u00e7a<\/a>        10\/11\/2025 14:23   10 min   <\/p>\n<p>Tal como temos referido nas \u00faltimas previs\u00f5es lan\u00e7adas aqui na Meteored, o modelo europeu prev\u00ea que nos pr\u00f3ximos dias <strong>a chuva estar\u00e1 presente em praticamente toda a geografia de Portugal<\/strong>, com temperaturas muito amenas para meados de novembro.<\/p>\n<p><strong>No v\u00eddeo<\/strong><br \/>A AEMET (Servi\u00e7o de Meteorologia de Espanha) nomeou <strong>Claudia<\/strong>, a 3\u00aa tempestade atl\u00e2ntica de grande impacto da temporada 2025\/2026. A depress\u00e3o Claudia estar\u00e1 posicionada a oes-noroeste da costa ocidental de Portugal continental a partir de quarta-feira, 12 de novembro, mantendo-se bastante estacion\u00e1ria devido ao bloqueio nas latitudes altas. Provocar\u00e1 chuva localmente forte e impulsionar\u00e1 uma massa de ar muito ameno.<\/p>\n<p>Em poucas horas estar\u00e1 formado um grande bloqueio em forma de \u00f3mega no Atl\u00e2ntico Norte, com os m\u00e1ximos de press\u00e3o atmosf\u00e9rica a surgirem sobre a Gronel\u00e2ndia (1033 hPa), o que permitir\u00e1 o levantamento de uma grande massa de ar frio ao longo do seu flanco leste. Esta ir\u00e1 posicionar-se a oes-noroeste da costa ocidental de Portugal continental, <strong>gerando uma depress\u00e3o principal (depress\u00e3o Claudia) e v\u00e1rias baixas press\u00f5es secund\u00e1rias<\/strong>.<\/p>\n<p>Arranque da segunda semana de novembro com aguaceiros localizados<\/p>\n<p><strong>No que resta desta segunda-feira (10), haver\u00e1 alguns aguaceiros irregulares no Minho, estendendo-se aos distritos do Porto e Aveiro<\/strong> e a algumas zonas de Vila Real, Viseu e Coimbra. N\u00e3o se excluem alguns aguaceiros espor\u00e1dicos a sul e a leste, em pontos dos distritos de Santar\u00e9m e Leiria, mas tamb\u00e9m de Bragan\u00e7a, Guarda e Castelo Branco, embora haja uma tend\u00eancia para a estabiliza\u00e7\u00e3o da situa\u00e7\u00e3o atmosf\u00e9rica ao longo do dia. Na Madeira poder\u00e3o surgir aguaceiros muito pontuais e localizados, com nebulosidade a m\u00e9dia e alta altitude.<\/p>\n<p><img loading=\"lazy\" decoding=\"async\" fetchpriority=\"low\" class=\"lazy \" src=\"https:\/\/www.europesays.com\/pt\/wp-content\/uploads\/2025\/11\/depressao-claudia-chega-de-rompao-na-quarta-12-de-novembro-portugal-e-madeira-serao-bastante-afetado.png\"  width=\"768\" height=\"432\" data-image=\"paiidmpce8ba\"\/>Na quarta e quinta-feira, dias 12 e 13 de novembro, um rio de humidade vai refor\u00e7ar o sistema frontal associado \u00e0 depress\u00e3o Claudia, tornando a chuva mais persistente e abundante.<\/p>\n<p>Amanh\u00e3 &#8211; ter\u00e7a-feira, 11 de novembro &#8211; <strong>a precipita\u00e7\u00e3o vai ganhar for\u00e7a no Minho devido \u00e0 aproxima\u00e7\u00e3o de um sistema frontal (j\u00e1 associado \u00e0 depress\u00e3o Claudia) por volta das 17\/18:00, o que j\u00e1 levou o IPMA a ativar aviso amarelo<\/strong>. Por\u00e9m, antes disso, haver\u00e1 aguaceiros fracos e dispersos no Noroeste e na faixa territorial do Centro do pa\u00eds que corresponde ao sistema montanhoso Montejunto-Estrela. O vento do quadrante sul vai come\u00e7ar a intensificar.<\/p>\n<p>No arquip\u00e9lago da Madeira o c\u00e9u estar\u00e1 nublado ou parcialmente nublado durante grande parte do dia, mas <strong>a partir do fim da tarde come\u00e7ar\u00e3o a cair aguaceiros de forma mais regular e intensa<\/strong>.<\/p>\n<p>Aten\u00e7\u00e3o ao Minho, Douro Litoral, litoral Centro e Oeste e Madeira na quarta e quinta-feira, dias 12 e 13 de novembro<\/p>\n<p><strong>Na quarta-feira (12) o arquip\u00e9lago da Madeira<\/strong> estar\u00e1 em foco devido \u00e0 chegada de uma frente associada \u00e0 depress\u00e3o Claudia, que produzir\u00e1 <strong>chuva localmente forte e potencialmente acompanhada de trovoada<\/strong>, com a fase mais cr\u00edtica prevista para o per\u00edodo <strong>entre as 06:00 e as 12:00<\/strong>. N\u00e3o se exclui a possibilidade de <strong>inunda\u00e7\u00f5es repentinas<\/strong>. Al\u00e9m disso, o vento de Sudoeste nas ilhas soprar\u00e1 forte, com <strong>rajadas superiores a 70 km\/h<\/strong> nas zonas mais expostas (costa norte e extremidade ocidental da ilha da Madeira &#8211; Porto Moniz e Achadas da Cruz).<\/p>\n<p><a class=\"imagen \" href=\"https:\/\/www.tempo.pt\/noticias\/previsao\/chuva-regressa-a-portugal-continental-ate-100-mm-de-precipitacao-acumulada-no-minho-e-douro-litoral-ate-quarta-feira.html\" title=\"Chuva regressa a Portugal Continental: at\u00e9 100 mm de precipita\u00e7\u00e3o acumulada no Minho e Douro Litoral at\u00e9 quarta-feira\" rel=\"nofollow noopener\" target=\"_blank\"><img loading=\"lazy\" decoding=\"async\" fetchpriority=\"low\" class=\"lazy img-body non-editable\" src=\"https:\/\/www.europesays.com\/pt\/wp-content\/uploads\/2025\/11\/chuva-regressa-a-portugal-continental-ate-100-mm-de-precipitacao-acumulada-no-minho-e-douro-litoral-.png\"  width=\"320\" height=\"225\" alt=\"Chuva regressa a Portugal Continental: at\u00e9 100 mm de precipita\u00e7\u00e3o acumulada no Minho e Douro Litoral at\u00e9 quarta-feira\"\/><\/a><\/p>\n<p>Em Portugal continental <strong>a situa\u00e7\u00e3o mais complicada<\/strong> voltar\u00e1 a concentrar-se novamente no <strong>Minho e Douro Litoral<\/strong> (distritos de Viana do Castelo, Braga e Porto) devido \u00e0 <strong>persist\u00eancia da chuva, uma vez que a frente fria gerada por Claudia, refor\u00e7ada por um rio de humidade, permanecer\u00e1 estacion\u00e1ria<\/strong>. A precipita\u00e7\u00e3o tamb\u00e9m estar\u00e1 presente no <strong>litoral Centro e Oeste<\/strong> (distritos de Aveiro, Coimbra, Leiria, Lisboa e Pen\u00ednsula de Set\u00fabal) e em zonas de distritos do interior Norte e Centro (Vila Real, Viseu, Bragan\u00e7a e Guarda). Ser\u00e1 muito mais espor\u00e1dica e residual na Beira Baixa, Alentejo e Algarve.<\/p>\n<p><img loading=\"lazy\" decoding=\"async\" fetchpriority=\"low\" class=\"lazy \" src=\"https:\/\/www.europesays.com\/pt\/wp-content\/uploads\/2025\/11\/1762854344_330_depressao-claudia-chega-de-rompao-na-quarta-12-de-novembro-portugal-e-madeira-serao-bastante-afetado.png\"  width=\"768\" height=\"432\" data-image=\"v1l6oqpydw8v\"\/>A ilha da Madeira vai estar muito exposta \u00e0 ocorr\u00eancia de chuva esta semana.<\/p>\n<p><strong>Na quinta-feira (13) o sistema frontal continuar\u00e1 a regar o Minho, Douro Litoral, pontos do interior Norte e Centro e litoral Centro e Oeste na primeira metade do dia<\/strong>, n\u00e3o se excluindo ainda a potencial ocorr\u00eancia de trovoada. Para a segunda metade do dia, os mapas revelam que a precipita\u00e7\u00e3o tender\u00e1 a alastrar-se por todo o pa\u00eds, come\u00e7ando pelas zonas habitualmente menos regadas (Algarve, Alentejo e Beiras), reativando-se tamb\u00e9m no resto do pa\u00eds, onde j\u00e1 antes ter\u00e1 chovido nesse dia.<\/p>\n<p>Seja o primeiro a receber as previs\u00f5es gra\u00e7as ao <strong><a href=\"https:\/\/www.whatsapp.com\/channel\/0029VaxX6njIyPtRY4lOMd1b\" target=\"_blank\" rel=\"nofollow noopener\">nosso canal do WhatsApp<\/a><\/strong>. Siga-nos e ative as notifica\u00e7\u00f5es.<\/p>\n<p>O vento de Sul vai tornar-se mais forte. <strong>A ilha da Madeira continuar\u00e1 a ser regada pela frente de forma intensa na primeira metade do dia<\/strong>, por vezes com trovoada, surgindo aguaceiros p\u00f3s-frontais, mais irregulares e dispersos, na segunda metade do dia.<\/p>\n<p>A semana pode terminar com precipita\u00e7\u00e3o acumulada entre 90 e 150 mm nestas zonas<\/p>\n<p><strong>Para sexta (14) e s\u00e1bado (15) ainda existe incerteza na trajet\u00f3ria, intensidade e distribui\u00e7\u00e3o da precipita\u00e7\u00e3o<\/strong>. Mas prev\u00ea-se que a chuva, refor\u00e7ada por um novo rio de humidade, volte a afetar Portugal continental em duas fases: na primeira metade do dia de sexta (14) quando a frente se deslocar de sul para norte, e na segunda metade quando percorrer o pa\u00eds de oeste para leste.<\/p>\n<p>Apesar de gerar precipita\u00e7\u00e3o generalizada e pontualmente forte, a frente dever\u00e1 perder algum grau de organiza\u00e7\u00e3o. <strong>A chuva mais persistente concentrar-se-\u00e1 nas regi\u00f5es a norte do sistema montanhoso Montejunto-Estrela<\/strong>, embora tamb\u00e9m deva surgir em quantidades invulgarmente generosas nas regi\u00f5es mais meridionais.<\/p>\n<p><img loading=\"lazy\" decoding=\"async\" fetchpriority=\"low\" class=\"lazy \" src=\"https:\/\/www.europesays.com\/pt\/wp-content\/uploads\/2025\/11\/1762854344_975_depressao-claudia-chega-de-rompao-na-quarta-12-de-novembro-portugal-e-madeira-serao-bastante-afetado.png\"  width=\"768\" height=\"432\" data-image=\"b2wryuvg8jik\"\/>A segunda semana de novembro vai voltar a ser muito chuvosa em Portugal continental devido \u00e0 chegada da depress\u00e3o Claudia, que ao manter-se estacion\u00e1ria a oes-noroeste da nossa geografia, permitir\u00e1 a ocorr\u00eancia de imensos per\u00edodos de chuva moderada a forte a partir de quarta-feira, 12 de novembro.<\/p>\n<p><strong>At\u00e9 s\u00e1bado (15) poder\u00e3o acumular-se mais de 150 mm nalguns pontos do Minho, embora se perspetivem geralmente valores entre 100 e 140 mm nesta regi\u00e3o<\/strong>. Tal como se pode observar no mapa acima, em v\u00e1rias zonas dos distritos do Porto, Vila Real, Viseu, Aveiro, Leiria, Lisboa, Santar\u00e9m, Set\u00fabal e at\u00e9 mesmo na zona montanhosa do Algarve preveem-se acumula\u00e7\u00f5es <strong>entre 90 e 110 mm<\/strong>, podendo pontualmente ultrapassar este patamar.<\/p>\n<p><a class=\"imagen \" href=\"https:\/\/www.tempo.pt\/noticias\/previsao\/tempo-em-portugal-na-proxima-semana-depressao-atlantica-podera-trazer-mais-chuva-e-rajadas-de-vento-ate-100-km-h.html\" title=\"Tempo em Portugal na pr\u00f3xima semana: depress\u00e3o atl\u00e2ntica poder\u00e1 trazer mais chuva e rajadas de vento at\u00e9 100 km\/h\" rel=\"nofollow noopener\" target=\"_blank\"><img loading=\"lazy\" decoding=\"async\" fetchpriority=\"low\" class=\"lazy img-body non-editable\" src=\"https:\/\/www.europesays.com\/pt\/wp-content\/uploads\/2025\/11\/tempo-em-portugal-na-proxima-semana-regresso-da-chuva-rajadas-de-vento-ate-100-km-h-e-agitacao-marit.png\"  width=\"320\" height=\"225\" alt=\"Tempo em Portugal na pr\u00f3xima semana: depress\u00e3o atl\u00e2ntica poder\u00e1 trazer mais chuva e rajadas de vento at\u00e9 100 km\/h\"\/><\/a><\/p>\n<p><strong>Adicionalmente, espera-se que ultrapasse os 120 mm na zona do distrito da Guarda correspondente \u00e0 Serra da Estrela<\/strong>. Na ilha da Madeira prev\u00ea-se uma distribui\u00e7\u00e3o tripartida: na faixa oriental at\u00e9 20 mm, na faixa central (regi\u00f5es montanhosas) entre 50 e 80 mm, e na faixa ocidental, claramente a mais exposta, entre 90 e 130 mm.<\/p>\n<p>A\u00e7ores tamb\u00e9m v\u00e3o ser afetados, mas preveem-se acumula\u00e7\u00f5es menores \u00e0s de Continente e Madeira<\/p>\n<p><strong>Nos A\u00e7ores a precipita\u00e7\u00e3o acumulada total semanal dever\u00e1 variar entre 20 e 30 mm, podendo nalgumas zonas alcan\u00e7ar 50 mm<\/strong>. Algumas linhas de instabilidade surgir\u00e3o em v\u00e1rios momentos da semana neste arquip\u00e9lago, mas o &#8220;grosso&#8221; da precipita\u00e7\u00e3o gerada pela frente fria associada \u00e0 depress\u00e3o Claudia e pelo rio atmosf\u00e9rico que refor\u00e7ar\u00e1 a chuva, incidir\u00e1 maioritariamente no Continente e na Madeira.<\/p>\n<p><a class=\"imagen \" href=\"https:\/\/www.tempo.pt\/noticias\/previsao\/especialista-joana-campos-revela-qual-sera-o-dia-mais-chuvoso-desta-semana-em-portugal-mais-de-65-mm-acumulados.html\" title=\"Especialista Joana Campos revela qual ser\u00e1 o dia mais chuvoso desta semana em Portugal: &#039;mais de 65 mm acumulados&#039;\" rel=\"nofollow noopener\" target=\"_blank\"><img loading=\"lazy\" decoding=\"async\" fetchpriority=\"low\" class=\"lazy img-body non-editable\" src=\"https:\/\/www.europesays.com\/pt\/wp-content\/uploads\/2025\/11\/especialista-joana-campos-revela-qual-sera-o-dia-mais-chuvoso-desta-semana-em-portugal-mais-de-65-mm.jpeg\"  width=\"320\" height=\"225\" alt=\"Especialista Joana Campos revela qual ser\u00e1 o dia mais chuvoso desta semana em Portugal: 'mais de 65 mm acumulados'\"\/><\/a><\/p>\n<p><strong>N\u00e3o obstante, agora mesmo, o Grupo Ocidental dos A\u00e7ores estar\u00e1 sob aviso amarelo de precipita\u00e7\u00e3o a partir das 15:00 de hoje <\/strong>e os restantes grupos a partir das 18:00. O Grupo Ocidental contar\u00e1 com aviso amarelo de vento tamb\u00e9m para o dia de hoje, entre 12:00 e as 21:00, e com aviso amarelo de agita\u00e7\u00e3o mar\u00edtima, entre as 12:00 de amanh\u00e3 e as 12:00 do dia 12.<\/p>\n","protected":false},"excerpt":{"rendered":"O tempo em Portugal continental esta semana ser\u00e1 condicionado pela chegada de uma frente fria associada \u00e0 depress\u00e3o&hellip;\n","protected":false},"author":2,"featured_media":147734,"comment_status":"","ping_status":"","sticky":false,"template":"","format":"standard","meta":{"footnotes":""},"categories":[8],"tags":[27,28,2139,32282,15,16,2140,14,25,26,1301,21,22,606,12,13,19,20,32,1429,23,24,33,10963,7069,4116,17,18,29,30,31],"class_list":{"0":"post-147733","1":"post","2":"type-post","3":"status-publish","4":"format-standard","5":"has-post-thumbnail","7":"category-principais-noticias","8":"tag-breaking-news","9":"tag-breakingnews","10":"tag-chuva","11":"tag-depressao-claudia","12":"tag-featured-news","13":"tag-featurednews","14":"tag-frente-fria","15":"tag-headlines","16":"tag-latest-news","17":"tag-latestnews","18":"tag-madeira","19":"tag-main-news","20":"tag-mainnews","21":"tag-meteorologia","22":"tag-news","23":"tag-noticias","24":"tag-noticias-principais","25":"tag-noticiasprincipais","26":"tag-portugal","27":"tag-previsao-do-tempo","28":"tag-principais-noticias","29":"tag-principaisnoticias","30":"tag-pt","31":"tag-tempo-esta-semana","32":"tag-tempo-para-amanha","33":"tag-tempo-proximos-dias","34":"tag-top-stories","35":"tag-topstories","36":"tag-ultimas","37":"tag-ultimas-noticias","38":"tag-ultimasnoticias"},"share_on_mastodon":{"url":"","error":"Validation failed: Text character limit of 500 exceeded"},"_links":{"self":[{"href":"https:\/\/www.europesays.com\/pt\/wp-json\/wp\/v2\/posts\/147733","targetHints":{"allow":["GET"]}}],"collection":[{"href":"https:\/\/www.europesays.com\/pt\/wp-json\/wp\/v2\/posts"}],"about":[{"href":"https:\/\/www.europesays.com\/pt\/wp-json\/wp\/v2\/types\/post"}],"author":[{"embeddable":true,"href":"https:\/\/www.europesays.com\/pt\/wp-json\/wp\/v2\/users\/2"}],"replies":[{"embeddable":true,"href":"https:\/\/www.europesays.com\/pt\/wp-json\/wp\/v2\/comments?post=147733"}],"version-history":[{"count":0,"href":"https:\/\/www.europesays.com\/pt\/wp-json\/wp\/v2\/posts\/147733\/revisions"}],"wp:featuredmedia":[{"embeddable":true,"href":"https:\/\/www.europesays.com\/pt\/wp-json\/wp\/v2\/media\/147734"}],"wp:attachment":[{"href":"https:\/\/www.europesays.com\/pt\/wp-json\/wp\/v2\/media?parent=147733"}],"wp:term":[{"taxonomy":"category","embeddable":true,"href":"https:\/\/www.europesays.com\/pt\/wp-json\/wp\/v2\/categories?post=147733"},{"taxonomy":"post_tag","embeddable":true,"href":"https:\/\/www.europesays.com\/pt\/wp-json\/wp\/v2\/tags?post=147733"}],"curies":[{"name":"wp","href":"https:\/\/api.w.org\/{rel}","templated":true}]}}