{"id":147737,"date":"2025-11-11T09:49:18","date_gmt":"2025-11-11T09:49:18","guid":{"rendered":"https:\/\/www.europesays.com\/pt\/147737\/"},"modified":"2025-11-11T09:49:18","modified_gmt":"2025-11-11T09:49:18","slug":"vem-ai-em-terra-forte-flor-anuncia-querer-metade-da-fortuna-mas-ha-mais-novelas","status":"publish","type":"post","link":"https:\/\/www.europesays.com\/pt\/147737\/","title":{"rendered":"Vem a\u00ed em \u00abTerra Forte\u00bb: Flor anuncia querer metade da fortuna. Mas, h\u00e1 mais &#8211; Novelas"},"content":{"rendered":"<p>Em \u00abTerra Forte\u00bb, <a href=\"https:\/\/tvi.iol.pt\/novelas\/videos\/terra-forte-maria-de-fatima-e-manuel-tinham-um-caso\/68f65cdc0cf29d28d82976cb\" rel=\"nofollow noopener\" target=\"_blank\">Maria de F\u00e1tima (Rita Pereira)<\/a> pica <a href=\"https:\/\/tvi.iol.pt\/novelas\/videos\/terra-forte-no-dia-do-seu-aniversario-flor-recebe-uma-visita-inesperada\/68f65c7a0cf29d28d82976c8\" rel=\"nofollow noopener\" target=\"_blank\">Flor (Benedita Pereira)<\/a>\u00a0a dizer que <a href=\"https:\/\/tvi.iol.pt\/novelas\/videos\/terra-forte-sammy-fica-sem-chao-ao-descobrir-que-flor-e-a-mae-de-rosinha\/68f7b83e0cf29d28d8297a75\" rel=\"nofollow noopener\" target=\"_blank\">Sammy (Jos\u00e9 Fidalgo)<\/a>\u00a0sempre esteve em boa forma toda a sua vida, Sammy esbo\u00e7a ar constrangido. Flor fica surpresa por descobrir agora que\u00a0<a href=\"https:\/\/tvi.iol.pt\/novelas\/fotos\/vem-ai-em-terra-forte-em-lagrimas-e-rejeitada-rosa-maria-deixa-flor-para-tras\/68f64dafd34e58bc6797196e\" rel=\"nofollow noopener\" target=\"_blank\">Rosa Maria (Cust\u00f3dia Gallego)<\/a> n\u00e3o vive ali na mans\u00e3o desde que descobriu o que Manuel tinha feito \u00e0 fam\u00edlia de Sammy, com Flor a anunciar ir mesmo aceitar a proposta de Maria de F\u00e1tima de lhe dar metade de tudo para tamb\u00e9m ajudar a m\u00e3e. Maria de F\u00e1tima e <a href=\"https:\/\/tvi.iol.pt\/novelas\/videos\/terra-forte-maria-de-fatima-e-cobra-sao-cumplices-em-varios-crimes\/6900dcc00cf29d28d82991f2\" rel=\"nofollow noopener\" target=\"_blank\">Cobra (Ricardo Burgos)<\/a>\u00a0esbo\u00e7am ar tenso.<\/p>\n<p>Maria de F\u00e1tima defende-se que \u00e9 ela quem sustenta aquela fam\u00edlia, sendo gra\u00e7as ao seu esfor\u00e7o que vivem numa situa\u00e7\u00e3o financeira desafogada. Flor continua a insistir ser justo que Sammy tenha direito a ficar com o que lhe foi roubado, com Maria de F\u00e1tima a acus\u00e1-la j\u00e1 muito irritada de se estar a fazer ao seu marido.<\/p>\n<p>Flor diz a Maria de F\u00e1tima cada vez mais achar que ela sempre quis ficar com tudo que era seu, incluindo nesse leque Sammy. Maria de F\u00e1tima riposta que se quisesse, at\u00e9 com Ant\u00f3nio ficava, todos a olham chocados.<\/p>\n<p>Maria de F\u00e1tima diz n\u00e3o querer mais aquelas discuss\u00f5es na sua casa, pedindo a Flor e <a href=\"https:\/\/tvi.iol.pt\/novelas\/videos\/terra-forte-emocionante-antonio-e-flor-trocam-juras-de-amor\/68f7b89d0cf29d28d8297a77\" rel=\"nofollow noopener\" target=\"_blank\">Ant\u00f3nio (Jo\u00e3o Catarr\u00e9)<\/a> que se v\u00e3o embora.<\/p>\n<p>Maria de F\u00e1tima continua a discutir com Flor a acus\u00e1-la de ser afinal algu\u00e9m que tem tudo programado para que ela lhe d\u00ea a sua fortuna. Ant\u00f3nio tamb\u00e9m concorda ser melhor que ele e Flor saiam dali. Sammy intromete-se a impor que Flor e Ant\u00f3nio continuem naquela casa, mandando calar Maria de F\u00e1tima.<\/p>\n<p>Recorde-se que a Flor e a fam\u00edlia chegaram h\u00e1 pouco tempo ao Brasil:<\/p>\n","protected":false},"excerpt":{"rendered":"Em \u00abTerra Forte\u00bb, Maria de F\u00e1tima (Rita Pereira) pica Flor (Benedita Pereira)\u00a0a dizer que Sammy (Jos\u00e9 Fidalgo)\u00a0sempre esteve&hellip;\n","protected":false},"author":2,"featured_media":147738,"comment_status":"","ping_status":"","sticky":false,"template":"","format":"standard","meta":{"footnotes":""},"categories":[142],"tags":[160,7951,166,18259,114,115,157,167,978,164,8598,161,158,165,159,32,33,156,5871,27871,26751,18614,163,151,162],"class_list":{"0":"post-147737","1":"post","2":"type-post","3":"status-publish","4":"format-standard","5":"has-post-thumbnail","7":"category-tv","8":"tag-ana-guiomar","9":"tag-benedita-pereira","10":"tag-cristina-ferreira","11":"tag-custodia-gallego","12":"tag-entertainment","13":"tag-entretenimento","14":"tag-festa-e-festa","15":"tag-ficcao","16":"tag-flor","17":"tag-jose-fidalgo","18":"tag-maria-de-fatima","19":"tag-novelas","20":"tag-para-sempre","21":"tag-pedro-sousa","22":"tag-pedro-teixeira","23":"tag-portugal","24":"tag-pt","25":"tag-queridos-papas","26":"tag-rita-pereira","27":"tag-rosa-maria","28":"tag-sammy","29":"tag-terra-forte","30":"tag-tiago-teotonio-pereira","31":"tag-tv","32":"tag-tvi"},"share_on_mastodon":{"url":"https:\/\/pubeurope.com\/@pt\/115530443202928643","error":""},"_links":{"self":[{"href":"https:\/\/www.europesays.com\/pt\/wp-json\/wp\/v2\/posts\/147737","targetHints":{"allow":["GET"]}}],"collection":[{"href":"https:\/\/www.europesays.com\/pt\/wp-json\/wp\/v2\/posts"}],"about":[{"href":"https:\/\/www.europesays.com\/pt\/wp-json\/wp\/v2\/types\/post"}],"author":[{"embeddable":true,"href":"https:\/\/www.europesays.com\/pt\/wp-json\/wp\/v2\/users\/2"}],"replies":[{"embeddable":true,"href":"https:\/\/www.europesays.com\/pt\/wp-json\/wp\/v2\/comments?post=147737"}],"version-history":[{"count":0,"href":"https:\/\/www.europesays.com\/pt\/wp-json\/wp\/v2\/posts\/147737\/revisions"}],"wp:featuredmedia":[{"embeddable":true,"href":"https:\/\/www.europesays.com\/pt\/wp-json\/wp\/v2\/media\/147738"}],"wp:attachment":[{"href":"https:\/\/www.europesays.com\/pt\/wp-json\/wp\/v2\/media?parent=147737"}],"wp:term":[{"taxonomy":"category","embeddable":true,"href":"https:\/\/www.europesays.com\/pt\/wp-json\/wp\/v2\/categories?post=147737"},{"taxonomy":"post_tag","embeddable":true,"href":"https:\/\/www.europesays.com\/pt\/wp-json\/wp\/v2\/tags?post=147737"}],"curies":[{"name":"wp","href":"https:\/\/api.w.org\/{rel}","templated":true}]}}