{"id":147766,"date":"2025-11-11T10:16:07","date_gmt":"2025-11-11T10:16:07","guid":{"rendered":"https:\/\/www.europesays.com\/pt\/147766\/"},"modified":"2025-11-11T10:16:07","modified_gmt":"2025-11-11T10:16:07","slug":"mulher-assaltada-em-casa-apos-marcar-encontro-atraves-do-tinder-em-lisboa","status":"publish","type":"post","link":"https:\/\/www.europesays.com\/pt\/147766\/","title":{"rendered":"Mulher assaltada em casa ap\u00f3s marcar encontro atrav\u00e9s do Tinder em Lisboa"},"content":{"rendered":"<p>\t                Jovem marcou encontro, mas acabou amorda\u00e7ada e com a casa assaltada<\/p>\n<p>Uma mulher de 22 anos foi v\u00edtima de um roubo violento, na noite desta segunda-feira, no interior da sua resid\u00eancia no Parque das Na\u00e7\u00f5es, em Lisboa.\u00a0<\/p>\n<p>A TVI e CNN Portugal sabem que a jovem tinha marcado um encontro amoroso atrav\u00e9s da aplica\u00e7\u00e3o Tinder com um homem que conheceu na plataforma. O encontro acabou, por\u00e9m, por se transformar num cen\u00e1rio de crime.<\/p>\n<p>J\u00e1 dentro da habita\u00e7\u00e3o, o suspeito ter\u00e1 amea\u00e7ado a v\u00edtima com uma alegada arma de fogo e abriu a porta a um c\u00famplice, que o ajudou a amorda\u00e7\u00e1-la. Os dois indiv\u00edduos roubaram o telem\u00f3vel da v\u00edtima e cerca de 200 euros em dinheiro, fugindo de seguida do local.<\/p>\n<p>A mulher conseguiu libertar-se e alertar as autoridades, que est\u00e3o agora a investigar o caso para chegar \u00e0 identifica\u00e7\u00e3o e localiza\u00e7\u00e3o dos suspeitos.<\/p>\n","protected":false},"excerpt":{"rendered":"Jovem marcou encontro, mas acabou amorda\u00e7ada e com a casa assaltada Uma mulher de 22 anos foi v\u00edtima&hellip;\n","protected":false},"author":2,"featured_media":147767,"comment_status":"","ping_status":"","sticky":false,"template":"","format":"standard","meta":{"footnotes":""},"categories":[10],"tags":[609,836,611,2446,27,28,607,608,333,832,604,135,610,476,15,16,301,830,14,603,25,26,797,570,21,22,831,833,62,834,12,13,19,20,835,602,32285,52,32,23,24,33,10926,17,18,29,30,31],"class_list":{"0":"post-147766","1":"post","2":"type-post","3":"status-publish","4":"format-standard","5":"has-post-thumbnail","7":"category-portugal","8":"tag-alerta","9":"tag-analise","10":"tag-ao-minuto","11":"tag-assalto","12":"tag-breaking-news","13":"tag-breakingnews","14":"tag-cnn","15":"tag-cnn-portugal","16":"tag-comentadores","17":"tag-costa","18":"tag-crime","19":"tag-desporto","20":"tag-direto","21":"tag-economia","22":"tag-featured-news","23":"tag-featurednews","24":"tag-governo","25":"tag-guerra","26":"tag-headlines","27":"tag-justica","28":"tag-latest-news","29":"tag-latestnews","30":"tag-lisboa","31":"tag-live","32":"tag-main-news","33":"tag-mainnews","34":"tag-mais-vistas","35":"tag-marcelo","36":"tag-mundo","37":"tag-negocios","38":"tag-news","39":"tag-noticias","40":"tag-noticias-principais","41":"tag-noticiasprincipais","42":"tag-opiniao","43":"tag-pais","44":"tag-parque-das-nacoes","45":"tag-politica","46":"tag-portugal","47":"tag-principais-noticias","48":"tag-principaisnoticias","49":"tag-pt","50":"tag-tinder","51":"tag-top-stories","52":"tag-topstories","53":"tag-ultimas","54":"tag-ultimas-noticias","55":"tag-ultimasnoticias"},"share_on_mastodon":{"url":"","error":"Validation failed: Text character limit of 500 exceeded"},"_links":{"self":[{"href":"https:\/\/www.europesays.com\/pt\/wp-json\/wp\/v2\/posts\/147766","targetHints":{"allow":["GET"]}}],"collection":[{"href":"https:\/\/www.europesays.com\/pt\/wp-json\/wp\/v2\/posts"}],"about":[{"href":"https:\/\/www.europesays.com\/pt\/wp-json\/wp\/v2\/types\/post"}],"author":[{"embeddable":true,"href":"https:\/\/www.europesays.com\/pt\/wp-json\/wp\/v2\/users\/2"}],"replies":[{"embeddable":true,"href":"https:\/\/www.europesays.com\/pt\/wp-json\/wp\/v2\/comments?post=147766"}],"version-history":[{"count":0,"href":"https:\/\/www.europesays.com\/pt\/wp-json\/wp\/v2\/posts\/147766\/revisions"}],"wp:featuredmedia":[{"embeddable":true,"href":"https:\/\/www.europesays.com\/pt\/wp-json\/wp\/v2\/media\/147767"}],"wp:attachment":[{"href":"https:\/\/www.europesays.com\/pt\/wp-json\/wp\/v2\/media?parent=147766"}],"wp:term":[{"taxonomy":"category","embeddable":true,"href":"https:\/\/www.europesays.com\/pt\/wp-json\/wp\/v2\/categories?post=147766"},{"taxonomy":"post_tag","embeddable":true,"href":"https:\/\/www.europesays.com\/pt\/wp-json\/wp\/v2\/tags?post=147766"}],"curies":[{"name":"wp","href":"https:\/\/api.w.org\/{rel}","templated":true}]}}