{"id":147768,"date":"2025-11-11T10:17:20","date_gmt":"2025-11-11T10:17:20","guid":{"rendered":"https:\/\/www.europesays.com\/pt\/147768\/"},"modified":"2025-11-11T10:17:20","modified_gmt":"2025-11-11T10:17:20","slug":"tenis-dois-adeptos-morrem-no-segundo-dia-das-atp-finals","status":"publish","type":"post","link":"https:\/\/www.europesays.com\/pt\/147768\/","title":{"rendered":"T\u00e9nis: dois adeptos morrem no segundo dia das ATP Finals"},"content":{"rendered":"<p>O segundo dia das ATP Finals ficou marcado pela morte de dois adeptos, um de 70 e outro de 78 anos, em situa\u00e7\u00f5es bastante id\u00eanticas.<\/p>\n<p>Em Turim, durante o jogo entre Taylor Fritz e Musetti, um homem colapsou nas bancadas, foi assistido no local e transportado para o hospital, onde viria a n\u00e3o resistir tendo chegado em estado cr\u00edtico. Horas antes, na\u00a0fan zone, um outro indiv\u00edduo teve um ataque card\u00edaco e acabou por falecer j\u00e1 no hospital.<\/p>\n<p>No que \u00e0 competi\u00e7\u00e3o diz respeito, destaque para a vit\u00f3ria de Jannik Sinner sobre Felix Auger-Aliassime, por 2-0, com os parciais de 7-5 e 6-1. Uma entrada com o p\u00e9 direito para o n\u00famero um do ranking ATP na competi\u00e7\u00e3o, em que os dois primeiros de cada grupo se apuram para as \u00abmeias\u00bb.<\/p>\n<p>Fritz derrotou Musetti tamb\u00e9m por 2-0, com os parciais de 6-3 e 6-4, conquistando assim o primeiro triunfo no Grupo Jimmy Connors, diante do italiano que beneficiou da les\u00e3o de Djokovic para participar na prova.<\/p>\n","protected":false},"excerpt":{"rendered":"O segundo dia das ATP Finals ficou marcado pela morte de dois adeptos, um de 70 e outro&hellip;\n","protected":false},"author":2,"featured_media":147769,"comment_status":"","ping_status":"","sticky":false,"template":"","format":"standard","meta":{"footnotes":""},"categories":[8],"tags":[9231,32286,27,28,15,16,32287,14,11264,25,26,21,22,46,1830,12,13,19,20,32,23,24,33,47,2349,17,18,29,30,31],"class_list":{"0":"post-147768","1":"post","2":"type-post","3":"status-publish","4":"format-standard","5":"has-post-thumbnail","7":"category-principais-noticias","8":"tag-adeptos","9":"tag-atp-finals","10":"tag-breaking-news","11":"tag-breakingnews","12":"tag-featured-news","13":"tag-featurednews","14":"tag-felix-auger-aliassime","15":"tag-headlines","16":"tag-jannik-sinner","17":"tag-latest-news","18":"tag-latestnews","19":"tag-main-news","20":"tag-mainnews","21":"tag-maisfutebol","22":"tag-modalidades","23":"tag-news","24":"tag-noticias","25":"tag-noticias-principais","26":"tag-noticiasprincipais","27":"tag-portugal","28":"tag-principais-noticias","29":"tag-principaisnoticias","30":"tag-pt","31":"tag-pura-paixao","32":"tag-tenis","33":"tag-top-stories","34":"tag-topstories","35":"tag-ultimas","36":"tag-ultimas-noticias","37":"tag-ultimasnoticias"},"share_on_mastodon":{"url":"https:\/\/pubeurope.com\/@pt\/115530553582119881","error":""},"_links":{"self":[{"href":"https:\/\/www.europesays.com\/pt\/wp-json\/wp\/v2\/posts\/147768","targetHints":{"allow":["GET"]}}],"collection":[{"href":"https:\/\/www.europesays.com\/pt\/wp-json\/wp\/v2\/posts"}],"about":[{"href":"https:\/\/www.europesays.com\/pt\/wp-json\/wp\/v2\/types\/post"}],"author":[{"embeddable":true,"href":"https:\/\/www.europesays.com\/pt\/wp-json\/wp\/v2\/users\/2"}],"replies":[{"embeddable":true,"href":"https:\/\/www.europesays.com\/pt\/wp-json\/wp\/v2\/comments?post=147768"}],"version-history":[{"count":0,"href":"https:\/\/www.europesays.com\/pt\/wp-json\/wp\/v2\/posts\/147768\/revisions"}],"wp:featuredmedia":[{"embeddable":true,"href":"https:\/\/www.europesays.com\/pt\/wp-json\/wp\/v2\/media\/147769"}],"wp:attachment":[{"href":"https:\/\/www.europesays.com\/pt\/wp-json\/wp\/v2\/media?parent=147768"}],"wp:term":[{"taxonomy":"category","embeddable":true,"href":"https:\/\/www.europesays.com\/pt\/wp-json\/wp\/v2\/categories?post=147768"},{"taxonomy":"post_tag","embeddable":true,"href":"https:\/\/www.europesays.com\/pt\/wp-json\/wp\/v2\/tags?post=147768"}],"curies":[{"name":"wp","href":"https:\/\/api.w.org\/{rel}","templated":true}]}}