{"id":14777,"date":"2025-08-03T22:02:14","date_gmt":"2025-08-03T22:02:14","guid":{"rendered":"https:\/\/www.europesays.com\/pt\/14777\/"},"modified":"2025-08-03T22:02:14","modified_gmt":"2025-08-03T22:02:14","slug":"as-melhores-dicas-de-exercicios-de-2025-com-respaldo-cientifico","status":"publish","type":"post","link":"https:\/\/www.europesays.com\/pt\/14777\/","title":{"rendered":"As melhores dicas de exerc\u00edcios de 2025 com respaldo cient\u00edfico"},"content":{"rendered":"<p>A otimiza\u00e7\u00e3o dos exerc\u00edcios f\u00edsicos \u00e9 uma preocupa\u00e7\u00e3o crescente para aqueles que buscam melhorar sua sa\u00fade e desempenho f\u00edsico. Com o avan\u00e7o das pesquisas no campo da sa\u00fade e do<a href=\"https:\/\/terrabrasilnoticias.com\/2025\/07\/choque-no-mundo-fitness-estrela-do-fisiculturismo-morre-apos-parada-cardiaca\/\" target=\"_blank\" rel=\"noreferrer noopener nofollow\"> condicionamento f\u00edsico<\/a>, surgem novas recomenda\u00e7\u00f5es sobre como e quando se exercitar para maximizar os benef\u00edcios \u00e0 sa\u00fade. Entre os pontos destacados est\u00e3o o tempo adequado para treinar, a escolha efetiva de exerc\u00edcios e a rela\u00e7\u00e3o entre o treino de for\u00e7a e cardiovascular.<\/p>\n<p>Estudos recentes indicam que um n\u00famero reduzido de s\u00e9ries com alta intensidade \u00e9 suficiente para promover o crescimento muscular. Uma revis\u00e3o de 67 estudos revelou que o aumento do n\u00famero de s\u00e9ries pode contribuir para ganhos de for\u00e7a, mas h\u00e1 um ponto de satura\u00e7\u00e3o. Ap\u00f3s um certo n\u00famero de s\u00e9ries, os ganhos de for\u00e7a se estabilizam, mostrando que o foco em menos s\u00e9ries com maior intensidade pode ser mais vantajoso.<\/p>\n<p>\u00c9 melhor levantar pesos antes de fazer cardio?<\/p>\n<p>A d\u00favida sobre a ordem ideal para realizar treino de for\u00e7a e cardio \u00e9 comum entre praticantes de exerc\u00edcios f\u00edsicos. Segundo uma pesquisa recente, realizar treino de for\u00e7a antes do cardio pode ser mais ben\u00e9fico. Participantes, incluindo homens e mulheres, que adotaram essa abordagem apresentaram melhor pot\u00eancia muscular, resist\u00eancia e menor percentual de gordura corporal ap\u00f3s tr\u00eas meses. A explica\u00e7\u00e3o est\u00e1 no fato de que o cardio, quando feito antes, pode reduzir a energia dispon\u00edvel para o treino de for\u00e7a.<\/p>\n<p><img loading=\"lazy\" decoding=\"async\" width=\"1024\" height=\"576\" src=\"https:\/\/www.europesays.com\/pt\/wp-content\/uploads\/2025\/08\/levantamento-de-peso_1754224383717-1024x576.jpg\" alt=\"\"  \/><\/p>\n<p>Homem levantando peso. Cr\u00e9ditos: depositphotos.com \/ EdZbarzhyvetsky<\/p>\n<p>Qual \u00e9 o tempo m\u00ednimo necess\u00e1rio para levantamento de pesos?<\/p>\n<p>Outra descoberta interessante \u00e9 que uma hora de levantamento de pesos por semana pode ser suficiente para melhorar significativamente a for\u00e7a e o tamanho muscular. Esse tempo pode ser dividido em duas sess\u00f5es de 30 minutos, o que facilita a incorpora\u00e7\u00e3o dessa pr\u00e1tica na rotina de indiv\u00edduos com agendas lotadas. Assim, mesmo que frequ\u00eancias menores de treino possam ser eficazes, garantir a consist\u00eancia nos exerc\u00edcios \u00e9 crucial para obter esses benef\u00edcios.<\/p>\n<p>Quando \u00e9 o melhor momento do dia para fazer exerc\u00edcios?<\/p>\n<p>A hora do dia em que se exercita pode influenciar a sa\u00fade card\u00edaca e pulmonar. Um estudo envolvendo cerca de 800 adultos mais velhos mostrou que aqueles que eram mais ativos pela manh\u00e3 tinham melhores fun\u00e7\u00f5es card\u00edaca e pulmonar. O ritmo circadiano do corpo pode explicar essa conex\u00e3o, pois o rel\u00f3gio biol\u00f3gico pode afetar a forma como o corpo responde ao exerc\u00edcio.<\/p>\n<ul class=\"wp-block-list\">\n<li>Atividades como ioga e Tai Chi, al\u00e9m dos \u201cexergames\u201d, foram identificadas como \u00f3timas para a sa\u00fade cerebral.<\/li>\n<li>Escolher exerc\u00edcios que se ajustam \u00e0 personalidade pode manter a motiva\u00e7\u00e3o e garantir maior ades\u00e3o ao longo do tempo.<\/li>\n<li>Ir para a cama mais cedo pode aumentar a atividade f\u00edsica no dia seguinte.<\/li>\n<\/ul>\n<p>O m\u00e9todo de caminhada intervalada conhecido como \u201cCaminhada Japonesa\u201d ganhou popularidade recentemente. Essa t\u00e9cnica se baseia em alternar entre caminhadas r\u00e1pidas e lentas, contribuindo para o aumento da resist\u00eancia e for\u00e7a f\u00edsica. Tais pr\u00e1ticas mostram como a inova\u00e7\u00e3o e a adapta\u00e7\u00e3o de exerc\u00edcios podem maximizar os benef\u00edcios \u00e0 sa\u00fade.<\/p>\n<p>Dessa forma, as novas orienta\u00e7\u00f5es e descobertas sobre exerc\u00edcios f\u00edsicos indicam que otimizar a rotina de treinos pode levar a ganhos significativos em sa\u00fade e desempenho f\u00edsico. Incorporar estrat\u00e9gias baseadas em evid\u00eancias pode, portanto, transformar a maneira como se exercita e ajudar a alcan\u00e7ar objetivos de bem-estar de forma mais eficiente e duradoura.<\/p>\n","protected":false},"excerpt":{"rendered":"A otimiza\u00e7\u00e3o dos exerc\u00edcios f\u00edsicos \u00e9 uma preocupa\u00e7\u00e3o crescente para aqueles que buscam melhorar sua sa\u00fade e desempenho&hellip;\n","protected":false},"author":2,"featured_media":14778,"comment_status":"","ping_status":"","sticky":false,"template":"","format":"standard","meta":{"footnotes":""},"categories":[86],"tags":[5911,5912,116,5913,32,33,117],"class_list":{"0":"post-14777","1":"post","2":"type-post","3":"status-publish","4":"format-standard","5":"has-post-thumbnail","7":"category-saude","8":"tag-cardio","9":"tag-exercicio","10":"tag-health","11":"tag-levantamento-de-pesos","12":"tag-portugal","13":"tag-pt","14":"tag-saude"},"share_on_mastodon":{"url":"","error":""},"_links":{"self":[{"href":"https:\/\/www.europesays.com\/pt\/wp-json\/wp\/v2\/posts\/14777","targetHints":{"allow":["GET"]}}],"collection":[{"href":"https:\/\/www.europesays.com\/pt\/wp-json\/wp\/v2\/posts"}],"about":[{"href":"https:\/\/www.europesays.com\/pt\/wp-json\/wp\/v2\/types\/post"}],"author":[{"embeddable":true,"href":"https:\/\/www.europesays.com\/pt\/wp-json\/wp\/v2\/users\/2"}],"replies":[{"embeddable":true,"href":"https:\/\/www.europesays.com\/pt\/wp-json\/wp\/v2\/comments?post=14777"}],"version-history":[{"count":0,"href":"https:\/\/www.europesays.com\/pt\/wp-json\/wp\/v2\/posts\/14777\/revisions"}],"wp:featuredmedia":[{"embeddable":true,"href":"https:\/\/www.europesays.com\/pt\/wp-json\/wp\/v2\/media\/14778"}],"wp:attachment":[{"href":"https:\/\/www.europesays.com\/pt\/wp-json\/wp\/v2\/media?parent=14777"}],"wp:term":[{"taxonomy":"category","embeddable":true,"href":"https:\/\/www.europesays.com\/pt\/wp-json\/wp\/v2\/categories?post=14777"},{"taxonomy":"post_tag","embeddable":true,"href":"https:\/\/www.europesays.com\/pt\/wp-json\/wp\/v2\/tags?post=14777"}],"curies":[{"name":"wp","href":"https:\/\/api.w.org\/{rel}","templated":true}]}}