{"id":147773,"date":"2025-11-11T10:23:18","date_gmt":"2025-11-11T10:23:18","guid":{"rendered":"https:\/\/www.europesays.com\/pt\/147773\/"},"modified":"2025-11-11T10:23:18","modified_gmt":"2025-11-11T10:23:18","slug":"historia-de-brasileiro-que-salvou-criancas-em-dublin-vai-virar-filme-e-documentario","status":"publish","type":"post","link":"https:\/\/www.europesays.com\/pt\/147773\/","title":{"rendered":"Hist\u00f3ria de brasileiro que salvou crian\u00e7as em Dublin vai virar filme e document\u00e1rio"},"content":{"rendered":"\n<p class=\" content-text__container theme-color-primary-first-letter\" data-track-category=\"Link no Texto\" data-track-links=\"\"> A hist\u00f3ria de Caio Ben\u00edcio, entregador brasileiro que interrompeu um ataque a crian\u00e7as em Dublin h\u00e1 dois anos, vai virar longa de fic\u00e7\u00e3o e document\u00e1rio. Com produ\u00e7\u00e3o da HDaniel Studio e da Modo Operante, os filmes abordar\u00e3o o impacto do ato heroico e as discuss\u00f5es sobre imigra\u00e7\u00e3o. <\/p>\n<ul class=\"content-unordered-list\">\n<li><strong>Leia tamb\u00e9m:<\/strong> <a class=\"\" href=\"https:\/\/oglobo.globo.com\/play\/noticia\/2025\/11\/10\/vale-o-escrito-foi-o-documentario-mais-visto-do-globoplay-ao-longo-de-seus-dez-anos-veja-o-ranking.ghtml\" rel=\"nofollow noopener\" target=\"_blank\">&#8216;Vale o escrito&#8217; foi o document\u00e1rio mais visto do Globoplay ao longo de seus dez anos. Veja o ranking<\/a><\/li>\n<li><strong>E mais:<\/strong> <a class=\"\" href=\"https:\/\/oglobo.globo.com\/play\/entrevistas\/noticia\/2025\/11\/08\/filha-de-raul-cortez-maria-cortez-fala-da-decisao-de-se-tornar-atriz-e-de-documentario-em-homenagem-ao-pai.ghtml\" rel=\"nofollow noopener\" target=\"_blank\">Filha de Raul Cortez, Maria Cortez fala da decis\u00e3o de se tornar atriz e de document\u00e1rio em homenagem ao pai<\/a><\/li>\n<\/ul>\n<p class=\" content-text__container \" data-track-category=\"Link no Texto\" data-track-links=\"\"> Em novembro de 2023, um homem atacou cinco pessoas, entre elas tr\u00eas crian\u00e7as, com uma faca na Parnell Square. O brasileiro e um estudante franc\u00eas de hotelaria se tornaram her\u00f3is ao conseguirem deter o agressor. Ben\u00edcio usou o capacete de sua motocicleta para atingir o homem. <\/p>\n<ul class=\"content-unordered-list\">\n<li><strong>TV e famosos:<\/strong> <a class=\"\" href=\"https:\/\/www.whatsapp.com\/channel\/0029Va3JQfiDTkJwvhCFGq1r\" target=\"_blank\" rel=\"nofollow noopener\">se inscreva no canal da coluna Play no WhatsApp<\/a><\/li>\n<\/ul>\n<p class=\" content-text__container \" data-track-category=\"Link no Texto\" data-track-links=\"\"> Al\u00e9m do projeto sobre o brasileiro, as produtoras <a class=\"\" href=\"https:\/\/oglobo.globo.com\/play\/noticia\/2025\/11\/05\/produtoras-de-susanna-lira-e-henrique-daniel-fecham-parceria-para-projetos-audiovisuais-saiba-mais-sobre-um-dos-documentarios-previstos.ghtml\" rel=\"nofollow noopener\" target=\"_blank\">tamb\u00e9m estar\u00e3o juntas no document\u00e1rio &#8220;Mil novecentos e miquinhos amestrados&#8221;<\/a>, sobre a banda Jo\u00e3o Penca e Seus Miquinhos Amestrados, sucesso nos anos 1980. <\/p>\n<p>    Confira famosos que abriram neg\u00f3cios fora do pa\u00eds           <img decoding=\"async\" id=\"image-id-tumb-5a01970b-0181-4878-b624-9c494f1f43f0\" alt=\"Fernanda Rodrigues contou sobre os neg\u00f3cios que abriu em Lisboa, em Portugal. No ar como Bia em 'A viagem', a atriz abriu um est\u00fadio de hot yoga e uma academia  \u2014 Foto: Reprodu\u00e7\u00e3o\/Instagram\" src=\"https:\/\/www.europesays.com\/pt\/wp-content\/uploads\/2025\/11\/1752687998157104.jpg\" loading=\"lazy\" height=\"591\" width=\"1021\" data-posicao=\"1\" role=\"button\" tabindex=\"0\"\/>    <img decoding=\"async\" id=\"image-id-5a01970b-0181-4878-b624-9c494f1f43f0\" class=\"gallery-photo\" alt=\"Fernanda Rodrigues contou sobre os neg\u00f3cios que abriu em Lisboa, em Portugal. No ar como Bia em 'A viagem', a atriz abriu um est\u00fadio de hot yoga e uma academia  \u2014 Foto: Reprodu\u00e7\u00e3o\/Instagram\" src=\"https:\/\/www.europesays.com\/pt\/wp-content\/uploads\/2025\/11\/1762856592_76_1752687998157104.jpg\" loading=\"lazy\" height=\"591\" width=\"1021\"\/>  <\/p>\n<p> 1 de 7 <br \/>&#13;Fernanda Rodrigues contou sobre os neg\u00f3cios que abriu em Lisboa, em Portugal. No ar como Bia em &#8216;A viagem&#8217;, a atriz abriu um est\u00fadio de hot yoga e uma academia \u2014 Foto: Reprodu\u00e7\u00e3o\/Instagram <\/p>\n<p>     <img decoding=\"async\" id=\"image-id-tumb-bf36df18-dfbb-4c9a-9251-1deeda753d53\" alt=\"Thiago Rodrigues se encontrou no mundo dos vinhos. O ator virou produtor de vinho, com cooperativa em uma regi\u00e3o de vin\u00edcolas no norte de Portugal, e abriu um bar na capital portuguesa \u2014 Foto: Reprodu\u00e7\u00e3o\/Instagram\" src=\"https:\/\/www.europesays.com\/pt\/wp-content\/uploads\/2025\/11\/1752688568407518.jpg\" loading=\"lazy\" height=\"591\" width=\"1021\" data-posicao=\"2\" role=\"button\" tabindex=\"0\"\/>    <img decoding=\"async\" id=\"image-id-bf36df18-dfbb-4c9a-9251-1deeda753d53\" class=\"gallery-photo\" alt=\"Thiago Rodrigues se encontrou no mundo dos vinhos. O ator virou produtor de vinho, com cooperativa em uma regi\u00e3o de vin\u00edcolas no norte de Portugal, e abriu um bar na capital portuguesa \u2014 Foto: Reprodu\u00e7\u00e3o\/Instagram\" src=\"https:\/\/www.europesays.com\/pt\/wp-content\/uploads\/2025\/11\/1762856594_891_1752688568407518.jpg\" loading=\"lazy\" height=\"591\" width=\"1021\"\/>  <\/p>\n<p> 2 de 7 <br \/>&#13;Thiago Rodrigues se encontrou no mundo dos vinhos. O ator virou produtor de vinho, com cooperativa em uma regi\u00e3o de vin\u00edcolas no norte de Portugal, e abriu um bar na capital portuguesa \u2014 Foto: Reprodu\u00e7\u00e3o\/Instagram <\/p>\n<p>       <img decoding=\"async\" id=\"image-id-tumb-d94d0015-fea1-4ceb-aa88-e5d7badf2fa8\" alt=\"Gustavo Le\u00e3o tem um neg\u00f3cio na Fl\u00f3rida, nos EUA. O ator tem uma pizzaria em um food truck e se tornou pizzaiolo  \u2014 Foto: Reprodu\u00e7\u00e3o\/Instagram\" src=\"https:\/\/www.europesays.com\/pt\/wp-content\/uploads\/2025\/11\/1752689033414365.jpg\" loading=\"lazy\" height=\"583\" width=\"1009\" data-posicao=\"3\" role=\"button\" tabindex=\"0\"\/>    <img decoding=\"async\" id=\"image-id-d94d0015-fea1-4ceb-aa88-e5d7badf2fa8\" class=\"gallery-photo\" alt=\"Gustavo Le\u00e3o tem um neg\u00f3cio na Fl\u00f3rida, nos EUA. O ator tem uma pizzaria em um food truck e se tornou pizzaiolo  \u2014 Foto: Reprodu\u00e7\u00e3o\/Instagram\" src=\"https:\/\/www.europesays.com\/pt\/wp-content\/uploads\/2025\/11\/1762856596_372_1752689033414365.jpg\" loading=\"lazy\" height=\"583\" width=\"1009\"\/>  <\/p>\n<p> 3 de 7 <br \/>&#13;Gustavo Le\u00e3o tem um neg\u00f3cio na Fl\u00f3rida, nos EUA. O ator tem uma pizzaria em um food truck e se tornou pizzaiolo \u2014 Foto: Reprodu\u00e7\u00e3o\/Instagram <\/p>\n<p>      <img decoding=\"async\" id=\"image-id-bceca001-3304-47e6-9b64-6c54cbdfaa2e\" class=\"gallery-photo\" alt=\"Joana Prado, conhecida como A Feiticeira do antigo &quot;Programa H&quot;, tem uma academia com o marido, Vitor Belfort, na Fl\u00f3rida, nos EUA   \u2014 Foto: Reprodu\u00e7\u00e3o\/Instagram\" src=\"https:\/\/www.europesays.com\/pt\/wp-content\/uploads\/2025\/11\/1752689499527172.jpg\" loading=\"lazy\" height=\"591\" width=\"1021\"\/>  <\/p>\n<p> 4 de 7 <br \/>&#13;Joana Prado, conhecida como A Feiticeira do antigo &#8220;Programa H&#8221;, tem uma academia com o marido, Vitor Belfort, na Fl\u00f3rida, nos EUA \u2014 Foto: Reprodu\u00e7\u00e3o\/Instagram <\/p>\n<p>       <img decoding=\"async\" id=\"image-id-8bf93801-5661-46d7-8b37-328abb9c3f6a\" class=\"gallery-photo\" alt=\"Nivea Stelmann tem uma empresa especializada em gest\u00e3o de opera\u00e7\u00f5es de c\u00e2mbio e registro de capitais estrangeiros nos Estados Unidos. A atriz mora na Fl\u00f3rida desde 2017  \u2014 Foto: Reprodu\u00e7\u00e3o\/Instagram\" src=\"https:\/\/www.europesays.com\/pt\/wp-content\/uploads\/2025\/11\/1752689694189434.jpg\" loading=\"lazy\" height=\"591\" width=\"1021\"\/>  <\/p>\n<p> 5 de 7 <br \/>&#13;Nivea Stelmann tem uma empresa especializada em gest\u00e3o de opera\u00e7\u00f5es de c\u00e2mbio e registro de capitais estrangeiros nos Estados Unidos. A atriz mora na Fl\u00f3rida desde 2017 \u2014 Foto: Reprodu\u00e7\u00e3o\/Instagram <\/p>\n<p>      <img decoding=\"async\" id=\"image-id-e13b3c99-df84-4f39-8a43-1c74833ba5fe\" class=\"gallery-photo\" alt=\"Caio Castro j\u00e1 era s\u00f3cio de uma rede de lojas de a\u00e7a\u00ed no Brasil. Agora, a empresa expandiu e abriu uma unidade em uma cidade na Alemanha \u2014 Foto: Reprodu\u00e7\u00e3o\/Instagram\" src=\"https:\/\/www.europesays.com\/pt\/wp-content\/uploads\/2025\/11\/1752689924666326.jpg\" loading=\"lazy\" height=\"591\" width=\"1021\"\/>  <\/p>\n<p> 6 de 7 <br \/>&#13;Caio Castro j\u00e1 era s\u00f3cio de uma rede de lojas de a\u00e7a\u00ed no Brasil. Agora, a empresa expandiu e abriu uma unidade em uma cidade na Alemanha \u2014 Foto: Reprodu\u00e7\u00e3o\/Instagram <\/p>\n<p>       <img decoding=\"async\" id=\"image-id-da8901ca-66a3-4f24-92e1-55e6d14ef50c\" class=\"gallery-photo\" alt=\"Ludmila Dayer mora nos Estados Unidos desde 2006. Por l\u00e1, ela abriu a produtora Lupi Productions, onde se fascinou pelo ramo empresarial atrelada a sua vida de atriz, produtora e diretora  \u2014 Foto: Reprodu\u00e7\u00e3o\/Instagram\" src=\"https:\/\/www.europesays.com\/pt\/wp-content\/uploads\/2025\/11\/1752690119444554.jpg\" loading=\"lazy\" height=\"591\" width=\"1021\"\/>  <\/p>\n<p> 7 de 7 <br \/>&#13;Ludmila Dayer mora nos Estados Unidos desde 2006. Por l\u00e1, ela abriu a produtora Lupi Productions, onde se fascinou pelo ramo empresarial atrelada a sua vida de atriz, produtora e diretora \u2014 Foto: Reprodu\u00e7\u00e3o\/Instagram <\/p>\n<p>.<\/p>\n","protected":false},"excerpt":{"rendered":"A hist\u00f3ria de Caio Ben\u00edcio, entregador brasileiro que interrompeu um ataque a crian\u00e7as em Dublin h\u00e1 dois anos,&hellip;\n","protected":false},"author":2,"featured_media":147774,"comment_status":"","ping_status":"","sticky":false,"template":"","format":"standard","meta":{"footnotes":""},"categories":[140],"tags":[114,115,147,148,146,32,33],"class_list":{"0":"post-147773","1":"post","2":"type-post","3":"status-publish","4":"format-standard","5":"has-post-thumbnail","7":"category-filmes","8":"tag-entertainment","9":"tag-entretenimento","10":"tag-film","11":"tag-filmes","12":"tag-movies","13":"tag-portugal","14":"tag-pt"},"share_on_mastodon":{"url":"https:\/\/pubeurope.com\/@pt\/115530577534792640","error":""},"_links":{"self":[{"href":"https:\/\/www.europesays.com\/pt\/wp-json\/wp\/v2\/posts\/147773","targetHints":{"allow":["GET"]}}],"collection":[{"href":"https:\/\/www.europesays.com\/pt\/wp-json\/wp\/v2\/posts"}],"about":[{"href":"https:\/\/www.europesays.com\/pt\/wp-json\/wp\/v2\/types\/post"}],"author":[{"embeddable":true,"href":"https:\/\/www.europesays.com\/pt\/wp-json\/wp\/v2\/users\/2"}],"replies":[{"embeddable":true,"href":"https:\/\/www.europesays.com\/pt\/wp-json\/wp\/v2\/comments?post=147773"}],"version-history":[{"count":0,"href":"https:\/\/www.europesays.com\/pt\/wp-json\/wp\/v2\/posts\/147773\/revisions"}],"wp:featuredmedia":[{"embeddable":true,"href":"https:\/\/www.europesays.com\/pt\/wp-json\/wp\/v2\/media\/147774"}],"wp:attachment":[{"href":"https:\/\/www.europesays.com\/pt\/wp-json\/wp\/v2\/media?parent=147773"}],"wp:term":[{"taxonomy":"category","embeddable":true,"href":"https:\/\/www.europesays.com\/pt\/wp-json\/wp\/v2\/categories?post=147773"},{"taxonomy":"post_tag","embeddable":true,"href":"https:\/\/www.europesays.com\/pt\/wp-json\/wp\/v2\/tags?post=147773"}],"curies":[{"name":"wp","href":"https:\/\/api.w.org\/{rel}","templated":true}]}}