{"id":147775,"date":"2025-11-11T10:24:14","date_gmt":"2025-11-11T10:24:14","guid":{"rendered":"https:\/\/www.europesays.com\/pt\/147775\/"},"modified":"2025-11-11T10:24:14","modified_gmt":"2025-11-11T10:24:14","slug":"processo-disciplinar-contra-o-f-c-porto-por-causa-dos-vidros-partidos-em-alvalade","status":"publish","type":"post","link":"https:\/\/www.europesays.com\/pt\/147775\/","title":{"rendered":"Processo disciplinar contra o F. C. Porto por causa dos vidros partidos em Alvalade"},"content":{"rendered":"<p data-remotead-prev-elm=\"true\" data-remotead-elm-id=\"inread\">O incidente ocorreu depois do primeiro golo dos drag\u00f5es, marcado por Luuk de Jong, aos 60 minutos da partida da quarta jornada do campeonato, que acabaria com o triunfo dos drag\u00f5es, por 2-1.<\/p>\n<p>Durante os festejos, os adeptos portistas acabaram por partir um vidro de prote\u00e7\u00e3o, cujos estilha\u00e7os ca\u00edram na bancada inferior, causando ferimentos a 17 simpatizantes do Sporting, sendo que um deles teve de ser encaminhado para o Hospital de Santa Maria, em Lisboa.<\/p>\n<p>Agora, ap\u00f3s o processo de inqu\u00e9rito tramitado na Comiss\u00e3o de Instrutores da Liga Portugal, o CD da FPF instaurou o processo disciplinar, sendo que o \u00f3rg\u00e3o federativo n\u00e3o avan\u00e7ou com processo id\u00eantico sobre o Sporting por entender que o clube lisboeta n\u00e3o teve qualquer responsabilidade pelos factos ocorridos em Alvalade.<\/p>\n","protected":false},"excerpt":{"rendered":"O incidente ocorreu depois do primeiro golo dos drag\u00f5es, marcado por Luuk de Jong, aos 60 minutos da&hellip;\n","protected":false},"author":2,"featured_media":147776,"comment_status":"","ping_status":"","sticky":false,"template":"","format":"standard","meta":{"footnotes":""},"categories":[87],"tags":[13677,135,20558,32,33,22943,134],"class_list":{"0":"post-147775","1":"post","2":"type-post","3":"status-publish","4":"format-standard","5":"has-post-thumbnail","7":"category-desporto","8":"tag-conselho-disciplina","9":"tag-desporto","10":"tag-f-c-porto","11":"tag-portugal","12":"tag-pt","13":"tag-sporting-c-p","14":"tag-sports"},"share_on_mastodon":{"url":"https:\/\/pubeurope.com\/@pt\/115530580969956495","error":""},"_links":{"self":[{"href":"https:\/\/www.europesays.com\/pt\/wp-json\/wp\/v2\/posts\/147775","targetHints":{"allow":["GET"]}}],"collection":[{"href":"https:\/\/www.europesays.com\/pt\/wp-json\/wp\/v2\/posts"}],"about":[{"href":"https:\/\/www.europesays.com\/pt\/wp-json\/wp\/v2\/types\/post"}],"author":[{"embeddable":true,"href":"https:\/\/www.europesays.com\/pt\/wp-json\/wp\/v2\/users\/2"}],"replies":[{"embeddable":true,"href":"https:\/\/www.europesays.com\/pt\/wp-json\/wp\/v2\/comments?post=147775"}],"version-history":[{"count":0,"href":"https:\/\/www.europesays.com\/pt\/wp-json\/wp\/v2\/posts\/147775\/revisions"}],"wp:featuredmedia":[{"embeddable":true,"href":"https:\/\/www.europesays.com\/pt\/wp-json\/wp\/v2\/media\/147776"}],"wp:attachment":[{"href":"https:\/\/www.europesays.com\/pt\/wp-json\/wp\/v2\/media?parent=147775"}],"wp:term":[{"taxonomy":"category","embeddable":true,"href":"https:\/\/www.europesays.com\/pt\/wp-json\/wp\/v2\/categories?post=147775"},{"taxonomy":"post_tag","embeddable":true,"href":"https:\/\/www.europesays.com\/pt\/wp-json\/wp\/v2\/tags?post=147775"}],"curies":[{"name":"wp","href":"https:\/\/api.w.org\/{rel}","templated":true}]}}