{"id":147793,"date":"2025-11-11T10:40:10","date_gmt":"2025-11-11T10:40:10","guid":{"rendered":"https:\/\/www.europesays.com\/pt\/147793\/"},"modified":"2025-11-11T10:40:10","modified_gmt":"2025-11-11T10:40:10","slug":"veja-7-filmes-brasileiros-que-retratam-crimes-reais-r7-entretenimento","status":"publish","type":"post","link":"https:\/\/www.europesays.com\/pt\/147793\/","title":{"rendered":"veja 7 filmes brasileiros que retratam crimes reais \u2013 R7 Entretenimento"},"content":{"rendered":"<p><img decoding=\"async\" data-chromatic=\"ignore\" alt=\"\" class=\"c-image\" loading=\"lazy\" src=\"https:\/\/www.europesays.com\/pt\/wp-content\/uploads\/2025\/11\/CS6DNCVUQJGCVABCJYQJRZLCLQ.jpg\"  width=\"1200\" height=\"653\"\/>O crime cometido por Suzane von Richthofen e pelos irm\u00e3os Cravinhos virou uma trilogia de filmes Divulga\u00e7\u00e3o <\/p>\n<p class=\"jarvics:base-text-neutral-high-400 base-text-[calc(theme(fontSize.xs)_*_var(--font-size,_1))] base-font-normal base-font-primary base-text-neutral-low-500 base-text-left\">A <a href=\"https:\/\/www.r7.com\/tudo-sobre\/serie\/\" target=\"_self\" rel=\"nofollow noopener\" title=\"https:\/\/www.r7.com\/tudo-sobre\/serie\/\">s\u00e9rie<\/a> <b>Trememb\u00e9<\/b> tem causado um burburinho nas <a href=\"https:\/\/www.r7.com\/tudo-sobre\/redes-sociais\/\" target=\"_self\" rel=\"nofollow noopener\" title=\"https:\/\/www.r7.com\/tudo-sobre\/redes-sociais\/\">redes sociais<\/a> ao mostrar o cotidiano do pres\u00eddio dos <a href=\"https:\/\/www.r7.com\/tudo-sobre\/famosos-e-celebridades\/\" target=\"_self\" rel=\"nofollow noopener\" title=\"https:\/\/www.r7.com\/tudo-sobre\/famosos-e-celebridades\/\">famosos<\/a> com os seus <a href=\"https:\/\/www.r7.com\/tudo-sobre\/crimes\/\" target=\"_self\" rel=\"nofollow noopener\" title=\"https:\/\/www.r7.com\/tudo-sobre\/crimes\/\">criminosos c\u00e9lebres<\/a>, como <b>Suzane von Richthofen<\/b>, <b>Elize Matsunaga<\/b>, <b>Alexandre Nardoni<\/b>, os <b>irm\u00e3os Cravinhos<\/b> e <b>Roger Abdelmassih<\/b>. <\/p>\n<p class=\"jarvics:base-text-neutral-high-400 base-text-[calc(theme(fontSize.xs)_*_var(--font-size,_1))] base-font-normal base-font-primary base-text-neutral-low-500 base-text-left\">Mas a s\u00e9rie do Prime Video n\u00e3o \u00e9 o \u00fanico <b>true crime<\/b> brasileiro. O <a href=\"https:\/\/www.r7.com\/tudo-sobre\/cinema\/\" target=\"_self\" rel=\"nofollow noopener\" title=\"https:\/\/www.r7.com\/tudo-sobre\/cinema\/\">cinema<\/a>, desde pelo menos a d\u00e9cada de 60, retrata as hist\u00f3rias dos bandidos e dos crimes mais famosos do pa\u00eds.<\/p>\n<p class=\"jarvics:base-text-neutral-high-400 base-text-[calc(theme(fontSize.xs)_*_var(--font-size,_1))] base-font-normal base-font-primary base-text-neutral-low-500 base-text-left\">O <b>Cinema de Segunda<\/b>, ent\u00e3o, mostra 7 <a href=\"https:\/\/www.r7.com\/tudo-sobre\/cinema-brasileiro\/\" target=\"_self\" rel=\"nofollow noopener\" title=\"https:\/\/www.r7.com\/tudo-sobre\/cinema-brasileiro\/\">filmes baseados em hist\u00f3rias reais<\/a> sobre crimes que aconteceram no Brasil.<\/p>\n<p>Trilogia A Menina que Matou os Pais<\/p>\n<p class=\"jarvics:base-text-neutral-high-400 base-text-[calc(theme(fontSize.xs)_*_var(--font-size,_1))] base-font-normal base-font-primary base-text-neutral-low-500 base-text-left\">Trememb\u00e9 n\u00e3o \u00e9 a estreia de Suzane von Richthofen no audiovisual. A mandante da morte dos pais em 2002 foi representada em tr\u00eas filmes e uma s\u00e9rie, tamb\u00e9m do Prime Video. <\/p>\n<p class=\"jarvics:base-text-neutral-high-400 base-text-[calc(theme(fontSize.xs)_*_var(--font-size,_1))] base-font-normal base-font-primary base-text-neutral-low-500 base-text-left\"><b>A Menina que Matou os Pais<\/b> e <b>O Menino que Matou Meus Pais<\/b>, lan\u00e7ados em 2021, contam a hist\u00f3ria de lados diferentes: um pelo ponto de vista de Suzane, e o outro pelo do namorado dela na \u00e9poca, Daniel Cravinhos.<\/p>\n<p class=\"jarvics:base-text-neutral-high-400 base-text-[calc(theme(fontSize.xs)_*_var(--font-size,_1))] base-font-normal base-font-primary base-text-neutral-low-500 base-text-left\">Dois anos depois, <b>A Menina que Matou os Pais: A Confiss\u00e3o<\/b> se propunha a mostrar os bastidores da investiga\u00e7\u00e3o. Os tr\u00eas filmes, e a s\u00e9rie lan\u00e7ada em 2024, t\u00eam <b>Carla Diaz<\/b> como Suzane.<\/p>\n<p>Man\u00edaco do Parque<img decoding=\"async\" data-chromatic=\"ignore\" alt=\"\" class=\"c-image\" loading=\"lazy\" src=\"https:\/\/www.europesays.com\/pt\/wp-content\/uploads\/2025\/11\/E3XJGFE75NABPCGQIYU6HUMHC4.jpg\"  width=\"771\" height=\"419\"\/>Silvero Pereira \u00e9 o protagonista de &#8216;Man\u00edaco do Parque&#8217; Divulga\u00e7\u00e3o <\/p>\n<p class=\"jarvics:base-text-neutral-high-400 base-text-[calc(theme(fontSize.xs)_*_var(--font-size,_1))] base-font-normal base-font-primary base-text-neutral-low-500 base-text-left\"><b>Man\u00edaco do Parque<\/b> foi o nome dado a Francisco de Assis Pereira, que estuprou e matou pelo menos 7 mulheres no final da d\u00e9cada de 90 no Parque do Estado, em S\u00e3o Paulo.<\/p>\n<p class=\"jarvics:base-text-neutral-high-400 base-text-[calc(theme(fontSize.xs)_*_var(--font-size,_1))] base-font-normal base-font-primary base-text-neutral-low-500 base-text-left\">A <a href=\"https:\/\/entretenimento.r7.com\/prisma\/cine-r7\/maniaco-do-parque-e-um-filme-confuso-e-perdido-em-si-mesmo-19102024\/\" target=\"_self\" rel=\"nofollow noopener\" title=\"https:\/\/entretenimento.r7.com\/prisma\/cine-r7\/maniaco-do-parque-e-um-filme-confuso-e-perdido-em-si-mesmo-19102024\/\">hist\u00f3ria virou filme em 2024<\/a>, com <b>Silvero Pereira<\/b> no papel principal. O longa foi dirigido por Mauricio E\u00e7a, o mesmo diretor da trilogia A Menina que Matou os Pais.<\/p>\n<p>O Bandido da Luz Vermelha<\/p>\n<p class=\"jarvics:base-text-neutral-high-400 base-text-[calc(theme(fontSize.xs)_*_var(--font-size,_1))] base-font-normal base-font-primary base-text-neutral-low-500 base-text-left\"><b>O Bandido da Luz Vermelha<\/b>, dirigido por Rog\u00e9rio Sganzerla em 1968, \u00e9 um cl\u00e1ssico do cinema marginal brasileiro. O filme \u00e9 inspirado na hist\u00f3ria de Jo\u00e3o Ac\u00e1cio Pereira da Costa, um assaltante, estuprador e assassino que ganhou o apelido famoso por cometer os seus crimes usando lanterna com luz avermelhada.<\/p>\n<p class=\"jarvics:base-text-neutral-high-400 base-text-[calc(theme(fontSize.xs)_*_var(--font-size,_1))] base-font-normal base-font-primary base-text-neutral-low-500 base-text-left\">No cinema, o criminoso \u00e9 interpretado por <b>Pablo Villa\u00e7a<\/b>. O longa entrou na lista dos <b>100 melhores filmes brasileiros de todos os tempos<\/b>, criada pela Associa\u00e7\u00e3o Brasileira de Cr\u00edticos de Cinema (Abraccine).<\/p>\n<p>L\u00facio Fl\u00e1vio, o Passageiro da Agonia<\/p>\n<p class=\"jarvics:base-text-neutral-high-400 base-text-[calc(theme(fontSize.xs)_*_var(--font-size,_1))] base-font-normal base-font-primary base-text-neutral-low-500 base-text-left\"><b>Hector Babenco<\/b> dirige esse outro cl\u00e1ssico do cinema brasileiro, lan\u00e7ado em 1977. Reginaldo Faria interpreta o bandido L\u00facio Fl\u00e1vio Vilar Lyrio, que ficou famoso nos anos 70 ap\u00f3s praticar assaltos a banco e homic\u00eddios.<\/p>\n<p class=\"jarvics:base-text-neutral-high-400 base-text-[calc(theme(fontSize.xs)_*_var(--font-size,_1))] base-font-normal base-font-primary base-text-neutral-low-500 base-text-left\">L\u00facio Fl\u00e1vio contou a sua hist\u00f3ria em detalhes ao escritor Jos\u00e9 Loureiro, que publicou o livro no qual o filme de Babenco foi baseado.<\/p>\n<p>Assalto ao Banco Central<\/p>\n<p class=\"jarvics:base-text-neutral-high-400 base-text-[calc(theme(fontSize.xs)_*_var(--font-size,_1))] base-font-normal base-font-primary base-text-neutral-low-500 base-text-left\">H\u00e1 20 anos um crime chocou o Brasil pela ousadia. Bandidos cavaram um t\u00fanel e <b>levaram mais de R$ 160 milh\u00f5es da sede do Banco Central<\/b> em Fortaleza. O caso foi levado para o cinema em 2011, sob dire\u00e7\u00e3o de Marcos Paulo (ele mesmo, o ex de Antonia Fontenelle).<\/p>\n<p>O Lobo Atr\u00e1s da Porta<\/p>\n<p class=\"jarvics:base-text-neutral-high-400 base-text-[calc(theme(fontSize.xs)_*_var(--font-size,_1))] base-font-normal base-font-primary base-text-neutral-low-500 base-text-left\">A hist\u00f3ria de <b>O Lobo Atr\u00e1s da Porta<\/b> pode n\u00e3o ser t\u00e3o famosa quanto as outras dessa lista, mas rendeu um filma\u00e7o dirigido em 2013 por Fernando Coimbra, com Leandra Leal, Milhem Cortaz e Fabiula Nascimento.<\/p>\n<p class=\"jarvics:base-text-neutral-high-400 base-text-[calc(theme(fontSize.xs)_*_var(--font-size,_1))] base-font-normal base-font-primary base-text-neutral-low-500 base-text-left\">A hist\u00f3ria \u00e9 inspirada na <b>Fera da Penha<\/b>, um crime que envolveu um tri\u00e2ngulo amoroso e o sumi\u00e7o de uma crian\u00e7a nos anos 60, no Rio de Janeiro.<\/p>\n<p>O Sequestro do Voo 375<\/p>\n<p class=\"jarvics:base-text-neutral-high-400 base-text-[calc(theme(fontSize.xs)_*_var(--font-size,_1))] base-font-normal base-font-primary base-text-neutral-low-500 base-text-left\">Essa hist\u00f3ria parece que nasceu para o cinema. No final dos anos 80, um homem sequestra um voo da VASP com mais de 100 pessoas a bordo. O objetivo: jogar o avi\u00e3o no Pal\u00e1cio do Planalto, em Bras\u00edlia, para <b>matar o presidente Jos\u00e9 Sarney<\/b>.<\/p>\n<p class=\"jarvics:base-text-neutral-high-400 base-text-[calc(theme(fontSize.xs)_*_var(--font-size,_1))] base-font-normal base-font-primary base-text-neutral-low-500 base-text-left\">O filme foi lan\u00e7ado em 2023, com Marcus Baldini.<\/p>\n<p class=\"jarvics:base-text-neutral-high-400 base-text-[calc(theme(fontSize.xs)_*_var(--font-size,_1))] base-font-normal base-font-primary base-text-neutral-low-500 base-text-left\">\ud83d\udc49 <b>Siga o Cinema de Segunda no <\/b><a href=\"https:\/\/www.instagram.com\/cinemadesegunda\/\" target=\"_blank\" rel=\"nofollow noopener\" title=\"https:\/\/www.instagram.com\/cinemadesegunda\/\"><b>Instagram<\/b><\/a><b>, no <\/b><a href=\"https:\/\/www.youtube.com\/@CinemadeSegunda\" target=\"_blank\" rel=\"nofollow noopener\" title=\"https:\/\/www.youtube.com\/@CinemadeSegunda\"><b>YouTube<\/b><\/a><b> e no <\/b><a href=\"https:\/\/www.tiktok.com\/@cinemadesegunda\" target=\"_blank\" rel=\"nofollow noopener\" title=\"https:\/\/www.tiktok.com\/@cinemadesegunda\"><b>TikTok<\/b><\/a><b>!<\/b><\/p>\n<p class=\"jarvics:base-text-neutral-high-400 base-text-[calc(theme(fontSize.xs)_*_var(--font-size,_1))] base-font-normal base-font-primary base-text-neutral-low-500 base-text-left\"><b>\u2705Para saber tudo do mundo dos famosos, <\/b><a href=\"https:\/\/whatsapp.com\/channel\/0029Va9UfKcHQbRyCyhPt71R\" rel=\"nofollow noopener\" title=\"https:\/\/whatsapp.com\/channel\/0029Va9UfKcHQbRyCyhPt71R\" target=\"_blank\"><b>siga o canal de entretenimento do R7<\/b><\/a><b>, o portal de not\u00edcias da Record, no WhatsApp<\/b><\/p>\n<p>Os textos aqui publicados <strong>n\u00e3o refletem<\/strong> necessariamente a opini\u00e3o do<strong> Grupo Record<\/strong>.<\/p>\n<p><script async src=\"\/\/www.instagram.com\/embed.js\"><\/script><script async src=\"\/\/www.tiktok.com\/embed.js\"><\/script><\/p>\n","protected":false},"excerpt":{"rendered":"O crime cometido por Suzane von Richthofen e pelos irm\u00e3os Cravinhos virou uma trilogia de filmes Divulga\u00e7\u00e3o A&hellip;\n","protected":false},"author":2,"featured_media":147794,"comment_status":"","ping_status":"","sticky":false,"template":"","format":"standard","meta":{"footnotes":""},"categories":[140],"tags":[470,6724,3900,5932,114,115,147,148,146,32,33,3939],"class_list":{"0":"post-147793","1":"post","2":"type-post","3":"status-publish","4":"format-standard","5":"has-post-thumbnail","7":"category-filmes","8":"tag-cinema","9":"tag-cinema-brasileiro","10":"tag-crimes","11":"tag-cultura-pop","12":"tag-entertainment","13":"tag-entretenimento","14":"tag-film","15":"tag-filmes","16":"tag-movies","17":"tag-portugal","18":"tag-pt","19":"tag-serie"},"share_on_mastodon":{"url":"https:\/\/pubeurope.com\/@pt\/115530644168748531","error":""},"_links":{"self":[{"href":"https:\/\/www.europesays.com\/pt\/wp-json\/wp\/v2\/posts\/147793","targetHints":{"allow":["GET"]}}],"collection":[{"href":"https:\/\/www.europesays.com\/pt\/wp-json\/wp\/v2\/posts"}],"about":[{"href":"https:\/\/www.europesays.com\/pt\/wp-json\/wp\/v2\/types\/post"}],"author":[{"embeddable":true,"href":"https:\/\/www.europesays.com\/pt\/wp-json\/wp\/v2\/users\/2"}],"replies":[{"embeddable":true,"href":"https:\/\/www.europesays.com\/pt\/wp-json\/wp\/v2\/comments?post=147793"}],"version-history":[{"count":0,"href":"https:\/\/www.europesays.com\/pt\/wp-json\/wp\/v2\/posts\/147793\/revisions"}],"wp:featuredmedia":[{"embeddable":true,"href":"https:\/\/www.europesays.com\/pt\/wp-json\/wp\/v2\/media\/147794"}],"wp:attachment":[{"href":"https:\/\/www.europesays.com\/pt\/wp-json\/wp\/v2\/media?parent=147793"}],"wp:term":[{"taxonomy":"category","embeddable":true,"href":"https:\/\/www.europesays.com\/pt\/wp-json\/wp\/v2\/categories?post=147793"},{"taxonomy":"post_tag","embeddable":true,"href":"https:\/\/www.europesays.com\/pt\/wp-json\/wp\/v2\/tags?post=147793"}],"curies":[{"name":"wp","href":"https:\/\/api.w.org\/{rel}","templated":true}]}}