{"id":147795,"date":"2025-11-11T10:41:34","date_gmt":"2025-11-11T10:41:34","guid":{"rendered":"https:\/\/www.europesays.com\/pt\/147795\/"},"modified":"2025-11-11T10:41:34","modified_gmt":"2025-11-11T10:41:34","slug":"coi-prepara-se-para-afastar-atletas-trans-de-jogos-olimpicos-observador","status":"publish","type":"post","link":"https:\/\/www.europesays.com\/pt\/147795\/","title":{"rendered":"COI prepara-se para afastar atletas trans de Jogos Ol\u00edmpicos \u2013 Observador"},"content":{"rendered":"<p>O Comit\u00e9 Ol\u00edmpico Internacional (COI) est\u00e1 a preparar-se para <strong>afastar todas as atletas transg\u00e9nero das categorias femininas dos Jogos Ol\u00edmpicos.<\/strong> <a href=\"https:\/\/www.thetimes.com\/sport\/olympics\/article\/olympic-ioc-transgender-athlete-ban-womens-sports-zhlpfll3b\" rel=\"nofollow noopener\" target=\"_blank\">De acordo<\/a> com o The Times, o organismo pode anunciar a decis\u00e3o j\u00e1 no in\u00edcio do pr\u00f3ximo ano e inclu\u00ed-la desde logo nas pr\u00f3ximas edi\u00e7\u00f5es de inverno e ver\u00e3o.<\/p>\n<p>De recordar que, at\u00e9 aqui, o COI tinha optado por entregar a cada modalidade a liberdade de tomar uma decis\u00e3o sobre a participa\u00e7\u00e3o de atletas transg\u00e9nero nas respetivas competi\u00e7\u00f5es \u2014 ainda que defendendo que as mulheres transg\u00e9nero s\u00f3 poderiam competir com n\u00edveis reduzidos de testosterona, ou seja, sendo submetidas a medica\u00e7\u00e3o hormonal. Mas Kirsty Coventry, eleita presidente do organismo no passado m\u00eas de mar\u00e7o, <strong>tinha prometido durante a campanha que iria \u201cproteger as categorias femininas\u201d.\u00a0<\/strong><\/p>\n<blockquote class=\"twitter-tweet\" data-width=\"500\" data-dnt=\"true\">\n<p lang=\"en\" dir=\"ltr\">???? EXCLUSIVE: Transgender women to be banned from all female Olympic events<\/p>\n<p>IOC likely to announce new policy early in new year after findings of a scientific review about the permanent physical advantages of being born male <a href=\"https:\/\/t.co\/KBywd9ZFU5\" rel=\"nofollow\">https:\/\/t.co\/KBywd9ZFU5<\/a><\/p>\n<p>\u2014 The Times and The Sunday Times (@thetimes) <a href=\"https:\/\/twitter.com\/thetimes\/status\/1987856958322307200?ref_src=twsrc%5Etfw\" rel=\"nofollow noopener\" target=\"_blank\">November 10, 2025<\/a><\/p>\n<\/blockquote>\n<p>Segundo o jornal The Times, a diretora m\u00e9dica e cient\u00edfica do COI apresentou na semana passada aos restantes membros as conclus\u00f5es iniciais de um relat\u00f3rio cient\u00edfico pedido pela organiza\u00e7\u00e3o sobre as atletas transg\u00e9nero e as atletas com diferen\u00e7as no desenvolvimento sexual. De acordo com o relat\u00f3rio, <strong>existem provas cient\u00edficas de que algu\u00e9m que nasceu biologicamente com o sexo masculino ter\u00e1 sempre vantagem f\u00edsicas \u2014<\/strong> mesmo que tenha realizado tratamentos de supress\u00e3o hormonal durante v\u00e1rios anos.<\/p>\n<p class=\"tinymceh1\"><strong>[H\u00e1 d\u00favidas at\u00e9 ao fim que acabam na vit\u00f3ria mais curta da Hist\u00f3ria.\u00a0A\u00a0<a href=\"https:\/\/observador.pt\/wp-admin\/post.php?post=7685876&amp;action=edit\" rel=\"nofollow noopener\" target=\"_blank\">\u201cElei\u00e7\u00e3o Mais Louca de Sempre\u201d<\/a>\u00a0\u00e9 o novo Podcast Plus do Observador sobre as Presidenciais de 1986. Uma s\u00e9rie narrada pelo ator Gon\u00e7alo Waddington, com banda sonora original de Samuel \u00daria. Pode ouvir o \u00faltimo epis\u00f3dio\u00a0<a href=\"https:\/\/observador.pt\/programas\/a-eleio-mais-louca-de-sempre\/episodio-6-a-vitoria-mais-curta-da-historia\/\" rel=\"nofollow noopener\" target=\"_blank\">aqui<\/a>, no\u00a0Observador, e tamb\u00e9m na\u00a0<a href=\"https:\/\/podcasts.apple.com\/pt\/podcast\/epis%C3%B3dio-6-a-vit%C3%B3ria-mais-curta-da-hist%C3%B3ria\/id1841273464?i=1000735108841\" rel=\"nofollow noopener\" target=\"_blank\">Apple Podcasts<\/a>, no\u00a0<a href=\"https:\/\/open.spotify.com\/episode\/01P6DWg39vDsqRDF9hHto6?si=32fb673d4e6f476f\" rel=\"nofollow noopener\" target=\"_blank\">Spotify<\/a>\u00a0e no\u00a0<a href=\"https:\/\/music.youtube.com\/watch?v=tC9N52JuIbI&amp;si=yDUA94GtcmbZxfYl\" rel=\"nofollow noopener\" target=\"_blank\">Youtube Music<\/a>. E pode ouvir o primeiro epis\u00f3dio\u00a0<a href=\"https:\/\/observador.pt\/programas\/a-eleio-mais-louca-de-sempre\/estreia-a-eleicao-mais-louca-de-sempre-episodio-1-apostamos-no-cavalo-errado\/\" target=\"_blank\" rel=\"noopener nofollow\">aqui<\/a>,\u00a0o segundo\u00a0<a href=\"https:\/\/observador.pt\/programas\/a-eleio-mais-louca-de-sempre\/episodio-2-uma-traicao-inesperada\/\" target=\"_blank\" rel=\"noopener nofollow\">aqui<\/a>,\u00a0o terceiro\u00a0<a href=\"https:\/\/observador.pt\/programas\/a-eleio-mais-louca-de-sempre\/episodio-3-ele-nao-e-meu-irmao\/\" rel=\"nofollow noopener\" target=\"_blank\">aqui<\/a>, o\u00a0<a href=\"https:\/\/observador.pt\/programas\/a-eleio-mais-louca-de-sempre\/episodio-4-portugal-nao-e-moscovo\/\" rel=\"nofollow noopener\" target=\"_blank\">quarto<\/a>\u00a0aqui e o\u00a0<a href=\"https:\/\/observador.pt\/programas\/a-eleio-mais-louca-de-sempre\/episodio-5-uma-armadilha-em-direto\/\" rel=\"nofollow noopener\" target=\"_blank\">quinto\u00a0<\/a>aqui]<\/strong><\/p>\n<p><a href=\"https:\/\/observador.pt\/programas\/a-eleio-mais-louca-de-sempre\/episodio-6-a-vitoria-mais-curta-da-historia\/\" rel=\"nofollow noopener\" target=\"_blank\"><\/p>\n<p>        <img src=\"https:\/\/www.europesays.com\/pt\/wp-content\/uploads\/2025\/10\/1761878958_488_770-a-eleicao-mais-louca-de-sempre-playicon.png\" alt=\"\" loading=\"lazy\" decoding=\"async\" class=\"alignnone\" onload=\"this.parentElement.classList.remove('spinner')\" onerror=\"this.parentElement.classList.remove('spinner')\" width=\"770\" height=\"433\"\/>    <\/p>\n<p><\/a><\/p>\n<p>\u201cFoi uma apresenta\u00e7\u00e3o muito cient\u00edfica, muito factual e muito pouco emocional que deixou as evid\u00eancias muito claras\u201d, referiu uma das fontes do The Times que esteve presente na reuni\u00e3o, que decorreu em Lausanne, acrescentando que o feedback dos elementos do COI foi largamente positivo. Assim, de acordo com a not\u00edcia, o mais prov\u00e1vel \u00e9 que o COI anuncie o <strong>afastamento total e transversal de todas as atletas transg\u00e9nero das categorias femininas j\u00e1 no in\u00edcio do pr\u00f3ximo ano \u2014<\/strong> a tempo de abranger os Jogos Ol\u00edmpicos de inverno, que est\u00e3o marcados para fevereiro, em Mil\u00e3o-Cortina.<\/p>\n<p>Em junho, Kirsty Coventry j\u00e1 deixado a ideia de que este seria o caminho a seguir. \u201cPercebemos que existem diferen\u00e7as de modalidade para modalidade.<strong> Devemos fazer o esfor\u00e7o de colocar \u00eanfase na prote\u00e7\u00e3o das categorias femininas<\/strong> e devemos garantir que isso \u00e9 feito com o consenso de todas as partes interessadas. Mas precisamos de o fazer com uma abordagem cient\u00edfica e com a inclus\u00e3o das federa\u00e7\u00f5es internacionais, que j\u00e1 realizaram muito trabalho nesta \u00e1rea\u201d, explicou a presidente do COI, que \u00e9 tamb\u00e9m antiga nadadora ol\u00edmpica.<\/p>\n<blockquote class=\"wp-embedded-content\" data-secret=\"8lRwBCyt4A\">\n<p><a href=\"https:\/\/observador.pt\/2025\/03\/20\/uma-vitoria-para-a-historia-kirsty-coventry-vence-eleicoes-na-primeira-volta-e-torna-se-na-primeira-mulher-a-liderar-o-coi\/\" rel=\"nofollow noopener\" target=\"_blank\">Uma vit\u00f3ria para a hist\u00f3ria: Kirsty Coventry vence elei\u00e7\u00f5es na primeira volta e torna-se na primeira mulher a liderar o COI<\/a><\/p>\n<\/blockquote>\n<p>Ao longo dos \u00faltimos anos, face \u00e0 aus\u00eancia de regulamenta\u00e7\u00e3o absoluta e transversal do COI, as federa\u00e7\u00f5es internacionais foram tomando as respetivas decis\u00f5es. A World Rugby foi a primeira a afastar as atletas transg\u00e9nero do r\u00e2guebi feminino, logo em 2020, e a World Athletics e a British Triathlon fizeram o mesmo em 2022. Em 2023, foi a vez da World Athletics. Em fevereiro, <strong>Donald Trump assinou uma ordem executiva que pro\u00edbe todas as mulheres transg\u00e9nero de competir nas categorias femininas nos EUA,<\/strong> garantindo que a decis\u00e3o abrange os Jogos Ol\u00edmpicos de Los Angeles em 2028 e que ir\u00e1 rejeitar quaisquer pedidos de visto de atletas transg\u00e9nero para a competi\u00e7\u00e3o.<\/p>\n<p>Por fim, o The Times refere ainda que a decis\u00e3o do COI<strong> tamb\u00e9m deve incluir as atletas com diferen\u00e7as no desenvolvimento sexual \u2014 <\/strong>ou seja, atletas que nasceram biologicamente com o sexo feminino, mas que t\u00eam altera\u00e7\u00f5es hormonais, n\u00edveis de testosterona considerados acima da m\u00e9dia para uma mulher ou mesmo altera\u00e7\u00f5es no sistema reprodutor e\/ou \u00f3rg\u00e3os genitais. Ou seja, casos como o de Caster Semenya, bicampe\u00e3 ol\u00edmpica nos 800 metros que arrasta um diferendo legal no Tribunal Arbitral do Desporto e no Tribunal Europeu dos Direitos do Homem h\u00e1 quase uma d\u00e9cada, e o de Imane Khelif, pugilista da Alg\u00e9ria que foi campe\u00e3 ol\u00edmpica em Paris.<\/p>\n<blockquote class=\"wp-embedded-content\" data-secret=\"01r8UyhCQp\">\n<p><a href=\"https:\/\/observador.pt\/2023\/03\/23\/temos-de-proteger-as-categorias-femininas-world-athletics-exclui-atletas-transgenero-das-provas-femininas-de-atletismo\/\" rel=\"nofollow noopener\" target=\"_blank\">\u201cTemos de proteger as categorias femininas.\u201d World Athletics exclui atletas transg\u00e9nero das provas femininas de atletismo<\/a><\/p>\n<\/blockquote>\n<p>            <script async src=\"https:\/\/platform.twitter.com\/widgets.js\" charset=\"utf-8\"><\/script><\/p>\n","protected":false},"excerpt":{"rendered":"O Comit\u00e9 Ol\u00edmpico Internacional (COI) est\u00e1 a preparar-se para afastar todas as atletas transg\u00e9nero das categorias femininas dos&hellip;\n","protected":false},"author":2,"featured_media":147796,"comment_status":"","ping_status":"","sticky":false,"template":"","format":"standard","meta":{"footnotes":""},"categories":[87],"tags":[32291,135,32290,32,33,58,134,28477],"class_list":{"0":"post-147795","1":"post","2":"type-post","3":"status-publish","4":"format-standard","5":"has-post-thumbnail","7":"category-desporto","8":"tag-comitu00e9-olu00edmpico","9":"tag-desporto","10":"tag-jogos-olu00edmpicos","11":"tag-portugal","12":"tag-pt","13":"tag-sociedade","14":"tag-sports","15":"tag-transgu00e9nero"},"share_on_mastodon":{"url":"https:\/\/pubeurope.com\/@pt\/115530647977369279","error":""},"_links":{"self":[{"href":"https:\/\/www.europesays.com\/pt\/wp-json\/wp\/v2\/posts\/147795","targetHints":{"allow":["GET"]}}],"collection":[{"href":"https:\/\/www.europesays.com\/pt\/wp-json\/wp\/v2\/posts"}],"about":[{"href":"https:\/\/www.europesays.com\/pt\/wp-json\/wp\/v2\/types\/post"}],"author":[{"embeddable":true,"href":"https:\/\/www.europesays.com\/pt\/wp-json\/wp\/v2\/users\/2"}],"replies":[{"embeddable":true,"href":"https:\/\/www.europesays.com\/pt\/wp-json\/wp\/v2\/comments?post=147795"}],"version-history":[{"count":0,"href":"https:\/\/www.europesays.com\/pt\/wp-json\/wp\/v2\/posts\/147795\/revisions"}],"wp:featuredmedia":[{"embeddable":true,"href":"https:\/\/www.europesays.com\/pt\/wp-json\/wp\/v2\/media\/147796"}],"wp:attachment":[{"href":"https:\/\/www.europesays.com\/pt\/wp-json\/wp\/v2\/media?parent=147795"}],"wp:term":[{"taxonomy":"category","embeddable":true,"href":"https:\/\/www.europesays.com\/pt\/wp-json\/wp\/v2\/categories?post=147795"},{"taxonomy":"post_tag","embeddable":true,"href":"https:\/\/www.europesays.com\/pt\/wp-json\/wp\/v2\/tags?post=147795"}],"curies":[{"name":"wp","href":"https:\/\/api.w.org\/{rel}","templated":true}]}}