{"id":147797,"date":"2025-11-11T10:42:08","date_gmt":"2025-11-11T10:42:08","guid":{"rendered":"https:\/\/www.europesays.com\/pt\/147797\/"},"modified":"2025-11-11T10:42:08","modified_gmt":"2025-11-11T10:42:08","slug":"casos-de-sindrome-respiratoria-grave-avancam-no-sudeste-e-acendem-alerta-em-novos-estados","status":"publish","type":"post","link":"https:\/\/www.europesays.com\/pt\/147797\/","title":{"rendered":"Casos de s\u00edndrome respirat\u00f3ria grave avan\u00e7am no Sudeste e acendem alerta em novos estados"},"content":{"rendered":"<p><img decoding=\"async\" src=\"https:\/\/www.europesays.com\/pt\/wp-content\/uploads\/2025\/11\/aumento-gripe.jpg\" alt=\"\" class=\"wp-image-52733\"\/><\/p>\n<p>O mais recente <strong>Boletim InfoGripe<\/strong>, divulgado pela <strong>Fiocruz<\/strong> nesta quinta-feira (6), mostra a continuidade do aumento dos casos de <strong>S\u00edndrome Respirat\u00f3ria Aguda Grave (SRAG)<\/strong> provocados pelo v\u00edrus <strong>influenza A<\/strong> em <strong>S\u00e3o Paulo<\/strong>, <strong>Esp\u00edrito Santo<\/strong> e <strong>Rio de Janeiro<\/strong>. O relat\u00f3rio tamb\u00e9m aponta um in\u00edcio de crescimento no n\u00famero de registros na <strong>Bahia<\/strong>, indicando um cen\u00e1rio de aten\u00e7\u00e3o ampliada no pa\u00eds.<\/p>\n<p>O levantamento se refere \u00e0 <strong>semana epidemiol\u00f3gica 44<\/strong>, entre <strong>26 de outubro e 1\u00ba de novembro<\/strong>, e faz parte do sistema nacional de vigil\u00e2ncia do <strong>SUS<\/strong>, que acompanha semanalmente a evolu\u00e7\u00e3o dos casos graves de infec\u00e7\u00f5es respirat\u00f3rias em todo o territ\u00f3rio brasileiro.<\/p>\n<p>V\u00edrus em circula\u00e7\u00e3o e estados em alerta<\/p>\n<p>Al\u00e9m da influenza A, o boletim aponta uma <strong>tend\u00eancia de crescimento da covid-19<\/strong> nos estados do <strong>Paran\u00e1<\/strong>, <strong>Santa Catarina<\/strong> e <strong>S\u00e3o Paulo<\/strong>, embora os n\u00edveis de incid\u00eancia ainda sejam considerados baixos. No estado de <strong>Sergipe<\/strong>, o estudo detectou um aumento at\u00edpico de casos de SRAG causados pelo <strong>v\u00edrus sincicial respirat\u00f3rio (VSR)<\/strong>, especialmente em <strong>crian\u00e7as pequenas<\/strong>.<\/p>\n<p><strong>Fique por dentro de tudo o que acontece em Campos do Jord\u00e3o e regi\u00e3o no <a href=\"https:\/\/www.netcampos.com\" rel=\"nofollow noopener\" target=\"_blank\">Portal NetCampos<\/a>. Aproveite e entre agora no nosso <a href=\"https:\/\/whatsapp.com\/channel\/0029VaaVFNg0gcfRkiqlIZ0e\" target=\"_blank\" rel=\"nofollow noopener\">Canal no WhatsApp<\/a> ou no <a href=\"https:\/\/chat.whatsapp.com\/HfEyryb1cvS6eo2lFWlU6A\" target=\"_blank\" rel=\"nofollow noopener\">Grupo do WhatsApp<\/a> exclusivo de avisos r\u00e1pidos e receba as not\u00edcias em primeira m\u00e3o. N\u00e3o perca tempo, conecte-se j\u00e1!.<\/strong><\/p>\n<p>Tr\u00eas estados aparecem em <strong>n\u00edvel de alerta ou alto risco<\/strong> para SRAG com tend\u00eancia de crescimento: <strong>Mato Grosso do Sul<\/strong>, <strong>Para\u00edba<\/strong> e <strong>Tocantins<\/strong>.<br \/>Em Mato Grosso do Sul e na Para\u00edba, o aumento ocorre principalmente entre <strong>crian\u00e7as pequenas<\/strong>, impulsionado pela circula\u00e7\u00e3o do <strong>rinov\u00edrus<\/strong>. J\u00e1 no Tocantins, o avan\u00e7o \u00e9 mais percept\u00edvel entre <strong>pessoas acima dos 50 anos<\/strong>, com predom\u00ednio da <strong>influenza A<\/strong>.<\/p>\n<p>Entre as capitais, <strong>Florian\u00f3polis (SC)<\/strong>, <strong>Jo\u00e3o Pessoa (PB)<\/strong> e <strong>Palmas (TO)<\/strong> tamb\u00e9m registraram eleva\u00e7\u00e3o nos casos e est\u00e3o sob monitoramento especial.<\/p>\n<p>Dados epidemiol\u00f3gicos<\/p>\n<p>De janeiro at\u00e9 o in\u00edcio de novembro de 2025, o Brasil contabilizou <strong>204.086 casos de SRAG<\/strong>, sendo:<\/p>\n<ul class=\"wp-block-list\">\n<li><strong>52,6%<\/strong> com resultado positivo para algum v\u00edrus respirat\u00f3rio;<\/li>\n<li><strong>36,4%<\/strong> negativos;<\/li>\n<li><strong>4,5%<\/strong> ainda aguardando resultado laboratorial.<\/li>\n<\/ul>\n<p>Entre os casos positivos, os principais agentes identificados foram:<\/p>\n<ul class=\"wp-block-list\">\n<li><strong>Influenza A<\/strong> \u2013 23,2%;<\/li>\n<li><strong>Influenza B<\/strong> \u2013 1,2%;<\/li>\n<li><strong>V\u00edrus sincicial respirat\u00f3rio (VSR)<\/strong> \u2013 40,1%;<\/li>\n<li><strong>Rinov\u00edrus<\/strong> \u2013 28,2%;<\/li>\n<li><strong>Sars-CoV-2 (Covid-19)<\/strong> \u2013 8,2%.<\/li>\n<\/ul>\n<p>O boletim tamb\u00e9m registra <strong>12.151 mortes por SRAG<\/strong> em 2025, sendo <strong>49,4%<\/strong> atribu\u00eddas \u00e0 influenza A e <strong>23,4%<\/strong> \u00e0 covid-19.<\/p>\n<p>Vacina\u00e7\u00e3o e medidas preventivas<\/p>\n<p>Diante do aumento de casos e da aproxima\u00e7\u00e3o do per\u00edodo de maior circula\u00e7\u00e3o viral, a <strong>Fiocruz<\/strong> refor\u00e7a a import\u00e2ncia de manter o <strong>calend\u00e1rio vacinal atualizado<\/strong> contra <strong>gripe e covid-19<\/strong>, sobretudo entre <strong>idosos<\/strong>, <strong>crian\u00e7as pequenas<\/strong>, <strong>pessoas com comorbidades<\/strong> e <strong>profissionais da sa\u00fade<\/strong>.<\/p>\n<p>A cobertura vacinal contra a gripe segue abaixo do ideal: a m\u00e9dia nacional \u00e9 de <strong>41%<\/strong> entre os grupos priorit\u00e1rios, bem distante da meta de <strong>90%<\/strong> recomendada pelo Minist\u00e9rio da Sa\u00fade.<\/p>\n<p>Com a chegada do fim de ano, per\u00edodo marcado por maior circula\u00e7\u00e3o de pessoas e aumento das infec\u00e7\u00f5es respirat\u00f3rias, a Fiocruz orienta a popula\u00e7\u00e3o a manter os cuidados b\u00e1sicos de preven\u00e7\u00e3o:<\/p>\n<ul class=\"wp-block-list\">\n<li>manter <strong>ambientes bem ventilados<\/strong>;<\/li>\n<li><strong>lavar as m\u00e3os<\/strong> com frequ\u00eancia;<\/li>\n<li><strong>cobrir a boca e o nariz<\/strong> ao tossir ou espirrar;<\/li>\n<li><strong>usar m\u00e1scara<\/strong> em caso de sintomas gripais;<\/li>\n<li>evitar <strong>contato pr\u00f3ximo com pessoas vulner\u00e1veis<\/strong>.<\/li>\n<\/ul>\n<p>Segundo a institui\u00e7\u00e3o, essas medidas, aliadas \u00e0 vacina\u00e7\u00e3o, ajudam a <strong>reduzir o risco de agravamentos e interna\u00e7\u00f5es<\/strong>, especialmente durante o per\u00edodo de maior circula\u00e7\u00e3o de v\u00edrus respirat\u00f3rios no pa\u00eds.<\/p>\n<p>As informa\u00e7\u00f5es s\u00e3o da <strong>Fiocruz<\/strong>.<\/p>\n","protected":false},"excerpt":{"rendered":"O mais recente Boletim InfoGripe, divulgado pela Fiocruz nesta quinta-feira (6), mostra a continuidade do aumento dos casos&hellip;\n","protected":false},"author":2,"featured_media":147798,"comment_status":"","ping_status":"","sticky":false,"template":"","format":"standard","meta":{"footnotes":""},"categories":[86],"tags":[726,116,32,33,117],"class_list":{"0":"post-147797","1":"post","2":"type-post","3":"status-publish","4":"format-standard","5":"has-post-thumbnail","7":"category-saude","8":"tag-brasil","9":"tag-health","10":"tag-portugal","11":"tag-pt","12":"tag-saude"},"share_on_mastodon":{"url":"https:\/\/pubeurope.com\/@pt\/115530652060225118","error":""},"_links":{"self":[{"href":"https:\/\/www.europesays.com\/pt\/wp-json\/wp\/v2\/posts\/147797","targetHints":{"allow":["GET"]}}],"collection":[{"href":"https:\/\/www.europesays.com\/pt\/wp-json\/wp\/v2\/posts"}],"about":[{"href":"https:\/\/www.europesays.com\/pt\/wp-json\/wp\/v2\/types\/post"}],"author":[{"embeddable":true,"href":"https:\/\/www.europesays.com\/pt\/wp-json\/wp\/v2\/users\/2"}],"replies":[{"embeddable":true,"href":"https:\/\/www.europesays.com\/pt\/wp-json\/wp\/v2\/comments?post=147797"}],"version-history":[{"count":0,"href":"https:\/\/www.europesays.com\/pt\/wp-json\/wp\/v2\/posts\/147797\/revisions"}],"wp:featuredmedia":[{"embeddable":true,"href":"https:\/\/www.europesays.com\/pt\/wp-json\/wp\/v2\/media\/147798"}],"wp:attachment":[{"href":"https:\/\/www.europesays.com\/pt\/wp-json\/wp\/v2\/media?parent=147797"}],"wp:term":[{"taxonomy":"category","embeddable":true,"href":"https:\/\/www.europesays.com\/pt\/wp-json\/wp\/v2\/categories?post=147797"},{"taxonomy":"post_tag","embeddable":true,"href":"https:\/\/www.europesays.com\/pt\/wp-json\/wp\/v2\/tags?post=147797"}],"curies":[{"name":"wp","href":"https:\/\/api.w.org\/{rel}","templated":true}]}}