{"id":147811,"date":"2025-11-11T10:55:36","date_gmt":"2025-11-11T10:55:36","guid":{"rendered":"https:\/\/www.europesays.com\/pt\/147811\/"},"modified":"2025-11-11T10:55:36","modified_gmt":"2025-11-11T10:55:36","slug":"sede-xpeng-weico-architects","status":"publish","type":"post","link":"https:\/\/www.europesays.com\/pt\/147811\/","title":{"rendered":"Sede XPENG \/ weico Architects"},"content":{"rendered":"<p><a class=\"js-image-size__link \" href=\"https:\/\/www.archdaily.com.br\/br\/1035760\/sede-xpeng-weico-architects\/69094f38b04b1c6af548712b-xpeng-headquarters-weico-architects-photo\" rel=\"attachment nofollow noopener\" style=\"width: 100%; height: 100%;\" target=\"_blank\"><img decoding=\"async\" alt=\"Sede XPENG \/ weico Architects - Fotografia de Exterior\" data-nr-picture-id=\"69094f38b04b1c6af548712b\" fetchpriority=\"high\" height=\"480\" itemprop=\"image\" loading=\"eager\" longdesc=\"https:\/\/www.archdaily.com.br\/br\/1035760\/sede-xpeng-weico-architects\/69094f38b04b1c6af548712b-xpeng-headquarters-weico-architects-photo\" src=\"https:\/\/www.europesays.com\/pt\/wp-content\/uploads\/2025\/11\/xpeng-headquarters-weico-architects_23.jpg\" style=\"min-height: var(--featured-height, auto); aspect-ratio: auto 640 \/ 480\" width=\"640\"\/><\/a>\u00a9 Arch-Exist<\/p>\n<ul class=\"afd-char-list afd-specs__item-container js-char-list\" wp_automatic_readability=\"-1.7677419354839\">\n<li class=\"afd-specs__item\">\n<\/li>\n<li class=\"afd-specs__item\">\n  \u00c1rea<br \/>\n  \u00c1rea deste projeto de arquitetura<\/p>\n<p>\u00c1rea:\u00a0<br \/>\n        <a href=\"https:\/\/www.archdaily.com.br\/search\/br\/projects\/min_area\/288000\/max_area\/432000?ad_name=project-specs&amp;ad_medium=single\" rel=\"nofollow noopener\" target=\"_blank\">360000<\/a> m\u00b2<\/li>\n<li class=\"afd-specs__item\">\n<p>  Ano<br \/>\n  Ano de conclus\u00e3o deste projeto de arquitetura<\/p>\n<p>            Ano:\u00a0<\/p>\n<p>                    <a href=\"https:\/\/www.archdaily.com.br\/search\/br\/projects\/year\/2025?ad_name=project-specs&amp;ad_medium=single\" rel=\"nofollow noopener\" target=\"_blank\"><br \/>\n          2025<br \/>\n        <\/a><\/p>\n<\/li>\n<li class=\"afd-specs__item\">\n<p>  Fot\u00f3grafo<\/p>\n<\/li>\n<li class=\"afd-specs__item\" wp_automatic_readability=\"-1\">\n<p>  Fabricantes<br \/>\n  Marcas com produtos usados neste projeto de arquitetura<\/p>\n<p>Fabricantes: \u00a0\u6e56\u5317\u4e2d\u6e2f\u91d1\u5c5e\/\u5e7f\u5dde\u534e\u9014\u4ed5\u5efa\u6750<\/p>\n<\/li>\n<\/ul>\n<p class=\"thumbs afd-desktop-e clearfix\"><a class=\"thumbs__link\" data-nr-picture-id=\"69094f3ab04b1c6af548712e\" href=\"https:\/\/www.archdaily.com.br\/br\/1035760\/sede-xpeng-weico-architects\/69094f3ab04b1c6af548712e-xpeng-headquarters-weico-architects-photo\" rel=\"attachment nofollow noopener\" target=\"_blank\"><img loading=\"lazy\" decoding=\"async\" alt=\"Sede XPENG \/ weico Architects - Imagem 6 de 29\" class=\"thumbs__img b-lazy\" data-nr-picture-id=\"69094f3ab04b1c6af548712e\" data-pin-nopin=\"true\" src=\"https:\/\/www.europesays.com\/pt\/wp-content\/uploads\/2025\/11\/xpeng-headquarters-weico-architects_25.jpg\" height=\"125\" longdesc=\"https:\/\/www.archdaily.com.br\/br\/1035760\/sede-xpeng-weico-architects\/69094f3ab04b1c6af548712e-xpeng-headquarters-weico-architects-photo\" title=\"\u00a9 Arch-Exist\" width=\"125\"\/><\/a><a class=\"thumbs__link\" data-nr-picture-id=\"69094f38b04b1c6af548712c\" href=\"https:\/\/www.archdaily.com.br\/br\/1035760\/sede-xpeng-weico-architects\/69094f38b04b1c6af548712c-xpeng-headquarters-weico-architects-photo\" rel=\"attachment nofollow noopener\" target=\"_blank\"><img loading=\"lazy\" decoding=\"async\" alt=\"Sede XPENG \/ weico Architects - Imagem 5 de 29\" class=\"thumbs__img b-lazy\" data-nr-picture-id=\"69094f38b04b1c6af548712c\" data-pin-nopin=\"true\" src=\"https:\/\/www.europesays.com\/pt\/wp-content\/uploads\/2025\/11\/xpeng-headquarters-weico-architects_26.jpg\" height=\"125\" longdesc=\"https:\/\/www.archdaily.com.br\/br\/1035760\/sede-xpeng-weico-architects\/69094f38b04b1c6af548712c-xpeng-headquarters-weico-architects-photo\" title=\"\u00a9 Arch-Exist\" width=\"125\"\/><\/a><a class=\"thumbs__link\" data-nr-picture-id=\"69094f3710727b2e3a492abd\" href=\"https:\/\/www.archdaily.com.br\/br\/1035760\/sede-xpeng-weico-architects\/69094f3710727b2e3a492abd-xpeng-headquarters-weico-architects-photo\" rel=\"attachment nofollow noopener\" target=\"_blank\"><img loading=\"lazy\" decoding=\"async\" alt=\"Sede XPENG \/ weico Architects - Imagem 7 de 29\" class=\"thumbs__img b-lazy\" data-nr-picture-id=\"69094f3710727b2e3a492abd\" data-pin-nopin=\"true\" src=\"https:\/\/www.europesays.com\/pt\/wp-content\/uploads\/2025\/11\/xpeng-headquarters-weico-architects_1.jpg\" height=\"125\" longdesc=\"https:\/\/www.archdaily.com.br\/br\/1035760\/sede-xpeng-weico-architects\/69094f3710727b2e3a492abd-xpeng-headquarters-weico-architects-photo\" title=\"\u00a9 Arch-Exist\" width=\"125\"\/><\/a><a class=\"thumbs__link\" data-nr-picture-id=\"69094f3510727b075584084e\" href=\"https:\/\/www.archdaily.com.br\/br\/1035760\/sede-xpeng-weico-architects\/69094f3510727b075584084e-xpeng-headquarters-weico-architects-photo\" rel=\"attachment nofollow noopener\" target=\"_blank\"><img loading=\"lazy\" decoding=\"async\" alt=\"Sede XPENG \/ weico Architects - Imagem 8 de 29\" class=\"thumbs__img b-lazy\" data-nr-picture-id=\"69094f3510727b075584084e\" data-pin-nopin=\"true\" src=\"https:\/\/www.europesays.com\/pt\/wp-content\/uploads\/2025\/11\/xpeng-headquarters-weico-architects_2.jpg\" height=\"125\" longdesc=\"https:\/\/www.archdaily.com.br\/br\/1035760\/sede-xpeng-weico-architects\/69094f3510727b075584084e-xpeng-headquarters-weico-architects-photo\" title=\"\u00a9 Arch-Exist\" width=\"125\"\/><\/a><a class=\"gallery-link afd-desktop-e\" href=\"https:\/\/www.archdaily.com.br\/br\/1035760\/sede-xpeng-weico-architects\/69094f38b04b1c6af548712b-xpeng-headquarters-weico-architects-photo\" rel=\"nofollow noopener\" target=\"_blank\"><img decoding=\"async\" alt=\"Sede XPENG \/ weico Architects - Mais Imagens\" class=\"thumbs__img b-lazy\" src=\"https:\/\/www.europesays.com\/pt\/wp-content\/uploads\/2025\/11\/xpeng-headquarters-weico-architects_23.jpg\" itemprop=\"image\" bad-src=\"data:image\/gif;base64,R0lGODlhAQABAIAAAAUEBAAAACwAAAAAAQABAAACAkQBADs=\"\/>+ 24<\/a><\/p>\n<p>    Compartilhar<\/p>\n<p>Compartilhar<\/p>\n<ul class=\"afd-share__networks clearfix\">\n<li class=\"afd-share__social\"><a aria-label=\"Facebook\" class=\"afd-share__button\" data-insights-category=\"share\" data-insights-label=\"facebook_sharing_options\" data-insights-value=\"1035760\" data-social=\"facebook\" href=\"https:\/\/www.facebook.com\/sharer\/sharer.php?u=https:\/\/www.archdaily.com.br\/br\/1035760\/sede-xpeng-weico-architects\" rel=\"nofollow noopener\" target=\"_blank\"><\/a>\n<p>Facebook<\/p>\n<\/li>\n<li class=\"afd-share__social\"><a aria-label=\"Twitter\" class=\"afd-share__button\" data-insights-category=\"share\" data-insights-label=\"twitter_sharing_options\" data-insights-value=\"1035760\" data-social=\"twitter\" href=\"https:\/\/twitter.com\/intent\/tweet?text=Sede%20XPENG%20%2F%20weico%20Architects&amp;url=https:\/\/www.archdaily.com.br\/br\/1035760\/sede-xpeng-weico-architects&amp;via=archdailybr\" rel=\"nofollow noopener\" target=\"_blank\"><\/a>\n<p>Twitter<\/p>\n<\/li>\n<li class=\"afd-share__social\"><a class=\"afd-share__button\" data-insights-category=\"share\" data-insights-label=\"email_sharing_options\" data-insights-value=\"1035760\" data-social=\"email\" href=\"mailto:?subject=Sede XPENG \/ weico Architects&amp;body=https:\/\/www.archdaily.com.br\/br\/1035760\/sede-xpeng-weico-architects\"><\/a>\n<p>Mail<\/p>\n<\/li>\n<li class=\"afd-share__social\"><a aria-label=\"Pinterest\" class=\"afd-share__button\" data-insights-category=\"share\" data-insights-label=\"pinterest_sharing_options\" data-insights-value=\"1035760\" data-social=\"pinterest\" href=\"https:\/\/pinterest.com\/pin\/create\/button\/?url=https%3A%2F%2Fwww.archdaily.com.br%2Fbr%2F1035760%2Fsede-xpeng-weico-architects&amp;media=https%3A%2F%2Fimages.adsttc.com%2Fmedia%2Fimages%2F6909%2F4f38%2Fb04b%2F1c6a%2Ff548%2F712b%2Flarge_jpg%2Fxpeng-headquarters-weico-architects_23.jpg%3F1762217993&amp;description=Sede%20XPENG%20%2F%20weico%20Architects\" rel=\"nofollow noopener\" target=\"_blank\"><\/a>\n<p>Pinterest<\/p>\n<\/li>\n<li class=\"afd-share__social\"><a aria-label=\"Whatsapp\" class=\"afd-share__button\" data-action=\"share\/whatsapp\/share\" data-insights-category=\"share\" data-insights-label=\"whatsapp_sharing_options\" data-insights-value=\"1035760\" data-social=\"whatsapp\" href=\"whatsapp:\/\/send?text=Sede+XPENG+%2F+weico+Architects+%7C+https%3A%2F%2Fwww.archdaily.com.br%2Fbr%2F1035760%2Fsede-xpeng-weico-architects%3Futm_source%3DWhatsapp%26utm_medium%3DIM%26utm_campaign%3Dshare-button\" rel=\"nofollow\"><\/a>\n<p>Whatsapp<\/p>\n<\/li>\n<\/ul>\n<p>Ou<\/p>\n<p>https:\/\/www.archdaily.com.br\/br\/1035760\/sede-xpeng-weico-architects<br \/>\n<a class=\"js-image-size__link lazy-anchor\" href=\"https:\/\/www.archdaily.com.br\/br\/1035760\/sede-xpeng-weico-architects\/69094f3810727b0755840853-xpeng-headquarters-weico-architects-photo\" rel=\"nofollow noopener\" target=\"_blank\"><img decoding=\"async\" alt=\"Sede XPENG \/ weico Architects - Fotografia de Exterior\" data-nr-picture-id=\"69094f3810727b0755840853\" height=\"427\" itemprop=\"image\" loading=\"lazy\" longdesc=\"https:\/\/www.archdaily.com.br\/br\/1035760\/sede-xpeng-weico-architects\/69094f3810727b0755840853-xpeng-headquarters-weico-architects-photo\" src=\"https:\/\/www.europesays.com\/pt\/wp-content\/uploads\/2025\/11\/xpeng-headquarters-weico-architects_14.jpg\" width=\"640\"\/>\u00a9 Arch-Exist<\/a><\/p>\n<p>Descri\u00e7\u00e3o enviada pela equipe de projeto. O novo edif\u00edcio-sede da XPENG Motors, cujo projeto arquitet\u00f4nico foi liderado por Sun Wei, da weico architects, j\u00e1 est\u00e1 totalmente constru\u00eddo. Ele recebeu seus primeiros ocupantes no dia 20 de outubro deste ano, entrando oficialmente na fase de comissionamento.<\/p>\n<p><a class=\"js-image-size__link lazy-anchor\" href=\"https:\/\/www.archdaily.com.br\/br\/1035760\/sede-xpeng-weico-architects\/69094f34b04b1c6af5487127-xpeng-headquarters-weico-architects-photo\" rel=\"nofollow noopener\" target=\"_blank\"><img decoding=\"async\" alt=\"Sede XPENG \/ weico Architects - Fotografia de Exterior\" data-nr-picture-id=\"69094f34b04b1c6af5487127\" height=\"427\" itemprop=\"image\" loading=\"lazy\" longdesc=\"https:\/\/www.archdaily.com.br\/br\/1035760\/sede-xpeng-weico-architects\/69094f34b04b1c6af5487127-xpeng-headquarters-weico-architects-photo\" src=\"https:\/\/www.europesays.com\/pt\/wp-content\/uploads\/2025\/11\/xpeng-headquarters-weico-architects_9.jpg\" width=\"640\"\/>\u00a9 Arch-Exist<\/a><a class=\"js-image-size__link lazy-anchor\" href=\"https:\/\/www.archdaily.com.br\/br\/1035760\/sede-xpeng-weico-architects\/69094f3710727b2e3a492abd-xpeng-headquarters-weico-architects-photo\" rel=\"nofollow noopener\" target=\"_blank\"><img decoding=\"async\" alt=\"Sede XPENG \/ weico Architects - Imagem 7 de 29\" data-nr-picture-id=\"69094f3710727b2e3a492abd\" height=\"427\" itemprop=\"image\" loading=\"lazy\" longdesc=\"https:\/\/www.archdaily.com.br\/br\/1035760\/sede-xpeng-weico-architects\/69094f3710727b2e3a492abd-xpeng-headquarters-weico-architects-photo\" src=\"https:\/\/www.europesays.com\/pt\/wp-content\/uploads\/2025\/11\/1762858533_622_xpeng-headquarters-weico-architects_1.jpg\" width=\"640\"\/>\u00a9 Arch-Exist<\/a><\/p>\n<p>A ind\u00fastria automotiva \u00e9 um dos principais motores do desenvolvimento socioecon\u00f4mico na sociedade contempor\u00e2nea. As grandes montadoras de autom\u00f3veis investem invariavelmente um esfor\u00e7o consider\u00e1vel no design e na constru\u00e7\u00e3o de suas sedes, e esses edif\u00edcios muitas vezes se tornam microcosmos da sociedade em suas respectivas \u00e9pocas. A arquitetura da nova sede da XPENG rompe com a imagem r\u00edgida associada \u00e0 era industrial do passado, utilizando um design fortemente din\u00e2mico que ressoa com a nova era de mobilidade inteligente que a humanidade est\u00e1 prestes a entrar.<\/p>\n<p><a class=\"js-image-size__link lazy-anchor\" href=\"https:\/\/www.archdaily.com.br\/br\/1035760\/sede-xpeng-weico-architects\/69094f3510727b075584084e-xpeng-headquarters-weico-architects-photo\" rel=\"nofollow noopener\" target=\"_blank\"><img decoding=\"async\" alt=\"Sede XPENG \/ weico Architects - Imagem 8 de 29\" data-nr-picture-id=\"69094f3510727b075584084e\" height=\"427\" itemprop=\"image\" loading=\"lazy\" longdesc=\"https:\/\/www.archdaily.com.br\/br\/1035760\/sede-xpeng-weico-architects\/69094f3510727b075584084e-xpeng-headquarters-weico-architects-photo\" src=\"https:\/\/www.europesays.com\/pt\/wp-content\/uploads\/2025\/11\/1762858534_629_xpeng-headquarters-weico-architects_2.jpg\" width=\"640\"\/>\u00a9 Arch-Exist<\/a><a class=\"js-image-size__link lazy-anchor\" href=\"https:\/\/www.archdaily.com.br\/br\/1035760\/sede-xpeng-weico-architects\/69094f45b04b1c6af5487130-xpeng-headquarters-weico-architects-diagram\" rel=\"nofollow noopener\" target=\"_blank\"><img decoding=\"async\" alt=\"Sede XPENG \/ weico Architects - Imagem 28 de 29\" data-nr-picture-id=\"69094f45b04b1c6af5487130\" height=\"427\" itemprop=\"image\" loading=\"lazy\" longdesc=\"https:\/\/www.archdaily.com.br\/br\/1035760\/sede-xpeng-weico-architects\/69094f45b04b1c6af5487130-xpeng-headquarters-weico-architects-diagram\" src=\"https:\/\/www.europesays.com\/pt\/wp-content\/uploads\/2025\/11\/plan-diagram-02-1.jpg\" width=\"640\"\/>Diagrama<\/a><a class=\"js-image-size__link lazy-anchor\" href=\"https:\/\/www.archdaily.com.br\/br\/1035760\/sede-xpeng-weico-architects\/69094f3610727b075584084f-xpeng-headquarters-weico-architects-photo\" rel=\"nofollow noopener\" target=\"_blank\"><img decoding=\"async\" alt=\"Sede XPENG \/ weico Architects - Fotografia de Exterior\" data-nr-picture-id=\"69094f3610727b075584084f\" height=\"427\" itemprop=\"image\" loading=\"lazy\" longdesc=\"https:\/\/www.archdaily.com.br\/br\/1035760\/sede-xpeng-weico-architects\/69094f3610727b075584084f-xpeng-headquarters-weico-architects-photo\" src=\"https:\/\/www.europesays.com\/pt\/wp-content\/uploads\/2025\/11\/xpeng-headquarters-weico-architects_12.jpg\" width=\"640\"\/>\u00a9 Arch-Exist<\/a><\/p>\n<p>O novo campus da sede da XPENG est\u00e1 localizado na \u00e1rea de Cencun, na Cidade da Intelig\u00eancia Tianhe, em <a href=\"https:\/\/www.archdaily.com.br\/br\/tag\/guangzhou\" rel=\"nofollow noopener\" target=\"_blank\">Guangzhou<\/a>. Ele abrange a sede tanto da XPENG Motors quanto da AeroHT (divis\u00e3o de carros voadores da XPENG), formando um parque tecnol\u00f3gico contempor\u00e2neo que integra tecnologia de IA, iniciativas verdes e de baixo carbono, e est\u00e9tica arquitet\u00f4nica. Todo o campus cobre uma \u00e1rea de 68.000 metros quadrados, com uma \u00e1rea total constru\u00edda de aproximadamente 360.000 metros quadrados, capaz de acomodar 13.000 funcion\u00e1rios. A estrutura principal foi finalizada em setembro de 2024 e come\u00e7ou oficialmente suas opera\u00e7\u00f5es em outubro de 2025. Quase 11.000 funcion\u00e1rios j\u00e1 se mudaram.<\/p>\n<p><a class=\"js-image-size__link lazy-anchor\" href=\"https:\/\/www.archdaily.com.br\/br\/1035760\/sede-xpeng-weico-architects\/69094f3910727b0755840855-xpeng-headquarters-weico-architects-photo\" rel=\"nofollow noopener\" target=\"_blank\"><img decoding=\"async\" alt=\"Sede XPENG \/ weico Architects - Fotografia de Exterior\" data-nr-picture-id=\"69094f3910727b0755840855\" height=\"427\" itemprop=\"image\" loading=\"lazy\" longdesc=\"https:\/\/www.archdaily.com.br\/br\/1035760\/sede-xpeng-weico-architects\/69094f3910727b0755840855-xpeng-headquarters-weico-architects-photo\" src=\"https:\/\/www.europesays.com\/pt\/wp-content\/uploads\/2025\/11\/xpeng-headquarters-weico-architects_22.jpg\" width=\"640\"\/>\u00a9 Arch-Exist<\/a><a class=\"js-image-size__link lazy-anchor\" href=\"https:\/\/www.archdaily.com.br\/br\/1035760\/sede-xpeng-weico-architects\/69094f3ab04b1c6af548712e-xpeng-headquarters-weico-architects-photo\" rel=\"nofollow noopener\" target=\"_blank\"><img decoding=\"async\" alt=\"Sede XPENG \/ weico Architects - Imagem 6 de 29\" data-nr-picture-id=\"69094f3ab04b1c6af548712e\" height=\"427\" itemprop=\"image\" loading=\"lazy\" longdesc=\"https:\/\/www.archdaily.com.br\/br\/1035760\/sede-xpeng-weico-architects\/69094f3ab04b1c6af548712e-xpeng-headquarters-weico-architects-photo\" src=\"https:\/\/www.europesays.com\/pt\/wp-content\/uploads\/2025\/11\/1762858535_184_xpeng-headquarters-weico-architects_25.jpg\" width=\"640\"\/>\u00a9 Arch-Exist<\/a><a class=\"js-image-size__link lazy-anchor\" href=\"https:\/\/www.archdaily.com.br\/br\/1035760\/sede-xpeng-weico-architects\/69094f38b04b1c6af548712c-xpeng-headquarters-weico-architects-photo\" rel=\"nofollow noopener\" target=\"_blank\"><img decoding=\"async\" alt=\"Sede XPENG \/ weico Architects - Imagem 5 de 29\" data-nr-picture-id=\"69094f38b04b1c6af548712c\" height=\"427\" itemprop=\"image\" loading=\"lazy\" longdesc=\"https:\/\/www.archdaily.com.br\/br\/1035760\/sede-xpeng-weico-architects\/69094f38b04b1c6af548712c-xpeng-headquarters-weico-architects-photo\" src=\"https:\/\/www.europesays.com\/pt\/wp-content\/uploads\/2025\/11\/1762858535_221_xpeng-headquarters-weico-architects_26.jpg\" width=\"640\"\/>\u00a9 Arch-Exist<\/a><\/p>\n<p>O conceito arquitet\u00f4nico foi conclu\u00eddo por Sun Wei e sua equipe da weico architects, com a elabora\u00e7\u00e3o dos documentos de constru\u00e7\u00e3o sendo realizada pela CAPOL International. O projeto utiliza plenamente as condi\u00e7\u00f5es circundantes: dois p\u00e1tios de escrit\u00f3rio fluidos e de grande escala est\u00e3o conectados no centro, e a massa do edif\u00edcio ergue-se de sul a norte em dire\u00e7\u00e3o \u00e0s montanhas distantes, criando um volume simples, fluido e integrado.<\/p>\n<p><a class=\"js-image-size__link lazy-anchor\" href=\"https:\/\/www.archdaily.com.br\/br\/1035760\/sede-xpeng-weico-architects\/69094f3610727b0755840850-xpeng-headquarters-weico-architects-photo\" rel=\"nofollow noopener\" target=\"_blank\"><img decoding=\"async\" alt=\"Sede XPENG \/ weico Architects - Fotografia de Exterior\" data-nr-picture-id=\"69094f3610727b0755840850\" height=\"427\" itemprop=\"image\" loading=\"lazy\" longdesc=\"https:\/\/www.archdaily.com.br\/br\/1035760\/sede-xpeng-weico-architects\/69094f3610727b0755840850-xpeng-headquarters-weico-architects-photo\" src=\"https:\/\/www.europesays.com\/pt\/wp-content\/uploads\/2025\/11\/xpeng-headquarters-weico-architects_7.jpg\" width=\"640\"\/>\u00a9 Arch-Exist<\/a><a class=\"js-image-size__link lazy-anchor\" href=\"https:\/\/www.archdaily.com.br\/br\/1035760\/sede-xpeng-weico-architects\/69094f3a10727b0755840859-xpeng-headquarters-weico-architects-photo\" rel=\"nofollow noopener\" target=\"_blank\"><img decoding=\"async\" alt=\"Sede XPENG \/ weico Architects - Fotografia de Exterior\" data-nr-picture-id=\"69094f3a10727b0755840859\" height=\"427\" itemprop=\"image\" loading=\"lazy\" longdesc=\"https:\/\/www.archdaily.com.br\/br\/1035760\/sede-xpeng-weico-architects\/69094f3a10727b0755840859-xpeng-headquarters-weico-architects-photo\" src=\"https:\/\/www.europesays.com\/pt\/wp-content\/uploads\/2025\/11\/xpeng-headquarters-weico-architects_20.jpg\" width=\"640\"\/>\u00a9 Arch-Exist<\/a><\/p>\n<p>Al\u00e9m das fun\u00e7\u00f5es comuns, como escrit\u00f3rios, recep\u00e7\u00e3o e espa\u00e7os de exposi\u00e7\u00e3o, todo o complexo integra fun\u00e7\u00f5es industriais essenciais, incluindo engenharia automotiva, avalia\u00e7\u00e3o de estilo automotivo interior e exterior, e testes de novos ve\u00edculos. Instala\u00e7\u00f5es relativamente independentes localizadas fora dos edif\u00edcios principais incluem uma loja conceito da XPENG, um centro de confer\u00eancias compartilhado e um local de decolagem e pouso de carros voadores, tornando o complexo geral um verdadeiro hub tecnol\u00f3gico em larga escala com um ecossistema industrial completo. O telhado conta com pain\u00e9is fotovoltaicos verdes, instala\u00e7\u00f5es esportivas, uma plataforma de pouso para aeronaves ao ar livre e paisagens \u00e0 beira d&#8217;\u00e1gua, formando um rico espa\u00e7o aberto integrado \u00e0 cidade.<\/p>\n<p><a class=\"js-image-size__link lazy-anchor\" href=\"https:\/\/www.archdaily.com.br\/br\/1035760\/sede-xpeng-weico-architects\/69094f3510727b075584084d-xpeng-headquarters-weico-architects-photo\" rel=\"nofollow noopener\" target=\"_blank\"><img decoding=\"async\" alt=\"Sede XPENG \/ weico Architects - Fotografia de Exterior\" data-nr-picture-id=\"69094f3510727b075584084d\" height=\"427\" itemprop=\"image\" loading=\"lazy\" longdesc=\"https:\/\/www.archdaily.com.br\/br\/1035760\/sede-xpeng-weico-architects\/69094f3510727b075584084d-xpeng-headquarters-weico-architects-photo\" src=\"https:\/\/www.europesays.com\/pt\/wp-content\/uploads\/2025\/11\/xpeng-headquarters-weico-architects_8.jpg\" width=\"640\"\/>\u00a9 Arch-Exist<\/a><a class=\"js-image-size__link lazy-anchor\" href=\"https:\/\/www.archdaily.com.br\/br\/1035760\/sede-xpeng-weico-architects\/69094f35b04b1c6af5487129-xpeng-headquarters-weico-architects-photo\" rel=\"nofollow noopener\" target=\"_blank\"><img decoding=\"async\" alt=\"Sede XPENG \/ weico Architects - Fotografia de Exterior\" data-nr-picture-id=\"69094f35b04b1c6af5487129\" height=\"427\" itemprop=\"image\" loading=\"lazy\" longdesc=\"https:\/\/www.archdaily.com.br\/br\/1035760\/sede-xpeng-weico-architects\/69094f35b04b1c6af5487129-xpeng-headquarters-weico-architects-photo\" src=\"https:\/\/www.europesays.com\/pt\/wp-content\/uploads\/2025\/11\/xpeng-headquarters-weico-architects_6.jpg\" width=\"640\"\/>\u00a9 Arch-Exist<\/a><\/p>\n<p>A sede da XPENG apresenta um volume maci\u00e7o, enfrenta restri\u00e7\u00f5es ambientais estritas nas proximidades e incorpora fun\u00e7\u00f5es complexas com alta dificuldade t\u00e9cnica. A arquitetura abriga n\u00e3o apenas fun\u00e7\u00f5es padr\u00e3o da sede, mas tamb\u00e9m opera\u00e7\u00f5es industriais centrais altamente seguras. Integra simultaneamente quase 20.000 metros quadrados de instala\u00e7\u00f5es de alimenta\u00e7\u00e3o subterr\u00e2neas, um sistema de transporte abrangente semelhante ao de um aeroporto, e fun\u00e7\u00f5es de exibi\u00e7\u00e3o, vendas e lan\u00e7amento voltadas para diferentes p\u00fablicos. De dentro para fora, representa um novo tipo completamente novo de cluster de edif\u00edcios supercomplexos.\u00a0<\/p>\n<p><a class=\"js-image-size__link lazy-anchor\" href=\"https:\/\/www.archdaily.com.br\/br\/1035760\/sede-xpeng-weico-architects\/69094f3a10727b0755840857-xpeng-headquarters-weico-architects-photo\" rel=\"nofollow noopener\" target=\"_blank\"><img decoding=\"async\" alt=\"Sede XPENG \/ weico Architects - Fotografia de Exterior\" data-nr-picture-id=\"69094f3a10727b0755840857\" height=\"427\" itemprop=\"image\" loading=\"lazy\" longdesc=\"https:\/\/www.archdaily.com.br\/br\/1035760\/sede-xpeng-weico-architects\/69094f3a10727b0755840857-xpeng-headquarters-weico-architects-photo\" src=\"https:\/\/www.europesays.com\/pt\/wp-content\/uploads\/2025\/11\/xpeng-headquarters-weico-architects_19.jpg\" width=\"640\"\/>\u00a9 Arch-Exist<\/a><a class=\"js-image-size__link lazy-anchor\" href=\"https:\/\/www.archdaily.com.br\/br\/1035760\/sede-xpeng-weico-architects\/69094f3a10727b2e3a492abe-xpeng-headquarters-weico-architects-photo\" rel=\"nofollow noopener\" target=\"_blank\"><img decoding=\"async\" alt=\"Sede XPENG \/ weico Architects - Fotografia de Exterior, Vista A\u00e9rea\" data-nr-picture-id=\"69094f3a10727b2e3a492abe\" height=\"427\" itemprop=\"image\" loading=\"lazy\" longdesc=\"https:\/\/www.archdaily.com.br\/br\/1035760\/sede-xpeng-weico-architects\/69094f3a10727b2e3a492abe-xpeng-headquarters-weico-architects-photo\" src=\"https:\/\/www.europesays.com\/pt\/wp-content\/uploads\/2025\/11\/xpeng-headquarters-weico-architects_27.jpg\" width=\"640\"\/>\u00a9 Arch-Exist<\/a><script async src=\"https:\/\/platform.twitter.com\/widgets.js\" charset=\"utf-8\"><\/script><\/p>\n","protected":false},"excerpt":{"rendered":"\u00a9 Arch-Exist \u00c1rea \u00c1rea deste projeto de arquitetura \u00c1rea:\u00a0 360000 m\u00b2 Ano Ano de conclus\u00e3o deste projeto de&hellip;\n","protected":false},"author":2,"featured_media":147812,"comment_status":"","ping_status":"","sticky":false,"template":"","format":"standard","meta":{"footnotes":""},"categories":[144],"tags":[304,18450,207,205,206,203,201,202,204,30864,114,115,32293,32,33],"class_list":{"0":"post-147811","1":"post","2":"type-post","3":"status-publish","4":"format-standard","5":"has-post-thumbnail","7":"category-arte-e-design","8":"tag-arquitetura","9":"tag-arquitetura-de-escritorios","10":"tag-arte","11":"tag-arte-e-design","12":"tag-artedesign","13":"tag-arts","14":"tag-arts-and-design","15":"tag-artsanddesign","16":"tag-design","17":"tag-edificios-de-escritorios","18":"tag-entertainment","19":"tag-entretenimento","20":"tag-guangzhou","21":"tag-portugal","22":"tag-pt"},"share_on_mastodon":{"url":"https:\/\/pubeurope.com\/@pt\/115530703166197267","error":""},"_links":{"self":[{"href":"https:\/\/www.europesays.com\/pt\/wp-json\/wp\/v2\/posts\/147811","targetHints":{"allow":["GET"]}}],"collection":[{"href":"https:\/\/www.europesays.com\/pt\/wp-json\/wp\/v2\/posts"}],"about":[{"href":"https:\/\/www.europesays.com\/pt\/wp-json\/wp\/v2\/types\/post"}],"author":[{"embeddable":true,"href":"https:\/\/www.europesays.com\/pt\/wp-json\/wp\/v2\/users\/2"}],"replies":[{"embeddable":true,"href":"https:\/\/www.europesays.com\/pt\/wp-json\/wp\/v2\/comments?post=147811"}],"version-history":[{"count":0,"href":"https:\/\/www.europesays.com\/pt\/wp-json\/wp\/v2\/posts\/147811\/revisions"}],"wp:featuredmedia":[{"embeddable":true,"href":"https:\/\/www.europesays.com\/pt\/wp-json\/wp\/v2\/media\/147812"}],"wp:attachment":[{"href":"https:\/\/www.europesays.com\/pt\/wp-json\/wp\/v2\/media?parent=147811"}],"wp:term":[{"taxonomy":"category","embeddable":true,"href":"https:\/\/www.europesays.com\/pt\/wp-json\/wp\/v2\/categories?post=147811"},{"taxonomy":"post_tag","embeddable":true,"href":"https:\/\/www.europesays.com\/pt\/wp-json\/wp\/v2\/tags?post=147811"}],"curies":[{"name":"wp","href":"https:\/\/api.w.org\/{rel}","templated":true}]}}