{"id":147825,"date":"2025-11-11T11:06:20","date_gmt":"2025-11-11T11:06:20","guid":{"rendered":"https:\/\/www.europesays.com\/pt\/147825\/"},"modified":"2025-11-11T11:06:20","modified_gmt":"2025-11-11T11:06:20","slug":"vento-e-chuva-intensa-atingem-portugal-continental-esta-semana","status":"publish","type":"post","link":"https:\/\/www.europesays.com\/pt\/147825\/","title":{"rendered":"Vento e Chuva Intensa Atingem Portugal Continental Esta Semana"},"content":{"rendered":"<p>O Instituto Portugu\u00eas do Mar e da Atmosfera (IPMA) prev\u00ea dias de vento, chuva e agita\u00e7\u00e3o mar\u00edtima at\u00e9 ao fim de semana devido \u00e0 depress\u00e3o Claudia, que se dever\u00e1 come\u00e7ar a fazer sentir no Minho no final de ter\u00e7a-feira, 11 de novembro.<\/p>\n<p>Num comunicado divulgado esta segunda-feira, o IPMA diz que a depress\u00e3o vai estender-se depois \u00e0s restantes regi\u00f5es do continente.<\/p>\n<p><strong>Os efeitos da depress\u00e3o, inicialmente com a aproxima\u00e7\u00e3o do sistema frontal associado, v\u00e3o fazer-se sentir em Portugal continental, \u201ca partir do final de dia 11 no Minho, estendendo-se gradualmente \u00e0s restantes regi\u00f5es do continente ao longo do dia 12, e nos dias seguintes, atrav\u00e9s da passagem de sucessivas linhas de instabilidade, pelo menos at\u00e9 ao fim de semana\u201d,<\/strong> avan\u00e7ou o IPMA.<\/p>\n<p>\u201cAssim, prev\u00ea-se ocorr\u00eancia de per\u00edodos de chuva persistente e por vezes forte, em especial nos dias 12 e 13, acompanhada de trovoada. A partir da tarde de dia 13, a precipita\u00e7\u00e3o ocorrer\u00e1 maioritariamente em regime de aguaceiros, por vezes fortes e acompanhados de trovoada\u201d, l\u00ea-se na nota.<\/p>\n<p>Segundo o IPMA, \u201c<strong>os maiores acumulados de precipita\u00e7\u00e3o dever\u00e3o registar-se no litoral Norte e Centro e nas regi\u00f5es montanhosas, podendo at\u00e9 domingo\u201d superar \u201cem alguns locais os 150 mm\u201d.<\/strong><\/p>\n<p>O vento ir\u00e1 intensificar-se do quadrante sul, a partir de ter\u00e7a-feira, \u201ccom rajadas at\u00e9 70 km\/h no Minho, que se ir\u00e3o estender ao restante litoral oeste no dia 12, e at\u00e9 80 km\/h nas terras altas\u201d.<\/p>\n<p>\u201c<strong>O pico de intensidade do vento prev\u00ea-se que seja atingido na quinta-feira\u201d, com rajadas que \u201cpoder\u00e3o atingir valores da ordem de 90 km\/h no litoral e da ordem de 120 km\/h nas terras altas\u201d.<\/strong><\/p>\n<p>Adicionalmente, preveem-se ondas de sudoeste com tr\u00eas a quatro metros, temporariamente com quatro a cinco metros na quinta-feira, \u201cafetando partes da costa habitualmente mais abrigadas, como por exemplo a costa sul do Algarve ou da regi\u00e3o da Arr\u00e1bida\u201d, no distrito de Set\u00fabal.<\/p>\n<p>Devido a estes cen\u00e1rios, <strong>Portugal continental e o arquip\u00e9lago da Madeira v\u00e3o estar sob avisos meteorol\u00f3gicos j\u00e1 a partir desta ter\u00e7a-feira<\/strong>, 11, e pelo menos at\u00e9 ao fim do dia de quinta-feira.<\/p>\n<p><strong>Os distritos de Viana do Castelo e Braga v\u00e3o estar j\u00e1 a partir das 15:00 e at\u00e9 \u00e0s 21:00 de ter\u00e7a sob aviso amarelo por causa da chuva e depois entre as 06:00 de quarta-feira e as 00:00 de sexta-feira<\/strong>, indica o Instituto Portugu\u00eas do Mar e da Atmosfera (IPMA).<\/p>\n<p><strong>O aviso amarelo vai estende-se aos restantes distritos, tamb\u00e9m devido \u00e0 chuva, entre as 06:00 de quarta-feira e as 00:00 de sexta-feira.<\/strong><\/p>\n<p>O IPMA emitiu igualmente <strong>aviso amarelo para os distritos do Porto, Guarda, Faro, Set\u00fabal, Viana do Castelo, Lisboa, Leiria, Beja, Castelo Branco, Aveiro, Coimbra e Braga na quinta-feira devido \u00e0 previs\u00e3o de vento forte com rajadas at\u00e9 80 quil\u00f3metros por hora (km\/h), em especial no litoral, sendo de 90 km\/h nas serras.<\/strong><\/p>\n<p><strong>A agita\u00e7\u00e3o mar\u00edtima tem j\u00e1 a amarelo toda a costa continental e at\u00e9 \u00e0s 15:00 de quarta-feira<\/strong> face \u00e0 forte ondula\u00e7\u00e3o, prevendo-se ondas com 04 a 4,5 metros.<\/p>\n<p><strong>Faro, Set\u00fabal, Lisboa e Beja voltam a estar sob aviso amarelo devido \u00e0 agita\u00e7\u00e3o mar\u00edtima entre as 03:00 de quinta-feira e as 00:00 de sexta-feira.<\/strong><\/p>\n<p>A depress\u00e3o Claudia afeta tamb\u00e9m a Madeira.<\/p>\n<p>A costa sul e as terras montanhosas da ilha da Madeira v\u00e3o estar sob aviso laranja por causa da chuva por vezes forte, persistente e com possibilidade de trovoadas entre as 03:00 e as 09:00 de quarta-feira, passando depois a amarelo at\u00e9 quinta-feira.<\/p>\n<p>A costa norte da ilha da Madeira e o Porto Santo j\u00e1 est\u00e3o a partir das 18:00 de hoje e at\u00e9 quinta-feira a amarelo por causa da chuva forte.<\/p>\n<p>O arquip\u00e9lago da Madeira vai estar tamb\u00e9m sob aviso amarelo devido ao vento forte com rajadas at\u00e9 75 km\/h, podendo atingir os 95 km\/h nas regi\u00f5es montanhosas entre quarta e sexta-feira.<\/p>\n<p>O IPMA emitiu tamb\u00e9m aviso amarelo para a costa norte, Porto Santo e costa sul da Madeira por causa da agita\u00e7\u00e3o mar\u00edtima na quinta e sexta-feira.<\/p>\n<p>De acordo com o Instituto Portugu\u00eas do Mar e da Atmosfera, a depress\u00e3o Claudia, com express\u00e3o em altitude, dever\u00e1 inserir-se \u201cnuma vasta regi\u00e3o depression\u00e1ria complexa sobre o Atl\u00e2ntico Norte e que se prev\u00ea ficar quase estacion\u00e1ria at\u00e9 ao fim de semana\u201d.<\/p>\n","protected":false},"excerpt":{"rendered":"O Instituto Portugu\u00eas do Mar e da Atmosfera (IPMA) prev\u00ea dias de vento, chuva e agita\u00e7\u00e3o mar\u00edtima at\u00e9&hellip;\n","protected":false},"author":2,"featured_media":147826,"comment_status":"","ping_status":"","sticky":false,"template":"","format":"standard","meta":{"footnotes":""},"categories":[10],"tags":[27,28,1531,15,16,14,350,25,26,21,22,8532,12,13,19,20,32,23,24,33,17,18,29,30,31],"class_list":{"0":"post-147825","1":"post","2":"type-post","3":"status-publish","4":"format-standard","5":"has-post-thumbnail","7":"category-portugal","8":"tag-breaking-news","9":"tag-breakingnews","10":"tag-depressao","11":"tag-featured-news","12":"tag-featurednews","13":"tag-headlines","14":"tag-ipma","15":"tag-latest-news","16":"tag-latestnews","17":"tag-main-news","18":"tag-mainnews","19":"tag-mau-tempo","20":"tag-news","21":"tag-noticias","22":"tag-noticias-principais","23":"tag-noticiasprincipais","24":"tag-portugal","25":"tag-principais-noticias","26":"tag-principaisnoticias","27":"tag-pt","28":"tag-top-stories","29":"tag-topstories","30":"tag-ultimas","31":"tag-ultimas-noticias","32":"tag-ultimasnoticias"},"share_on_mastodon":{"url":"https:\/\/pubeurope.com\/@pt\/115530745957567695","error":""},"_links":{"self":[{"href":"https:\/\/www.europesays.com\/pt\/wp-json\/wp\/v2\/posts\/147825","targetHints":{"allow":["GET"]}}],"collection":[{"href":"https:\/\/www.europesays.com\/pt\/wp-json\/wp\/v2\/posts"}],"about":[{"href":"https:\/\/www.europesays.com\/pt\/wp-json\/wp\/v2\/types\/post"}],"author":[{"embeddable":true,"href":"https:\/\/www.europesays.com\/pt\/wp-json\/wp\/v2\/users\/2"}],"replies":[{"embeddable":true,"href":"https:\/\/www.europesays.com\/pt\/wp-json\/wp\/v2\/comments?post=147825"}],"version-history":[{"count":0,"href":"https:\/\/www.europesays.com\/pt\/wp-json\/wp\/v2\/posts\/147825\/revisions"}],"wp:featuredmedia":[{"embeddable":true,"href":"https:\/\/www.europesays.com\/pt\/wp-json\/wp\/v2\/media\/147826"}],"wp:attachment":[{"href":"https:\/\/www.europesays.com\/pt\/wp-json\/wp\/v2\/media?parent=147825"}],"wp:term":[{"taxonomy":"category","embeddable":true,"href":"https:\/\/www.europesays.com\/pt\/wp-json\/wp\/v2\/categories?post=147825"},{"taxonomy":"post_tag","embeddable":true,"href":"https:\/\/www.europesays.com\/pt\/wp-json\/wp\/v2\/tags?post=147825"}],"curies":[{"name":"wp","href":"https:\/\/api.w.org\/{rel}","templated":true}]}}