{"id":147834,"date":"2025-11-11T11:15:16","date_gmt":"2025-11-11T11:15:16","guid":{"rendered":"https:\/\/www.europesays.com\/pt\/147834\/"},"modified":"2025-11-11T11:15:16","modified_gmt":"2025-11-11T11:15:16","slug":"interiorizacao-da-saude-leva-atendimentos-a-comunidade-de-serra-grande","status":"publish","type":"post","link":"https:\/\/www.europesays.com\/pt\/147834\/","title":{"rendered":"Interioriza\u00e7\u00e3o da Sa\u00fade leva atendimentos \u00e0 comunidade de Serra Grande"},"content":{"rendered":"<p><a class=\"gofollow\" data-track=\"NDY5LDUsMSw2MA==\" href=\"https:\/\/linktr.ee\/tomazellieng?fbclid=PAZXh0bgNhZW0CMTEAAacNlCqhRj6aT2iWvZK7Wutns1jYPu-o4wet1ukdFmoGBGW5orz72kZwZlfUSg_aem_5u3dhy1KPiEUAImF-QuH0A\" target=\"_blank\" rel=\"nofollow noopener\"><img decoding=\"async\" src=\"https:\/\/www.europesays.com\/pt\/wp-content\/uploads\/2025\/11\/2.png\"\/><\/a><\/p>\n<p><strong>GRAMADO \u2013<\/strong> No \u00faltimo s\u00e1bado (08), a Prefeitura de Gramado, por meio da Secretaria da Sa\u00fade, realizou mais uma edi\u00e7\u00e3o da Interioriza\u00e7\u00e3o, desta vez na localidade de Serra Grande. Mesmo com o tempo chuvoso, a comunidade compareceu para aproveitar os diversos atendimentos gratuitos disponibilizados no local.<\/p>\n<p>Foram realizados 46 atendimentos na recep\u00e7\u00e3o, al\u00e9m de orienta\u00e7\u00f5es de sa\u00fade bucal e avalia\u00e7\u00e3o multidisciplinar do idoso, que somou cinco atendimentos. Na \u00e1rea m\u00e9dica, o cl\u00ednico geral realizou 22 atendimentos, a ginecologista e o pediatra atenderam 11 pacientes cada. A odontologia tamb\u00e9m esteve presente, com 10 atendimentos realizados.<\/p>\n<p>A a\u00e7\u00e3o tamb\u00e9m contou com a aplica\u00e7\u00e3o de tr\u00eas vacinas, emiss\u00e3o de atestados e outras orienta\u00e7\u00f5es a 10 pessoas, al\u00e9m da realiza\u00e7\u00e3o de 17 testes r\u00e1pidos para ISTs. A farm\u00e1cia atendeu 20 pessoas, com a entrega de 301 unidades de medicamentos.<\/p>\n<p>&#13;<br \/>\n<a class=\"gofollow\" data-track=\"NDQ3LDgsMSw2MA==\" href=\"https:\/\/dguests.com\/mammamiagramado\" target=\"_blank\" rel=\"nofollow noopener\"><img decoding=\"async\" src=\"https:\/\/www.europesays.com\/pt\/wp-content\/uploads\/2025\/10\/Gramado_Banner-noticias_DESK_728x90px.png\"\/><\/a>&#13;<\/p>\n","protected":false},"excerpt":{"rendered":"GRAMADO \u2013 No \u00faltimo s\u00e1bado (08), a Prefeitura de Gramado, por meio da Secretaria da Sa\u00fade, realizou mais&hellip;\n","protected":false},"author":2,"featured_media":147835,"comment_status":"","ping_status":"","sticky":false,"template":"","format":"standard","meta":{"footnotes":""},"categories":[86],"tags":[12750,10259,116,32294,32,33,12751,117,20301],"class_list":{"0":"post-147834","1":"post","2":"type-post","3":"status-publish","4":"format-standard","5":"has-post-thumbnail","7":"category-saude","8":"tag-canela","9":"tag-gramado","10":"tag-health","11":"tag-interiorizacao-da-saude","12":"tag-portugal","13":"tag-pt","14":"tag-regiao-das-hortensias","15":"tag-saude","16":"tag-serra-gaucha"},"share_on_mastodon":{"url":"https:\/\/pubeurope.com\/@pt\/115530781514527133","error":""},"_links":{"self":[{"href":"https:\/\/www.europesays.com\/pt\/wp-json\/wp\/v2\/posts\/147834","targetHints":{"allow":["GET"]}}],"collection":[{"href":"https:\/\/www.europesays.com\/pt\/wp-json\/wp\/v2\/posts"}],"about":[{"href":"https:\/\/www.europesays.com\/pt\/wp-json\/wp\/v2\/types\/post"}],"author":[{"embeddable":true,"href":"https:\/\/www.europesays.com\/pt\/wp-json\/wp\/v2\/users\/2"}],"replies":[{"embeddable":true,"href":"https:\/\/www.europesays.com\/pt\/wp-json\/wp\/v2\/comments?post=147834"}],"version-history":[{"count":0,"href":"https:\/\/www.europesays.com\/pt\/wp-json\/wp\/v2\/posts\/147834\/revisions"}],"wp:featuredmedia":[{"embeddable":true,"href":"https:\/\/www.europesays.com\/pt\/wp-json\/wp\/v2\/media\/147835"}],"wp:attachment":[{"href":"https:\/\/www.europesays.com\/pt\/wp-json\/wp\/v2\/media?parent=147834"}],"wp:term":[{"taxonomy":"category","embeddable":true,"href":"https:\/\/www.europesays.com\/pt\/wp-json\/wp\/v2\/categories?post=147834"},{"taxonomy":"post_tag","embeddable":true,"href":"https:\/\/www.europesays.com\/pt\/wp-json\/wp\/v2\/tags?post=147834"}],"curies":[{"name":"wp","href":"https:\/\/api.w.org\/{rel}","templated":true}]}}