{"id":147846,"date":"2025-11-11T11:26:09","date_gmt":"2025-11-11T11:26:09","guid":{"rendered":"https:\/\/www.europesays.com\/pt\/147846\/"},"modified":"2025-11-11T11:26:09","modified_gmt":"2025-11-11T11:26:09","slug":"fabio-confessa-que-fez-cafune-com-ana-no-quarto-secreto-e-deixa-liliana-em-choque-secret-story","status":"publish","type":"post","link":"https:\/\/www.europesays.com\/pt\/147846\/","title":{"rendered":"F\u00e1bio confessa que fez \u00abcafun\u00e9\u00bb com Ana no quarto secreto e deixa Liliana em choque &#8211; Secret Story"},"content":{"rendered":"<p>No Secret Story 9, F\u00e1bio confessa a Liliana que fez \u00abcafun\u00e9\u00bb (festinhas na cabe\u00e7a) a Ana no quarto secreto e deixa a amiga especial chocada.<\/p>\n<p>Esta semana h\u00e1 cinco concorrentes em risco de abandonar a casa mais vigiada do Pa\u00eds no pr\u00f3ximo domingo.\u00a0<\/p>\n<p><strong>VOTE PARA SALVAR:<\/strong><\/p>\n<p><b>ANA \u2013 761 20 20 01<br \/>ANA CRISTINA \u2013 761 20 20 02<br \/>DYLAN \u2013 761 20 20 07<br \/>LEANDRO \u2013 761 20 20 12<br \/>PEDRO &#8211; 761 20 20 18<\/b><\/p>\n<p><strong>Veja tamb\u00e9m:\u00a0<a href=\"https:\/\/tvi.iol.pt\/secretstory\/inscricoes\/casa-dos-segredos\/e-destemido-e-adora-misterios-inscreva-se-aqui-no-proximo-secret-story\" wbo-id=\"32\" rel=\"nofollow noopener\" target=\"_blank\">\u00c9 destemido e adora mist\u00e9rios? Inscreva-se aqui no pr\u00f3ximo Secret Story<\/a><\/strong><\/p>\n<p><strong><a href=\"https:\/\/tvi.iol.pt\/secretstory\/aominuto\" wbo-id=\"33\" rel=\"nofollow noopener\" target=\"_blank\">Acompanhe tudo o que se passa na casa mais vigiada do Pa\u00eds<\/a><\/strong><\/p>\n","protected":false},"excerpt":{"rendered":"No Secret Story 9, F\u00e1bio confessa a Liliana que fez \u00abcafun\u00e9\u00bb (festinhas na cabe\u00e7a) a Ana no quarto&hellip;\n","protected":false},"author":2,"featured_media":147847,"comment_status":"","ping_status":"","sticky":false,"template":"","format":"standard","meta":{"footnotes":""},"categories":[142],"tags":[6340,32295,114,115,19082,19033,19016,19034,32,33,151,19032],"class_list":{"0":"post-147846","1":"post","2":"type-post","3":"status-publish","4":"format-standard","5":"has-post-thumbnail","7":"category-tv","8":"tag-ana","9":"tag-cafune","10":"tag-entertainment","11":"tag-entretenimento","12":"tag-fabio","13":"tag-galas-em-video","14":"tag-liliana","15":"tag-melhores-momentos-casa-dos-segredos","16":"tag-portugal","17":"tag-pt","18":"tag-tv","19":"tag-videos-secret-story-tvi"},"share_on_mastodon":{"url":"https:\/\/pubeurope.com\/@pt\/115530824753467907","error":""},"_links":{"self":[{"href":"https:\/\/www.europesays.com\/pt\/wp-json\/wp\/v2\/posts\/147846","targetHints":{"allow":["GET"]}}],"collection":[{"href":"https:\/\/www.europesays.com\/pt\/wp-json\/wp\/v2\/posts"}],"about":[{"href":"https:\/\/www.europesays.com\/pt\/wp-json\/wp\/v2\/types\/post"}],"author":[{"embeddable":true,"href":"https:\/\/www.europesays.com\/pt\/wp-json\/wp\/v2\/users\/2"}],"replies":[{"embeddable":true,"href":"https:\/\/www.europesays.com\/pt\/wp-json\/wp\/v2\/comments?post=147846"}],"version-history":[{"count":0,"href":"https:\/\/www.europesays.com\/pt\/wp-json\/wp\/v2\/posts\/147846\/revisions"}],"wp:featuredmedia":[{"embeddable":true,"href":"https:\/\/www.europesays.com\/pt\/wp-json\/wp\/v2\/media\/147847"}],"wp:attachment":[{"href":"https:\/\/www.europesays.com\/pt\/wp-json\/wp\/v2\/media?parent=147846"}],"wp:term":[{"taxonomy":"category","embeddable":true,"href":"https:\/\/www.europesays.com\/pt\/wp-json\/wp\/v2\/categories?post=147846"},{"taxonomy":"post_tag","embeddable":true,"href":"https:\/\/www.europesays.com\/pt\/wp-json\/wp\/v2\/tags?post=147846"}],"curies":[{"name":"wp","href":"https:\/\/api.w.org\/{rel}","templated":true}]}}