{"id":147849,"date":"2025-11-11T11:28:08","date_gmt":"2025-11-11T11:28:08","guid":{"rendered":"https:\/\/www.europesays.com\/pt\/147849\/"},"modified":"2025-11-11T11:28:08","modified_gmt":"2025-11-11T11:28:08","slug":"agora-e-que-godzilla-vai-mesmo-invadir-o-aeroporto-haneda-de-toquio-japao","status":"publish","type":"post","link":"https:\/\/www.europesays.com\/pt\/147849\/","title":{"rendered":"Agora \u00e9 que Godzilla vai mesmo invadir o Aeroporto Haneda de T\u00f3quio | Jap\u00e3o"},"content":{"rendered":"<p>A maior est\u00e1tua interna de Godzilla j\u00e1 constru\u00edda no Jap\u00e3o ser\u00e1 erguida numa instala\u00e7\u00e3o no Aeroporto Haneda, em T\u00f3quio, neste m\u00eas de Dezembro, anunciaram a Toho Co. e os operadores da instala\u00e7\u00e3o.<\/p>\n<p>Com cerca de 40 metros de comprimento e 9 metros de altura, a est\u00e1tua ficar\u00e1 instalada no Terminal 3 do aeroporto por um ano.<\/p>\n<p>O projecto \u00e9 baseado na vers\u00e3o de Godzilla apresentada no filme hom\u00f3nimo de 1954, o primeiro da s\u00e9rie.<\/p>\n<p>A est\u00e1tua colossal ficar\u00e1 posicionada sobre restaurantes e lojas de souvenirs, observando os viajantes e visitantes no \u00e1trio de embarque no terceiro andar.<\/p>\n<p>                &#13;<br \/>\n                    &#13;<br \/>\n                    &#13;<br \/>\n                        Imagem de apresenta\u00e7\u00e3o do projecto Godzilla em Haneda&#13;<br \/>\nHaneda Airport                    &#13;<\/p>\n<p>Uma figura do Godzilla do filme de 2023 &#8220;Godzilla Minus One&#8221; tamb\u00e9m estar\u00e1 em exibi\u00e7\u00e3o no \u00e1trio de chegadas, no segundo andar.<\/p>\n<p>A Toho, a Japan Airport Terminal Co. e a Tokyo International Air Terminal Corp. esperam que o seu projecto conjunto ajude a criar &#8220;experi\u00eancias de viagem memor\u00e1veis&#8221; para os visitantes do Jap\u00e3o.<\/p>\n<p>                &#13;<br \/>\n                    &#13;<br \/>\n                    &#13;<br \/>\n                        Projecto Godzilla em Haneda&#13;<br \/>\n                    &#13;<\/p>\n<p>                &#13;<br \/>\n                    &#13;<br \/>\n                    &#13;<br \/>\n                        Projecto Godzilla em Haneda&#13;<br \/>\n                    &#13;<\/p>\n<p>Godzilla comemorou seu 70\u00ba anivers\u00e1rio em Novembro de 2024. S\u00e3o 71 anos de impon\u00eancia na cultural global.<\/p>\n<p>Al\u00e9m disso, informa o aeroporto, &#8220;imagens do lend\u00e1rio kaiju [criaturas gigantes do imagin\u00e1rio japon\u00eas] ser\u00e3o exibidas acima do balc\u00e3o de informa\u00e7\u00f5es no \u00e1trio de chegadas, no segundo andar&#8221;.<\/p>\n<p>        &#13;<\/p>\n<p>&#13;<br \/>\n                &#13;\n            <\/p>\n<p>&#13;<\/p>\n","protected":false},"excerpt":{"rendered":"A maior est\u00e1tua interna de Godzilla j\u00e1 constru\u00edda no Jap\u00e3o ser\u00e1 erguida numa instala\u00e7\u00e3o no Aeroporto Haneda, em&hellip;\n","protected":false},"author":2,"featured_media":147850,"comment_status":"","ping_status":"","sticky":false,"template":"","format":"standard","meta":{"footnotes":""},"categories":[140],"tags":[1812,114,115,147,148,287,461,146,32,33,20829],"class_list":{"0":"post-147849","1":"post","2":"type-post","3":"status-publish","4":"format-standard","5":"has-post-thumbnail","7":"category-filmes","8":"tag-aeroportos","9":"tag-entertainment","10":"tag-entretenimento","11":"tag-film","12":"tag-filmes","13":"tag-fugas","14":"tag-japao","15":"tag-movies","16":"tag-portugal","17":"tag-pt","18":"tag-toquio"},"share_on_mastodon":{"url":"https:\/\/pubeurope.com\/@pt\/115530832572755496","error":""},"_links":{"self":[{"href":"https:\/\/www.europesays.com\/pt\/wp-json\/wp\/v2\/posts\/147849","targetHints":{"allow":["GET"]}}],"collection":[{"href":"https:\/\/www.europesays.com\/pt\/wp-json\/wp\/v2\/posts"}],"about":[{"href":"https:\/\/www.europesays.com\/pt\/wp-json\/wp\/v2\/types\/post"}],"author":[{"embeddable":true,"href":"https:\/\/www.europesays.com\/pt\/wp-json\/wp\/v2\/users\/2"}],"replies":[{"embeddable":true,"href":"https:\/\/www.europesays.com\/pt\/wp-json\/wp\/v2\/comments?post=147849"}],"version-history":[{"count":0,"href":"https:\/\/www.europesays.com\/pt\/wp-json\/wp\/v2\/posts\/147849\/revisions"}],"wp:featuredmedia":[{"embeddable":true,"href":"https:\/\/www.europesays.com\/pt\/wp-json\/wp\/v2\/media\/147850"}],"wp:attachment":[{"href":"https:\/\/www.europesays.com\/pt\/wp-json\/wp\/v2\/media?parent=147849"}],"wp:term":[{"taxonomy":"category","embeddable":true,"href":"https:\/\/www.europesays.com\/pt\/wp-json\/wp\/v2\/categories?post=147849"},{"taxonomy":"post_tag","embeddable":true,"href":"https:\/\/www.europesays.com\/pt\/wp-json\/wp\/v2\/tags?post=147849"}],"curies":[{"name":"wp","href":"https:\/\/api.w.org\/{rel}","templated":true}]}}