{"id":147851,"date":"2025-11-11T11:29:07","date_gmt":"2025-11-11T11:29:07","guid":{"rendered":"https:\/\/www.europesays.com\/pt\/147851\/"},"modified":"2025-11-11T11:29:07","modified_gmt":"2025-11-11T11:29:07","slug":"momentos-depois-do-benfica-x-casa-pia-mario-branco-ameaca-arbitro","status":"publish","type":"post","link":"https:\/\/www.europesays.com\/pt\/147851\/","title":{"rendered":"Momentos depois do Benfica x Casa Pia: M\u00e1rio Branco amea\u00e7a \u00e1rbitro"},"content":{"rendered":"<p>&#8211; Advertisement &#8211;<\/p>\n<p>M\u00e1rio Branco amea\u00e7ou Gustavo Correio (\u00e1rbitro da partida) no t\u00fanel da Luz, momentos depois do empate entre o Benfica e o Casa Pia. Assim o garante o jornal Record. O diretor geral das \u00e1guias foi expulso no final da partida, com Jos\u00e9 Mourinho a tentar acalmar os \u00e2nimos.<\/p>\n<p>De acordo com a fonte, M\u00e1rio Branco perseguiu o \u00e1rbitro Gustavo Correia at\u00e9 ao t\u00fanel e continuou, num tom intimidat\u00f3rio, com palavras fortes. O delegado da Liga Portugal, que estava presente no Est\u00e1dio da Luz, registou o momento.<\/p>\n<p>Neste momento, o Benfica est\u00e1 em 3.\u00ba lugar da Primeira Liga, com 25 pontos, depois de ter<a href=\"https:\/\/bolanarede.pt\/especial-bola-na-rede\/atualidade\/luz-gelou-benfica-empata-com-casa-pia-ja-nos-descontos\/\" target=\"_blank\" rel=\"noreferrer noopener nofollow\">\u00a0empatado 2-2<\/a>\u00a0com o Casa Pia para a jornada 11. <\/p>\n","protected":false},"excerpt":{"rendered":"&#8211; Advertisement &#8211; M\u00e1rio Branco amea\u00e7ou Gustavo Correio (\u00e1rbitro da partida) no t\u00fanel da Luz, momentos depois do&hellip;\n","protected":false},"author":2,"featured_media":140026,"comment_status":"","ping_status":"","sticky":false,"template":"","format":"standard","meta":{"footnotes":""},"categories":[87],"tags":[260,51,1529,135,478,5021,32,479,33,134],"class_list":{"0":"post-147851","1":"post","2":"type-post","3":"status-publish","4":"format-standard","5":"has-post-thumbnail","7":"category-desporto","8":"tag-atualidade","9":"tag-benfica","10":"tag-casa-pia","11":"tag-desporto","12":"tag-destaques-bnr","13":"tag-mario-branco","14":"tag-portugal","15":"tag-primeira-liga","16":"tag-pt","17":"tag-sports"},"share_on_mastodon":{"url":"https:\/\/pubeurope.com\/@pt\/115530836517211489","error":""},"_links":{"self":[{"href":"https:\/\/www.europesays.com\/pt\/wp-json\/wp\/v2\/posts\/147851","targetHints":{"allow":["GET"]}}],"collection":[{"href":"https:\/\/www.europesays.com\/pt\/wp-json\/wp\/v2\/posts"}],"about":[{"href":"https:\/\/www.europesays.com\/pt\/wp-json\/wp\/v2\/types\/post"}],"author":[{"embeddable":true,"href":"https:\/\/www.europesays.com\/pt\/wp-json\/wp\/v2\/users\/2"}],"replies":[{"embeddable":true,"href":"https:\/\/www.europesays.com\/pt\/wp-json\/wp\/v2\/comments?post=147851"}],"version-history":[{"count":0,"href":"https:\/\/www.europesays.com\/pt\/wp-json\/wp\/v2\/posts\/147851\/revisions"}],"wp:featuredmedia":[{"embeddable":true,"href":"https:\/\/www.europesays.com\/pt\/wp-json\/wp\/v2\/media\/140026"}],"wp:attachment":[{"href":"https:\/\/www.europesays.com\/pt\/wp-json\/wp\/v2\/media?parent=147851"}],"wp:term":[{"taxonomy":"category","embeddable":true,"href":"https:\/\/www.europesays.com\/pt\/wp-json\/wp\/v2\/categories?post=147851"},{"taxonomy":"post_tag","embeddable":true,"href":"https:\/\/www.europesays.com\/pt\/wp-json\/wp\/v2\/tags?post=147851"}],"curies":[{"name":"wp","href":"https:\/\/api.w.org\/{rel}","templated":true}]}}