{"id":147860,"date":"2025-11-11T11:34:09","date_gmt":"2025-11-11T11:34:09","guid":{"rendered":"https:\/\/www.europesays.com\/pt\/147860\/"},"modified":"2025-11-11T11:34:09","modified_gmt":"2025-11-11T11:34:09","slug":"servicos-secretos-russos-denunciam-plano-ucraniano-e-britanico-para-sequestrar-caca-guerra-na-ucrania","status":"publish","type":"post","link":"https:\/\/www.europesays.com\/pt\/147860\/","title":{"rendered":"Servi\u00e7os secretos russos denunciam plano ucraniano e brit\u00e2nico para sequestrar ca\u00e7a | Guerra na Ucr\u00e2nia"},"content":{"rendered":"<p>O Servi\u00e7o Federal de Seguran\u00e7a da Federa\u00e7\u00e3o Russa (FSB) comunicou nesta ter\u00e7a-feira que frustrou um alegado plano da Ucr\u00e2nia e do Reino Unido que tinha como objectivo furtar um avi\u00e3o de guerra russo, equipado com um m\u00edssil hipers\u00f3nico, e conduzi-lo at\u00e9 uma base a\u00e9rea da NATO, na Rom\u00e9nia, para \u201clevar a cabo uma provoca\u00e7\u00e3o em grande escala\u201d.<\/p>\n<p>Citado pela ag\u00eancia noticiosa russa RIA, o gabinete de imprensa do FSB diz que os servi\u00e7os secretos ucranianos, com \u201csupervis\u00e3o\u201d dos brit\u00e2nicos, \u201ctentaram recrutar pilotos russos, oferecendo-lhes tr\u00eas milh\u00f5es de d\u00f3lares\u201d (cerca de 2,6 milh\u00f5es de euros), para \u201csequestrarem um ca\u00e7a supers\u00f3nico russo MiG-31, equipado com um <a href=\"https:\/\/www.publico.pt\/2022\/03\/21\/mundo\/noticia\/sao-misseis-hipersonicos-kinzhal-punhais-manobraveis-invisiveis-russia-usouos-1999592\" target=\"_blank\" rel=\"nofollow noopener\">m\u00edssil hipers\u00f3nico Kinzhal<\/a>, e levarem-no para o estrangeiro\u201d.<\/p>\n<p>\u201cOs servi\u00e7os secretos [ucranianos] planeavam, ent\u00e3o, enviar o ca\u00e7a com o m\u00edssil Kinzhal para a \u00e1rea onde se localiza a maior base a\u00e9rea da NATO, no Sudeste da Europa, na cidade romena de Constan\u00e7a, onde poderia ser abatido pelas suas defesas a\u00e9reas\u201d, denuncia o FSB, assegurando que \u201cas medidas tomadas\u201d pelas secretas russas \u201cfrustraram os planos\u201d.<\/p>\n<p>        &#13;<\/p>\n<p>&#13;<br \/>\n                &#13;\n            <\/p>\n<p>&#13;<\/p>\n<p>Segundo a Reuters, a <a href=\"https:\/\/www.publico.pt\/2024\/03\/26\/mundo\/noticia\/chefe-servicos-secretos-russos-eua-reino-unido-ucrania-estao-detras-ataque-moscovo-2084912\" target=\"_blank\" rel=\"nofollow noopener\">ag\u00eancia russa sucessora do KGB<\/a> sovi\u00e9tico partilhou com a televis\u00e3o estatal RTR imagens de um homem que diz que trabalhava para os servi\u00e7os secretos ucranianos e brit\u00e2nicos, e que enviou mensagens a um piloto russo a oferecer-lhe tr\u00eas milh\u00f5es de d\u00f3lares e cidadania de um pa\u00eds europeu.<\/p>\n<p>Londres e Kiev n\u00e3o reagiram \u00e0s acusa\u00e7\u00f5es dos servi\u00e7os secretos russos.<\/p>\n<p>No final de Setembro, na sequ\u00eancia do abate de drones russos pela Pol\u00f3nia e ap\u00f3s nova incurs\u00e3o de ca\u00e7as russos no espa\u00e7o a\u00e9reo da Est\u00f3nia, Mark Rutte, secret\u00e1rio-geral da NATO, assegurou que, \u201cse necess\u00e1rio\u201d, a Alian\u00e7a Atl\u00e2ntica<a href=\"https:\/\/www.publico.pt\/2025\/09\/23\/mundo\/noticia\/necessario-nato-nao-hesitara-abater-avioes-russos-ceus-alianca-rutte-2148221\" target=\"_blank\" rel=\"nofollow noopener\"> \u201cn\u00e3o hesitar\u00e1\u201d em abater avi\u00f5es<\/a> de guerra da R\u00fassia nos seus c\u00e9us.<\/p>\n<p>Donald Trump, Presidente dos Estados Unidos, tamb\u00e9m <a href=\"https:\/\/www.publico.pt\/2025\/09\/23\/mundo\/noticia\/ucrania-recuperar-territorio-nato-abater-avioes-russos-trump-2148297\" target=\"_blank\" rel=\"nofollow noopener\">respondeu afirmativamente<\/a> a essa possibilidade, depois de um encontro, tamb\u00e9m nesse m\u00eas, com Volodymyr Zelensky, Presidente da Ucr\u00e2nia.<\/p>\n<p>A posi\u00e7\u00e3o da NATO e da Uni\u00e3o Europeia tem sido, por\u00e9m, a de que \u00e9 a Federa\u00e7\u00e3o Russa que est\u00e1 a \u201cprovocar\u201d os pa\u00edses europeus com incurs\u00f5es de ca\u00e7as nos seus espa\u00e7os a\u00e9reos, responsabilizando Moscovo pela escalada da tens\u00e3o no continente.<\/p>\n<p>Esta ter\u00e7a-feira, o Minist\u00e9rio da Defesa da Rom\u00e9nia, Estado-membro da NATO e vizinho da Ucr\u00e2nia, disse ter encontrado fragmentos de drones russos no seu territ\u00f3rio, em Grindu, no Sudeste do pa\u00eds, que ali ter\u00e3o ido parar na sequ\u00eancia do ataque nocturno que a For\u00e7a A\u00e9rea da R\u00fassia levou a cabo contra portos ucranianos no rio Dan\u00fabio.<\/p>\n<p>As For\u00e7as Armadas ucranianas disseram que um ataque russo ocorrido durante a madrugada na regi\u00e3o de Odessa atingiu e danificou infra-estrutura energ\u00e9tica e de transportes.<\/p>\n<p>Por outro lado, afirmaram que atingiram a refinaria russa de Saratov, perto da fronteira com o Cazaquist\u00e3o e um terminal mar\u00edtimo petrol\u00edfero na pen\u00ednsula ucraniana da Crimeia, ocupada pela R\u00fassia desde 2014.<\/p>\n","protected":false},"excerpt":{"rendered":"O Servi\u00e7o Federal de Seguran\u00e7a da Federa\u00e7\u00e3o Russa (FSB) comunicou nesta ter\u00e7a-feira que frustrou um alegado plano da&hellip;\n","protected":false},"author":2,"featured_media":147861,"comment_status":"","ping_status":"","sticky":false,"template":"","format":"standard","meta":{"footnotes":""},"categories":[50],"tags":[27,28,1897,15,16,889,14,25,26,21,22,62,12,13,19,20,23,24,713,17690,839,17,18,840,29,30,31,63,64,65],"class_list":{"0":"post-147860","1":"post","2":"type-post","3":"status-publish","4":"format-standard","5":"has-post-thumbnail","7":"category-mundo","8":"tag-breaking-news","9":"tag-breakingnews","10":"tag-espionagem","11":"tag-featured-news","12":"tag-featurednews","13":"tag-guerra-na-ucrania","14":"tag-headlines","15":"tag-latest-news","16":"tag-latestnews","17":"tag-main-news","18":"tag-mainnews","19":"tag-mundo","20":"tag-news","21":"tag-noticias","22":"tag-noticias-principais","23":"tag-noticiasprincipais","24":"tag-principais-noticias","25":"tag-principaisnoticias","26":"tag-reino-unido","27":"tag-romenia","28":"tag-russia","29":"tag-top-stories","30":"tag-topstories","31":"tag-ucrania","32":"tag-ultimas","33":"tag-ultimas-noticias","34":"tag-ultimasnoticias","35":"tag-world","36":"tag-world-news","37":"tag-worldnews"},"share_on_mastodon":{"url":"","error":"Validation failed: Text character limit of 500 exceeded"},"_links":{"self":[{"href":"https:\/\/www.europesays.com\/pt\/wp-json\/wp\/v2\/posts\/147860","targetHints":{"allow":["GET"]}}],"collection":[{"href":"https:\/\/www.europesays.com\/pt\/wp-json\/wp\/v2\/posts"}],"about":[{"href":"https:\/\/www.europesays.com\/pt\/wp-json\/wp\/v2\/types\/post"}],"author":[{"embeddable":true,"href":"https:\/\/www.europesays.com\/pt\/wp-json\/wp\/v2\/users\/2"}],"replies":[{"embeddable":true,"href":"https:\/\/www.europesays.com\/pt\/wp-json\/wp\/v2\/comments?post=147860"}],"version-history":[{"count":0,"href":"https:\/\/www.europesays.com\/pt\/wp-json\/wp\/v2\/posts\/147860\/revisions"}],"wp:featuredmedia":[{"embeddable":true,"href":"https:\/\/www.europesays.com\/pt\/wp-json\/wp\/v2\/media\/147861"}],"wp:attachment":[{"href":"https:\/\/www.europesays.com\/pt\/wp-json\/wp\/v2\/media?parent=147860"}],"wp:term":[{"taxonomy":"category","embeddable":true,"href":"https:\/\/www.europesays.com\/pt\/wp-json\/wp\/v2\/categories?post=147860"},{"taxonomy":"post_tag","embeddable":true,"href":"https:\/\/www.europesays.com\/pt\/wp-json\/wp\/v2\/tags?post=147860"}],"curies":[{"name":"wp","href":"https:\/\/api.w.org\/{rel}","templated":true}]}}