{"id":147862,"date":"2025-11-11T11:37:10","date_gmt":"2025-11-11T11:37:10","guid":{"rendered":"https:\/\/www.europesays.com\/pt\/147862\/"},"modified":"2025-11-11T11:37:10","modified_gmt":"2025-11-11T11:37:10","slug":"fofura-lore-improta-presenteia-herdeira","status":"publish","type":"post","link":"https:\/\/www.europesays.com\/pt\/147862\/","title":{"rendered":"Fofura: Lore Improta presenteia herdeira"},"content":{"rendered":"<p>A dan\u00e7arina <a href=\"https:\/\/caras.com.br\/tags\/lorena-improta\" rel=\"nofollow noopener\" target=\"_blank\"><strong>Lore Improta<\/strong><\/a> utilizou suas redes sociais nesta segunda-feira, 10. A famosa compartilhou com seus seguidores a rea\u00e7\u00e3o de sua filha mais velha <strong>Liz<\/strong>, fruto de seu relacionamento com o cantor <a href=\"https:\/\/caras.com.br\/tags\/leo-santana\" rel=\"nofollow noopener\" target=\"_blank\"><strong>L\u00e9o Santana<\/strong><\/a>, ao receber um presente.<\/p>\n<p>Em seus stories, a dan\u00e7arina apareceu junto de Liz, acompanhada de uma grande caixa colorida. \u201cO que voc\u00ea queria muito?\u201d, perguntou Lore Improta a pequena herdeira. \u201cUma beb\u00ea reborn\u201d, respondeu a garotinha. Empolgada para abrir o presente, Liz deixou escapar que j\u00e1 havia descoberto a surpresa que sua m\u00e3e faria naquela tarde. \u201cSer\u00e1 que mam\u00e3e achou uma beb\u00ea reborn?\u201d, disse Lore. \u201cSim, eu vi no v\u00eddeo. Uma bem grandona\u201d, respondeu a pequena.<\/p>\n<p>Liz, que j\u00e1 estava animada, se alegrou ainda mais ao receber a nova boneca em seus bra\u00e7os. Ela deixou claro que se apaixonou pelo presente. \u201cEla \u00e9 pesada. Voc\u00ea tem que praticar. Seu irm\u00e3ozinho vai ser desse tamanhozinho, voc\u00ea vai ter que cuidar\u201d, brincou a esposa de L\u00e9o Santana. A mais nova ficou chocada com o qu\u00e3o realista \u00e9 sua nova boneca. \u201cOs c\u00edlios s\u00e3o at\u00e9 de verdade, m\u00e3e\u201d, argumentou a herdeira.<\/p>\n<p>Logo depois, Lore declarou que o presente n\u00e3o tinha chegado ao fim. A surpresa veio acompanhada de acess\u00f3rios para a boneca, como fraldas, roupinhas, um carrinho de boneca e um canguru. \u201cA gente tem que montar o carrinho\u201d, afirmou a artista. \u201cVamos montar agora!\u201d, disse a garotinha empolgada.<\/p>\n<p>Pouco depois, a esposa do cantor compartilhou cenas de Liz animada com o novo presente. \u201cDisse que vai assim para a escola amanh\u00e3 (risos)\u201d, escreveu ela em seus stories. No v\u00eddeo, a pequena vestia o canguru e carregava a boneca, enquanto pulava de alegria.<\/p>\n<p>A artista viajou recentemente para Nova York, nos Estados Unidos, a fim de fazer compras para o enxoval de seu segundo filho.<\/p>\n<p><strong>Leia tamb\u00e9m:\u00a0<\/strong><a href=\"https:\/\/caras.com.br\/bebe\/menina-ou-menino-lore-improta-mostra-ultrassom-de-seu-bebe-e-de-leo-santana.phtml\" rel=\"nofollow noopener\" target=\"_blank\">Menina ou Menino? Lore Improta mostra ultrassom de seu beb\u00ea e de L\u00e9o Santana<\/a><\/p>\n<p>        <a href=\"https:\/\/caras.com.br\/autor\/giovanna-f-campos\" rel=\"nofollow noopener\" target=\"_blank\">&#13;<br \/>\n          <img loading=\"lazy\" decoding=\"async\" alt=\"Giovanna F Campos\" src=\"https:\/\/www.europesays.com\/pt\/wp-content\/uploads\/2025\/09\/1758588909_721_525986578_1657136028311574_5510063872310493577_n-150x150.jpg\" class=\"avatar avatar-115 photo rounded-circle\" height=\"115\" width=\"115\"\/>        <\/a><\/p>\n<p>Giovanna F Campos \u00e9 estudante de jornalismo pela Faculdade C\u00e1sper L\u00edbero, apaixonada por entretenimento e literatura.<\/p>\n","protected":false},"excerpt":{"rendered":"A dan\u00e7arina Lore Improta utilizou suas redes sociais nesta segunda-feira, 10. A famosa compartilhou com seus seguidores a&hellip;\n","protected":false},"author":2,"featured_media":147863,"comment_status":"","ping_status":"","sticky":false,"template":"","format":"standard","meta":{"footnotes":""},"categories":[145],"tags":[211,210,114,115,32298,1041,11499,32,16419,33,5655],"class_list":{"0":"post-147862","1":"post","2":"type-post","3":"status-publish","4":"format-standard","5":"has-post-thumbnail","7":"category-celebridades","8":"tag-celebridades","9":"tag-celebrities","10":"tag-entertainment","11":"tag-entretenimento","12":"tag-filha-lore-improta","13":"tag-gravidez","14":"tag-lore-improta","15":"tag-portugal","16":"tag-presente","17":"tag-pt","18":"tag-surpresa"},"share_on_mastodon":{"url":"https:\/\/pubeurope.com\/@pt\/115530868105431681","error":""},"_links":{"self":[{"href":"https:\/\/www.europesays.com\/pt\/wp-json\/wp\/v2\/posts\/147862","targetHints":{"allow":["GET"]}}],"collection":[{"href":"https:\/\/www.europesays.com\/pt\/wp-json\/wp\/v2\/posts"}],"about":[{"href":"https:\/\/www.europesays.com\/pt\/wp-json\/wp\/v2\/types\/post"}],"author":[{"embeddable":true,"href":"https:\/\/www.europesays.com\/pt\/wp-json\/wp\/v2\/users\/2"}],"replies":[{"embeddable":true,"href":"https:\/\/www.europesays.com\/pt\/wp-json\/wp\/v2\/comments?post=147862"}],"version-history":[{"count":0,"href":"https:\/\/www.europesays.com\/pt\/wp-json\/wp\/v2\/posts\/147862\/revisions"}],"wp:featuredmedia":[{"embeddable":true,"href":"https:\/\/www.europesays.com\/pt\/wp-json\/wp\/v2\/media\/147863"}],"wp:attachment":[{"href":"https:\/\/www.europesays.com\/pt\/wp-json\/wp\/v2\/media?parent=147862"}],"wp:term":[{"taxonomy":"category","embeddable":true,"href":"https:\/\/www.europesays.com\/pt\/wp-json\/wp\/v2\/categories?post=147862"},{"taxonomy":"post_tag","embeddable":true,"href":"https:\/\/www.europesays.com\/pt\/wp-json\/wp\/v2\/tags?post=147862"}],"curies":[{"name":"wp","href":"https:\/\/api.w.org\/{rel}","templated":true}]}}