{"id":147864,"date":"2025-11-11T11:40:09","date_gmt":"2025-11-11T11:40:09","guid":{"rendered":"https:\/\/www.europesays.com\/pt\/147864\/"},"modified":"2025-11-11T11:40:09","modified_gmt":"2025-11-11T11:40:09","slug":"vem-ai-em-terra-forte-descontrolado-sammy-ameaca-maria-de-fatima-novelas","status":"publish","type":"post","link":"https:\/\/www.europesays.com\/pt\/147864\/","title":{"rendered":"Vem a\u00ed em \u00abTerra Forte\u00bb: Descontrolado, Sammy amea\u00e7a Maria de F\u00e1tima &#8211; Novelas"},"content":{"rendered":"<p>Em \u00abTerra Forte\u00bb, <a href=\"https:\/\/tvi.iol.pt\/novelas\/videos\/terra-forte-sammy-fica-sem-chao-ao-descobrir-que-flor-e-a-mae-de-rosinha\/68f7b83e0cf29d28d8297a75\" rel=\"nofollow noopener\" target=\"_blank\">Sammy (Jos\u00e9 Fidalgo)<\/a>\u00a0diz irritado a <a href=\"https:\/\/tvi.iol.pt\/novelas\/videos\/terra-forte-maria-de-fatima-e-manuel-tinham-um-caso\/68f65cdc0cf29d28d82976cb\" rel=\"nofollow noopener\" target=\"_blank\">Maria de F\u00e1tima (Rita Pereira)<\/a> que por mais que ela proteste, o justo \u00e9 ela dar metade da heran\u00e7a da fam\u00edlia a <a href=\"https:\/\/tvi.iol.pt\/novelas\/videos\/terra-forte-no-dia-do-seu-aniversario-flor-recebe-uma-visita-inesperada\/68f65c7a0cf29d28d82976c8\" rel=\"nofollow noopener\" target=\"_blank\">Flor (Benedita Pereira)<\/a>, amea\u00e7ando sair de casa se ela levar avante a ideia de a expulsar. <a href=\"https:\/\/tvi.iol.pt\/novelas\/videos\/terra-forte-maria-de-fatima-e-cobra-sao-cumplices-em-varios-crimes\/6900dcc00cf29d28d82991f2\" rel=\"nofollow noopener\" target=\"_blank\">Cobra (Ricardo Burgos)<\/a>\u00a0diz provocador a Maria de F\u00e1tima que ela est\u00e1 com medo de que Flor e Sammy fiquem juntos, por que diz ser \u00f3bvio que eles gostem um do outro. Maria de F\u00e1tima fica tensa.<\/p>\n<p>Maria de F\u00e1tima suplica a Sammy que n\u00e3o se v\u00e1 embora, admitindo que se excedeu por ter muito receio que ele e Flor possam ter alguma coisa um com o outro. Sammy repisa que Flor tem todo o direito a metade da fortuna da fam\u00edlia. Maria de F\u00e1tima diz a Sammy que vai tratar com que Flor n\u00e3o se v\u00e1 embora, saindo.<\/p>\n<p>De relembrar que, ainda nos A\u00e7ores, Sammy prometeu a Maria de F\u00e1tima ir continuar casado com ela:<\/p>\n","protected":false},"excerpt":{"rendered":"Em \u00abTerra Forte\u00bb, Sammy (Jos\u00e9 Fidalgo)\u00a0diz irritado a Maria de F\u00e1tima (Rita Pereira) que por mais que ela&hellip;\n","protected":false},"author":2,"featured_media":147865,"comment_status":"","ping_status":"","sticky":false,"template":"","format":"standard","meta":{"footnotes":""},"categories":[142],"tags":[160,12623,166,114,115,157,167,164,8598,161,158,165,159,32,33,156,31381,5871,26751,18614,163,151,162],"class_list":{"0":"post-147864","1":"post","2":"type-post","3":"status-publish","4":"format-standard","5":"has-post-thumbnail","7":"category-tv","8":"tag-ana-guiomar","9":"tag-cobra","10":"tag-cristina-ferreira","11":"tag-entertainment","12":"tag-entretenimento","13":"tag-festa-e-festa","14":"tag-ficcao","15":"tag-jose-fidalgo","16":"tag-maria-de-fatima","17":"tag-novelas","18":"tag-para-sempre","19":"tag-pedro-sousa","20":"tag-pedro-teixeira","21":"tag-portugal","22":"tag-pt","23":"tag-queridos-papas","24":"tag-ricardo-burgos","25":"tag-rita-pereira","26":"tag-sammy","27":"tag-terra-forte","28":"tag-tiago-teotonio-pereira","29":"tag-tv","30":"tag-tvi"},"share_on_mastodon":{"url":"https:\/\/pubeurope.com\/@pt\/115530879825318068","error":""},"_links":{"self":[{"href":"https:\/\/www.europesays.com\/pt\/wp-json\/wp\/v2\/posts\/147864","targetHints":{"allow":["GET"]}}],"collection":[{"href":"https:\/\/www.europesays.com\/pt\/wp-json\/wp\/v2\/posts"}],"about":[{"href":"https:\/\/www.europesays.com\/pt\/wp-json\/wp\/v2\/types\/post"}],"author":[{"embeddable":true,"href":"https:\/\/www.europesays.com\/pt\/wp-json\/wp\/v2\/users\/2"}],"replies":[{"embeddable":true,"href":"https:\/\/www.europesays.com\/pt\/wp-json\/wp\/v2\/comments?post=147864"}],"version-history":[{"count":0,"href":"https:\/\/www.europesays.com\/pt\/wp-json\/wp\/v2\/posts\/147864\/revisions"}],"wp:featuredmedia":[{"embeddable":true,"href":"https:\/\/www.europesays.com\/pt\/wp-json\/wp\/v2\/media\/147865"}],"wp:attachment":[{"href":"https:\/\/www.europesays.com\/pt\/wp-json\/wp\/v2\/media?parent=147864"}],"wp:term":[{"taxonomy":"category","embeddable":true,"href":"https:\/\/www.europesays.com\/pt\/wp-json\/wp\/v2\/categories?post=147864"},{"taxonomy":"post_tag","embeddable":true,"href":"https:\/\/www.europesays.com\/pt\/wp-json\/wp\/v2\/tags?post=147864"}],"curies":[{"name":"wp","href":"https:\/\/api.w.org\/{rel}","templated":true}]}}