{"id":147868,"date":"2025-11-11T11:42:20","date_gmt":"2025-11-11T11:42:20","guid":{"rendered":"https:\/\/www.europesays.com\/pt\/147868\/"},"modified":"2025-11-11T11:42:20","modified_gmt":"2025-11-11T11:42:20","slug":"semanas-apos-o-lancamento-nos-cinemas-uma-das-estreias-mais-monstruosas-da-netflix-em-2025-ja-esta-disponivel","status":"publish","type":"post","link":"https:\/\/www.europesays.com\/pt\/147868\/","title":{"rendered":"semanas ap\u00f3s o lan\u00e7amento nos cinemas, uma das estreias mais monstruosas da Netflix em 2025 j\u00e1 est\u00e1 dispon\u00edvel"},"content":{"rendered":"<p>Acaba de chegar \u00e0 Netflix um dos t\u00edtulos mais esperados do ano. Uma adapta\u00e7\u00e3o de um cl\u00e1ssico da literatura de fic\u00e7\u00e3o cient\u00edfica, este filme \u00e9 estrelado por Oscar Isaac e Jacob Elordi, sendo aclamado pela cr\u00edtica ap\u00f3s sua passagem por festivais de cinema e brevemente em cinemas selecionados.<\/p>\n<p>Frankenstein chegou recentemente ao cat\u00e1logo da Netflix<br \/>\n<img decoding=\"async\" alt=\"\" class=\"image screenshot\" src=\"https:\/\/www.europesays.com\/pt\/wp-content\/uploads\/2025\/11\/frankenstein-novo-filme-de-guillermo-del-toro-estreia-no-str_sfwu.jpg\"  viewbox=\"0 0 16 9\"\/><br \/>\n(reprodu\u00e7\u00e3o\/netflix)<\/p>\n<p>Frankenstein estreou no Festival de Cinema de Veneza, onde o <a href=\"https:\/\/www.hollywoodreporter.com\/movies\/movie-reviews\/frankenstein-review-oscar-isaac-jacob-elordi-netflix-1236351926\/\" rel=\"noopener nofollow\" target=\"_blank\">The Hollywood Reporter<\/a> o chamou de &#8220;um dos melhores de Guillermo del Toro&#8221;, celebrando sua escala narrativa \u00e9pica sobre a rara beleza, sentimentos e arte que envolve fazer algo.<\/p>\n<p>Ap\u00f3s a passagem por festivais, o filme ficou dispon\u00edvel nos cinemas, onde diversos cin\u00e9filos deram suas opini\u00f5es nas redes sociais. Uma das rea\u00e7\u00f5es mais populares foi <a href=\"https:\/\/x.com\/DropoutJacob\/status\/1982166437952164191\" rel=\"noopener nofollow\" target=\"_blank\">de @DropoutJacob<\/a>, que escreveu que o filme era &#8220;uma adapta\u00e7\u00e3o perfeita que excede meus sonhos e esperan\u00e7as mais loucos. A est\u00e9tica visual de Guillermo del Toro se encaixa perfeitamente com uma hist\u00f3ria cl\u00e1ssica.&#8221;<\/p>\n<p>Cr\u00edticos celebram as atua\u00e7\u00f5es de Oscar Isaac e Jacob Elordi<br \/>\n<img decoding=\"async\" alt=\"\" class=\"image screenshot\" src=\"https:\/\/www.europesays.com\/pt\/wp-content\/uploads\/2025\/11\/frankenstein-de-guillermo-del-toro-una-obra-maestr-frankenst_ruqq.jpg\"  viewbox=\"0 0 16 9\"\/><br \/>\n(reprodu\u00e7\u00e3o\/netflix)<\/p>\n<p>A Variety e o <a href=\"https:\/\/deadline.com\/2025\/08\/frankenstein-review-guillermo-del-toro-1236500792\/\" rel=\"noopener nofollow\" target=\"_blank\">Deadline<\/a> concordaram que a atua\u00e7\u00e3o de Elordi como a Criatura \u00e9 uma das partes mais emocionais e especiais do filme, assim como a de Isaac, cujo &#8220;alcance emocional fornece uma performance comovente sobre um filho traumatizado que tenta se tornar Deus e, por sua vez, cria seu pr\u00f3prio filho no laborat\u00f3rio&#8221;.<\/p>\n<p>Se voc\u00ea n\u00e3o teve a oportunidade de ver o projeto mais recente do cineasta mexicano nas telonas, agora voc\u00ea pode desfrutar desta adapta\u00e7\u00e3o cinematogr\u00e1fica no conforto da sua casa atrav\u00e9s do cat\u00e1logo da Netflix. O filme est\u00e1 dispon\u00edvel desde a madrugada de sexta-feira, 7 de novembro.<\/p>\n<p>Mat\u00e9ria traduzida do site parceiro <a href=\"https:\/\/www.sensacine.com.mx\/amp\/noticias\/noticia-1000174345\/\" rel=\"noopener nofollow\" target=\"_blank\">Sensacine<\/a>*<\/p>\n<p>Inscreva-se no canal do<strong> IGN Brasil <\/strong>no <a href=\"https:\/\/www.youtube.com\/c\/ignbrasil\" rel=\"noopener nofollow\" target=\"_blank\">Youtube<\/a> e visite as nossas p\u00e1ginas no <a href=\"https:\/\/www.facebook.com\/ignbrasil\/\" rel=\"noopener nofollow\" target=\"_blank\">Facebook<\/a>, <a href=\"https:\/\/twitter.com\/IGNBrasil\" rel=\"noopener nofollow\" target=\"_blank\">Twitter<\/a>, <a href=\"https:\/\/www.instagram.com\/ignbrasil\/\" rel=\"noopener nofollow\" target=\"_blank\">Instagram<\/a> e <a href=\"https:\/\/www.twitch.tv\/ignbrasil\" rel=\"noopener nofollow\" target=\"_blank\">Twitch<\/a>!| Siga B\u00e1rbara Castro no <a href=\"https:\/\/www.instagram.com\/babs_cg\/\" rel=\"noopener nofollow\" target=\"_blank\">Instagram<\/a>!<\/p>\n<p>                <script async src=\"https:\/\/platform.twitter.com\/widgets.js\" charset=\"utf-8\"><\/script><script async src=\"\/\/www.instagram.com\/embed.js\"><\/script><\/p>\n","protected":false},"excerpt":{"rendered":"Acaba de chegar \u00e0 Netflix um dos t\u00edtulos mais esperados do ano. Uma adapta\u00e7\u00e3o de um cl\u00e1ssico da&hellip;\n","protected":false},"author":2,"featured_media":147869,"comment_status":"","ping_status":"","sticky":false,"template":"","format":"standard","meta":{"footnotes":""},"categories":[140],"tags":[114,115,147,148,146,32,33],"class_list":{"0":"post-147868","1":"post","2":"type-post","3":"status-publish","4":"format-standard","5":"has-post-thumbnail","7":"category-filmes","8":"tag-entertainment","9":"tag-entretenimento","10":"tag-film","11":"tag-filmes","12":"tag-movies","13":"tag-portugal","14":"tag-pt"},"share_on_mastodon":{"url":"https:\/\/pubeurope.com\/@pt\/115530887967632744","error":""},"_links":{"self":[{"href":"https:\/\/www.europesays.com\/pt\/wp-json\/wp\/v2\/posts\/147868","targetHints":{"allow":["GET"]}}],"collection":[{"href":"https:\/\/www.europesays.com\/pt\/wp-json\/wp\/v2\/posts"}],"about":[{"href":"https:\/\/www.europesays.com\/pt\/wp-json\/wp\/v2\/types\/post"}],"author":[{"embeddable":true,"href":"https:\/\/www.europesays.com\/pt\/wp-json\/wp\/v2\/users\/2"}],"replies":[{"embeddable":true,"href":"https:\/\/www.europesays.com\/pt\/wp-json\/wp\/v2\/comments?post=147868"}],"version-history":[{"count":0,"href":"https:\/\/www.europesays.com\/pt\/wp-json\/wp\/v2\/posts\/147868\/revisions"}],"wp:featuredmedia":[{"embeddable":true,"href":"https:\/\/www.europesays.com\/pt\/wp-json\/wp\/v2\/media\/147869"}],"wp:attachment":[{"href":"https:\/\/www.europesays.com\/pt\/wp-json\/wp\/v2\/media?parent=147868"}],"wp:term":[{"taxonomy":"category","embeddable":true,"href":"https:\/\/www.europesays.com\/pt\/wp-json\/wp\/v2\/categories?post=147868"},{"taxonomy":"post_tag","embeddable":true,"href":"https:\/\/www.europesays.com\/pt\/wp-json\/wp\/v2\/tags?post=147868"}],"curies":[{"name":"wp","href":"https:\/\/api.w.org\/{rel}","templated":true}]}}