{"id":147878,"date":"2025-11-11T11:47:30","date_gmt":"2025-11-11T11:47:30","guid":{"rendered":"https:\/\/www.europesays.com\/pt\/147878\/"},"modified":"2025-11-11T11:47:30","modified_gmt":"2025-11-11T11:47:30","slug":"aceite-pedido-de-novo-adiamento-para-entrega-de-proposta-para-privatizacao-da-azores-airlines","status":"publish","type":"post","link":"https:\/\/www.europesays.com\/pt\/147878\/","title":{"rendered":"Aceite pedido de novo adiamento para entrega de proposta para privatiza\u00e7\u00e3o da Azores Airlines"},"content":{"rendered":"<p>O j\u00fari do concurso para privatiza\u00e7\u00e3o da Azores Airlines tinha estabelecido, hoje, dia 10 de novembro, como o prazo final para a apresenta\u00e7\u00e3o de uma proposta formal e vinculativa pelo cons\u00f3rcio selecionado. Ao que foi poss\u00edvel apurar pelo A\u00e7oriano Oriental, e depois do pedido de adiamento ter sido avaliado durante o dia de hoje, foi aceite.<\/p>\n<p>Depois de um compasso de espera pela decis\u00e3o do J\u00fari e conselho de administra\u00e7\u00e3o quanto ao pedido do cons\u00f3rcio para disponibilizar aos sindicatos informa\u00e7\u00e3o classificada como confidencial, o cons\u00f3rcio realizou, nos \u00faltimos dias, reuni\u00f5es com a Comiss\u00e3o de Trabalhadores da Azores Airlines e com o Sindicato dos Pilotos da Avia\u00e7\u00e3o Civil (SPAC), com o objetivo de decidir se teria condi\u00e7\u00f5es de apresentar uma proposta formal.\u00a0<\/p>\n<p>No domingo, o&#13;<br \/>\n\tSPAC revelou que a Assembleia&#13;<br \/>\nde Empresa da Azores Airlines aprovou, com 75% dos votos, o acordo&#13;<br \/>\nnegociado entre a dire\u00e7\u00e3o do SPAC, em coordena\u00e7\u00e3o com a Comiss\u00e3o&#13;<br \/>\nde Empresa SPAC\/Azores Airlines, e o Cons\u00f3rcio Newtour\/MS Aviation.\u00a0&#13;<br \/>\nUm acordo que, segundo o comunicado do SPAC, \u201cassegura a prote\u00e7\u00e3o integral dos postos de trabalho e a intangibilidade da remunera\u00e7\u00e3o base e dos \u2018per diems\u2019 dos pilotos\u201d.&#13;<br \/>\n&#13;\n<\/p>\n<p>A Comiss\u00e3o de Trabalhadores tamb\u00e9m j\u00e1 tinha revelado que, no \u00e2mbito das reuni\u00f5es com o cons\u00f3rcio, a larga maioria dos cerca de 300 funcion\u00e1rios da companhia a\u00e9rea regional mostraram-se favor\u00e1veis \u00e0 privatiza\u00e7\u00e3o da empresa.<\/p>\n<p>O cons\u00f3rcio tem afirmado que\u00a0est\u00e1 empenhado em apresentar uma \u201csolu\u00e7\u00e3o s\u00f3lida\u201d.<\/p>\n<p>&#13;<br \/>\nEm junho de 2022, a Comiss\u00e3o Europeia aprovou uma ajuda estatal &#13;<br \/>\nportuguesa para apoio \u00e0 reestrutura\u00e7\u00e3o da companhia a\u00e9rea de 453,25 &#13;<br \/>\nmilh\u00f5es de euros em empr\u00e9stimos e garantias estatais, prevendo medidas &#13;<br \/>\ncomo uma reorganiza\u00e7\u00e3o da estrutura e o desinvestimento de uma &#13;<br \/>\nparticipa\u00e7\u00e3o de controlo (51%).&#13;<br \/>\n&#13;<br \/><\/p>\n","protected":false},"excerpt":{"rendered":"O j\u00fari do concurso para privatiza\u00e7\u00e3o da Azores Airlines tinha estabelecido, hoje, dia 10 de novembro, como o&hellip;\n","protected":false},"author":2,"featured_media":120525,"comment_status":"","ping_status":"","sticky":false,"template":"","format":"standard","meta":{"footnotes":""},"categories":[83],"tags":[88,89,90,32,33],"class_list":{"0":"post-147878","1":"post","2":"type-post","3":"status-publish","4":"format-standard","5":"has-post-thumbnail","7":"category-empresas","8":"tag-business","9":"tag-economy","10":"tag-empresas","11":"tag-portugal","12":"tag-pt"},"share_on_mastodon":{"url":"https:\/\/pubeurope.com\/@pt\/115530907301275324","error":""},"_links":{"self":[{"href":"https:\/\/www.europesays.com\/pt\/wp-json\/wp\/v2\/posts\/147878","targetHints":{"allow":["GET"]}}],"collection":[{"href":"https:\/\/www.europesays.com\/pt\/wp-json\/wp\/v2\/posts"}],"about":[{"href":"https:\/\/www.europesays.com\/pt\/wp-json\/wp\/v2\/types\/post"}],"author":[{"embeddable":true,"href":"https:\/\/www.europesays.com\/pt\/wp-json\/wp\/v2\/users\/2"}],"replies":[{"embeddable":true,"href":"https:\/\/www.europesays.com\/pt\/wp-json\/wp\/v2\/comments?post=147878"}],"version-history":[{"count":0,"href":"https:\/\/www.europesays.com\/pt\/wp-json\/wp\/v2\/posts\/147878\/revisions"}],"wp:featuredmedia":[{"embeddable":true,"href":"https:\/\/www.europesays.com\/pt\/wp-json\/wp\/v2\/media\/120525"}],"wp:attachment":[{"href":"https:\/\/www.europesays.com\/pt\/wp-json\/wp\/v2\/media?parent=147878"}],"wp:term":[{"taxonomy":"category","embeddable":true,"href":"https:\/\/www.europesays.com\/pt\/wp-json\/wp\/v2\/categories?post=147878"},{"taxonomy":"post_tag","embeddable":true,"href":"https:\/\/www.europesays.com\/pt\/wp-json\/wp\/v2\/tags?post=147878"}],"curies":[{"name":"wp","href":"https:\/\/api.w.org\/{rel}","templated":true}]}}